{"id":22163,"date":"2018-09-12T11:11:00","date_gmt":"2018-09-12T14:11:00","guid":{"rendered":""},"modified":"2019-06-05T12:38:10","modified_gmt":"2019-06-05T15:38:10","slug":"local-da-rescis-o","status":"publish","type":"post","link":"https:\/\/www.sinpro-rio.org.br\/principal\/local-da-rescis-o\/","title":{"rendered":"Local da Rescis\u00e3o"},"content":{"rendered":"<p>A rescis\u00e3o do contrato do professor com mais de um ano de servi\u00e7o, para que tenha validade legal, deve ser feita no Sinpro-Rio. \u00c9 o que se chama homologa\u00e7\u00e3o.<\/p>\n<p>Denuncie imediatamente homologa\u00e7\u00f5es de rescis\u00f5es de contrato de professores, com mais de um ano de casa, realizadas no pr\u00f3prio estabelecimento empregador, mesmo que o empregador alegue que a homologa\u00e7\u00e3o ser\u00e1 feita na presen\u00e7a de um representante do Minist\u00e9rio do Trabalho.<\/p>\n<p>Na homologa\u00e7\u00e3o, verifica-se se as indeniza\u00e7\u00f5es est\u00e3o sendo corretamente pagas. Quando constatam-se irregularidades, dependendo da gravidade da les\u00e3o verificada, poder\u00e1 ser liberado o pagamento das indeniza\u00e7\u00f5es. Quando \u00e9 feito o pagamento, faz-se uma ressalva no pr\u00f3prio recibo sobre as irregularidades constatadas.<\/p>\n<p>Quando n\u00e3o for poss\u00edvel detectar o n\u00e3o cumprimento de um direito ou garantia trabalhista do professor, por falta de informa\u00e7\u00e3o, no momento da rescis\u00e3o, ainda assim caber\u00e1 demanda judicial posteriormente.<\/p>\n","protected":false},"excerpt":{"rendered":"<p>A rescis\u00e3o do contrato do professor com mais de um ano de servi\u00e7o, para que tenha validade legal, deve ser feita no Sinpro-Rio. \u00c9 o que se chama homologa\u00e7\u00e3o. Denuncie imediatamente homologa\u00e7\u00f5es de rescis\u00f5es de contrato de professores, com mais de um ano de casa, realizadas no pr\u00f3prio estabelecimento empregador, mesmo que o empregador alegue [&hellip;]<\/p>\n","protected":false},"author":1,"featured_media":25451,"comment_status":"closed","ping_status":"open","sticky":false,"template":"","format":"standard","meta":{"footnotes":""},"categories":[26],"tags":[],"class_list":["post-22163","post","type-post","status-publish","format-standard","has-post-thumbnail","hentry","category-direito-do-professor"],"yoast_head":"<!-- This site is optimized with the Yoast SEO plugin v25.7 - https:\/\/yoast.com\/wordpress\/plugins\/seo\/ -->\n<title>Local da Rescis\u00e3o - Sinpro-Rio<\/title>\n<meta name=\"robots\" content=\"index, follow, max-snippet:-1, max-image-preview:large, max-video-preview:-1\" \/>\n<link rel=\"canonical\" href=\"https:\/\/www.sinpro-rio.org.br\/principal\/local-da-rescis-o\/\" \/>\n<meta property=\"og:locale\" content=\"pt_BR\" \/>\n<meta property=\"og:type\" content=\"article\" \/>\n<meta property=\"og:title\" content=\"Local da Rescis\u00e3o - Sinpro-Rio\" \/>\n<meta property=\"og:description\" content=\"A rescis\u00e3o do contrato do professor com mais de um ano de servi\u00e7o, para que tenha validade legal, deve ser feita no Sinpro-Rio. \u00c9 o que se chama homologa\u00e7\u00e3o. Denuncie imediatamente homologa\u00e7\u00f5es de rescis\u00f5es de contrato de professores, com mais de um ano de casa, realizadas no pr\u00f3prio estabelecimento empregador, mesmo que o empregador alegue [&hellip;]\" \/>\n<meta property=\"og:url\" content=\"https:\/\/www.sinpro-rio.org.br\/principal\/local-da-rescis-o\/\" \/>\n<meta property=\"og:site_name\" content=\"Sinpro-Rio\" \/>\n<meta property=\"article:published_time\" content=\"2018-09-12T14:11:00+00:00\" \/>\n<meta property=\"article:modified_time\" content=\"2019-06-05T15:38:10+00:00\" \/>\n<meta property=\"og:image\" content=\"https:\/\/www.sinpro-rio.org.br\/principal\/wp-content\/uploads\/2018\/09\/5941a2e2a6a16-733x458_rescis_o_de_contrato_1.jpg\" \/>\n\t<meta property=\"og:image:width\" content=\"733\" \/>\n\t<meta property=\"og:image:height\" content=\"458\" \/>\n\t<meta property=\"og:image:type\" content=\"image\/jpeg\" \/>\n<meta name=\"author\" content=\"rafaelrjp\" \/>\n<meta name=\"twitter:card\" content=\"summary_large_image\" \/>\n<meta name=\"twitter:label1\" content=\"Escrito por\" \/>\n\t<meta name=\"twitter:data1\" content=\"rafaelrjp\" \/>\n\t<meta name=\"twitter:label2\" content=\"Est. tempo de leitura\" \/>\n\t<meta name=\"twitter:data2\" content=\"1 minuto\" \/>\n<script type=\"application\/ld+json\" class=\"yoast-schema-graph\">{\"@context\":\"https:\/\/schema.org\",\"@graph\":[{\"@type\":\"WebPage\",\"@id\":\"https:\/\/www.sinpro-rio.org.br\/principal\/local-da-rescis-o\/\",\"url\":\"https:\/\/www.sinpro-rio.org.br\/principal\/local-da-rescis-o\/\",\"name\":\"Local da Rescis\u00e3o - Sinpro-Rio\",\"isPartOf\":{\"@id\":\"https:\/\/www.sinpro-rio.org.br\/principal\/#website\"},\"primaryImageOfPage\":{\"@id\":\"https:\/\/www.sinpro-rio.org.br\/principal\/local-da-rescis-o\/#primaryimage\"},\"image\":{\"@id\":\"https:\/\/www.sinpro-rio.org.br\/principal\/local-da-rescis-o\/#primaryimage\"},\"thumbnailUrl\":\"https:\/\/www.sinpro-rio.org.br\/principal\/wp-content\/uploads\/2018\/09\/5941a2e2a6a16-733x458_rescis_o_de_contrato_1.jpg\",\"datePublished\":\"2018-09-12T14:11:00+00:00\",\"dateModified\":\"2019-06-05T15:38:10+00:00\",\"author\":{\"@id\":\"https:\/\/www.sinpro-rio.org.br\/principal\/#\/schema\/person\/49feb585a2f57a31a6bd9f16f78e5be6\"},\"breadcrumb\":{\"@id\":\"https:\/\/www.sinpro-rio.org.br\/principal\/local-da-rescis-o\/#breadcrumb\"},\"inLanguage\":\"pt-BR\",\"potentialAction\":[{\"@type\":\"ReadAction\",\"target\":[\"https:\/\/www.sinpro-rio.org.br\/principal\/local-da-rescis-o\/\"]}]},{\"@type\":\"ImageObject\",\"inLanguage\":\"pt-BR\",\"@id\":\"https:\/\/www.sinpro-rio.org.br\/principal\/local-da-rescis-o\/#primaryimage\",\"url\":\"https:\/\/www.sinpro-rio.org.br\/principal\/wp-content\/uploads\/2018\/09\/5941a2e2a6a16-733x458_rescis_o_de_contrato_1.jpg\",\"contentUrl\":\"https:\/\/www.sinpro-rio.org.br\/principal\/wp-content\/uploads\/2018\/09\/5941a2e2a6a16-733x458_rescis_o_de_contrato_1.jpg\",\"width\":733,\"height\":458},{\"@type\":\"BreadcrumbList\",\"@id\":\"https:\/\/www.sinpro-rio.org.br\/principal\/local-da-rescis-o\/#breadcrumb\",\"itemListElement\":[{\"@type\":\"ListItem\",\"position\":1,\"name\":\"In\u00edcio\",\"item\":\"https:\/\/www.sinpro-rio.org.br\/principal\/\"},{\"@type\":\"ListItem\",\"position\":2,\"name\":\"Local da Rescis\u00e3o\"}]},{\"@type\":\"WebSite\",\"@id\":\"https:\/\/www.sinpro-rio.org.br\/principal\/#website\",\"url\":\"https:\/\/www.sinpro-rio.org.br\/principal\/\",\"name\":\"Sinpro-Rio\",\"description\":\"Sindicato dos Professores do Munic\u00edpio do Rio de Janeiro e Regi\u00e3o\",\"potentialAction\":[{\"@type\":\"SearchAction\",\"target\":{\"@type\":\"EntryPoint\",\"urlTemplate\":\"https:\/\/www.sinpro-rio.org.br\/principal\/?s={search_term_string}\"},\"query-input\":{\"@type\":\"PropertyValueSpecification\",\"valueRequired\":true,\"valueName\":\"search_term_string\"}}],\"inLanguage\":\"pt-BR\"},{\"@type\":\"Person\",\"@id\":\"https:\/\/www.sinpro-rio.org.br\/principal\/#\/schema\/person\/49feb585a2f57a31a6bd9f16f78e5be6\",\"name\":\"rafaelrjp\",\"image\":{\"@type\":\"ImageObject\",\"inLanguage\":\"pt-BR\",\"@id\":\"https:\/\/www.sinpro-rio.org.br\/principal\/#\/schema\/person\/image\/\",\"url\":\"https:\/\/secure.gravatar.com\/avatar\/489371a0ba4655c340b519882c68cf68?s=96&d=mm&r=g\",\"contentUrl\":\"https:\/\/secure.gravatar.com\/avatar\/489371a0ba4655c340b519882c68cf68?s=96&d=mm&r=g\",\"caption\":\"rafaelrjp\"},\"url\":\"https:\/\/www.sinpro-rio.org.br\/principal\/author\/rafaelrjp\/\"}]}<\/script>\n<!-- \/ Yoast SEO plugin. -->","yoast_head_json":{"title":"Local da Rescis\u00e3o - Sinpro-Rio","robots":{"index":"index","follow":"follow","max-snippet":"max-snippet:-1","max-image-preview":"max-image-preview:large","max-video-preview":"max-video-preview:-1"},"canonical":"https:\/\/www.sinpro-rio.org.br\/principal\/local-da-rescis-o\/","og_locale":"pt_BR","og_type":"article","og_title":"Local da Rescis\u00e3o - Sinpro-Rio","og_description":"A rescis\u00e3o do contrato do professor com mais de um ano de servi\u00e7o, para que tenha validade legal, deve ser feita no Sinpro-Rio. \u00c9 o que se chama homologa\u00e7\u00e3o. Denuncie imediatamente homologa\u00e7\u00f5es de rescis\u00f5es de contrato de professores, com mais de um ano de casa, realizadas no pr\u00f3prio estabelecimento empregador, mesmo que o empregador alegue [&hellip;]","og_url":"https:\/\/www.sinpro-rio.org.br\/principal\/local-da-rescis-o\/","og_site_name":"Sinpro-Rio","article_published_time":"2018-09-12T14:11:00+00:00","article_modified_time":"2019-06-05T15:38:10+00:00","og_image":[{"width":733,"height":458,"url":"https:\/\/www.sinpro-rio.org.br\/principal\/wp-content\/uploads\/2018\/09\/5941a2e2a6a16-733x458_rescis_o_de_contrato_1.jpg","type":"image\/jpeg"}],"author":"rafaelrjp","twitter_card":"summary_large_image","twitter_misc":{"Escrito por":"rafaelrjp","Est. tempo de leitura":"1 minuto"},"schema":{"@context":"https:\/\/schema.org","@graph":[{"@type":"WebPage","@id":"https:\/\/www.sinpro-rio.org.br\/principal\/local-da-rescis-o\/","url":"https:\/\/www.sinpro-rio.org.br\/principal\/local-da-rescis-o\/","name":"Local da Rescis\u00e3o - Sinpro-Rio","isPartOf":{"@id":"https:\/\/www.sinpro-rio.org.br\/principal\/#website"},"primaryImageOfPage":{"@id":"https:\/\/www.sinpro-rio.org.br\/principal\/local-da-rescis-o\/#primaryimage"},"image":{"@id":"https:\/\/www.sinpro-rio.org.br\/principal\/local-da-rescis-o\/#primaryimage"},"thumbnailUrl":"https:\/\/www.sinpro-rio.org.br\/principal\/wp-content\/uploads\/2018\/09\/5941a2e2a6a16-733x458_rescis_o_de_contrato_1.jpg","datePublished":"2018-09-12T14:11:00+00:00","dateModified":"2019-06-05T15:38:10+00:00","author":{"@id":"https:\/\/www.sinpro-rio.org.br\/principal\/#\/schema\/person\/49feb585a2f57a31a6bd9f16f78e5be6"},"breadcrumb":{"@id":"https:\/\/www.sinpro-rio.org.br\/principal\/local-da-rescis-o\/#breadcrumb"},"inLanguage":"pt-BR","potentialAction":[{"@type":"ReadAction","target":["https:\/\/www.sinpro-rio.org.br\/principal\/local-da-rescis-o\/"]}]},{"@type":"ImageObject","inLanguage":"pt-BR","@id":"https:\/\/www.sinpro-rio.org.br\/principal\/local-da-rescis-o\/#primaryimage","url":"https:\/\/www.sinpro-rio.org.br\/principal\/wp-content\/uploads\/2018\/09\/5941a2e2a6a16-733x458_rescis_o_de_contrato_1.jpg","contentUrl":"https:\/\/www.sinpro-rio.org.br\/principal\/wp-content\/uploads\/2018\/09\/5941a2e2a6a16-733x458_rescis_o_de_contrato_1.jpg","width":733,"height":458},{"@type":"BreadcrumbList","@id":"https:\/\/www.sinpro-rio.org.br\/principal\/local-da-rescis-o\/#breadcrumb","itemListElement":[{"@type":"ListItem","position":1,"name":"In\u00edcio","item":"https:\/\/www.sinpro-rio.org.br\/principal\/"},{"@type":"ListItem","position":2,"name":"Local da Rescis\u00e3o"}]},{"@type":"WebSite","@id":"https:\/\/www.sinpro-rio.org.br\/principal\/#website","url":"https:\/\/www.sinpro-rio.org.br\/principal\/","name":"Sinpro-Rio","description":"Sindicato dos Professores do Munic\u00edpio do Rio de Janeiro e Regi\u00e3o","potentialAction":[{"@type":"SearchAction","target":{"@type":"EntryPoint","urlTemplate":"https:\/\/www.sinpro-rio.org.br\/principal\/?s={search_term_string}"},"query-input":{"@type":"PropertyValueSpecification","valueRequired":true,"valueName":"search_term_string"}}],"inLanguage":"pt-BR"},{"@type":"Person","@id":"https:\/\/www.sinpro-rio.org.br\/principal\/#\/schema\/person\/49feb585a2f57a31a6bd9f16f78e5be6","name":"rafaelrjp","image":{"@type":"ImageObject","inLanguage":"pt-BR","@id":"https:\/\/www.sinpro-rio.org.br\/principal\/#\/schema\/person\/image\/","url":"https:\/\/secure.gravatar.com\/avatar\/489371a0ba4655c340b519882c68cf68?s=96&d=mm&r=g","contentUrl":"https:\/\/secure.gravatar.com\/avatar\/489371a0ba4655c340b519882c68cf68?s=96&d=mm&r=g","caption":"rafaelrjp"},"url":"https:\/\/www.sinpro-rio.org.br\/principal\/author\/rafaelrjp\/"}]}},"_links":{"self":[{"href":"https:\/\/www.sinpro-rio.org.br\/principal\/wp-json\/wp\/v2\/posts\/22163","targetHints":{"allow":["GET"]}}],"collection":[{"href":"https:\/\/www.sinpro-rio.org.br\/principal\/wp-json\/wp\/v2\/posts"}],"about":[{"href":"https:\/\/www.sinpro-rio.org.br\/principal\/wp-json\/wp\/v2\/types\/post"}],"author":[{"embeddable":true,"href":"https:\/\/www.sinpro-rio.org.br\/principal\/wp-json\/wp\/v2\/users\/1"}],"replies":[{"embeddable":true,"href":"https:\/\/www.sinpro-rio.org.br\/principal\/wp-json\/wp\/v2\/comments?post=22163"}],"version-history":[{"count":1,"href":"https:\/\/www.sinpro-rio.org.br\/principal\/wp-json\/wp\/v2\/posts\/22163\/revisions"}],"predecessor-version":[{"id":22326,"href":"https:\/\/www.sinpro-rio.org.br\/principal\/wp-json\/wp\/v2\/posts\/22163\/revisions\/22326"}],"wp:featuredmedia":[{"embeddable":true,"href":"https:\/\/www.sinpro-rio.org.br\/principal\/wp-json\/wp\/v2\/media\/25451"}],"wp:attachment":[{"href":"https:\/\/www.sinpro-rio.org.br\/principal\/wp-json\/wp\/v2\/media?parent=22163"}],"wp:term":[{"taxonomy":"category","embeddable":true,"href":"https:\/\/www.sinpro-rio.org.br\/principal\/wp-json\/wp\/v2\/categories?post=22163"},{"taxonomy":"post_tag","embeddable":true,"href":"https:\/\/www.sinpro-rio.org.br\/principal\/wp-json\/wp\/v2\/tags?post=22163"}],"curies":[{"name":"wp","href":"https:\/\/api.w.org\/{rel}","templated":true}]}}