{"id":22162,"date":"2018-09-12T11:10:45","date_gmt":"2018-09-12T14:10:45","guid":{"rendered":""},"modified":"2019-06-05T12:16:25","modified_gmt":"2019-06-05T15:16:25","slug":"demiss-o-por-justa-causa-do-empregador","status":"publish","type":"post","link":"https:\/\/www.sinpro-rio.org.br\/principal\/demiss-o-por-justa-causa-do-empregador\/","title":{"rendered":"Demiss\u00e3o por Justa Causa do Empregador"},"content":{"rendered":"<p>O professor que n\u00e3o queira permanecer no emprego por n\u00e3o estarem sendo respeitados seus direitos trabalhistas n\u00e3o precisa pedir demiss\u00e3o. Pode romper o contrato de trabalho por justa causa (rescis\u00e3o indireta), sem perder os direitos da rescis\u00e3o \u2013 Art. 483 da CLT.<\/p>\n<p>Como \u00e9 necess\u00e1rio se fazer um comunicado dizendo que se est\u00e1 rompendo o contrato por justo motivo, apontando as irregularidades que o levam a sair do emprego, procure o Sindicato para ser orientado.<\/p>\n<p>As indeniza\u00e7\u00f5es legais devidas ao professor que rompe o contrato por justo motivo s\u00e3o id\u00eanticas \u00e0s que s\u00e3o recebidas pelo professor que \u00e9 demitido sem justa causa, inclusive com direito a levantar o FGTS e receber os 40% sobre o saldo total do fundo.<\/p>\n","protected":false},"excerpt":{"rendered":"<p>O professor que n\u00e3o queira permanecer no emprego por n\u00e3o estarem sendo respeitados seus direitos trabalhistas n\u00e3o precisa pedir demiss\u00e3o. Pode romper o contrato de trabalho por justa causa (rescis\u00e3o indireta), sem perder os direitos da rescis\u00e3o \u2013 Art. 483 da CLT. Como \u00e9 necess\u00e1rio se fazer um comunicado dizendo que se est\u00e1 rompendo o [&hellip;]<\/p>\n","protected":false},"author":1,"featured_media":25455,"comment_status":"closed","ping_status":"open","sticky":false,"template":"","format":"standard","meta":{"footnotes":""},"categories":[26],"tags":[],"class_list":["post-22162","post","type-post","status-publish","format-standard","has-post-thumbnail","hentry","category-direito-do-professor"],"yoast_head":"<!-- This site is optimized with the Yoast SEO plugin v25.7 - https:\/\/yoast.com\/wordpress\/plugins\/seo\/ -->\n<title>Demiss\u00e3o por Justa Causa do Empregador - Sinpro-Rio<\/title>\n<meta name=\"robots\" content=\"index, follow, max-snippet:-1, max-image-preview:large, max-video-preview:-1\" \/>\n<link rel=\"canonical\" href=\"https:\/\/www.sinpro-rio.org.br\/principal\/demiss-o-por-justa-causa-do-empregador\/\" \/>\n<meta property=\"og:locale\" content=\"pt_BR\" \/>\n<meta property=\"og:type\" content=\"article\" \/>\n<meta property=\"og:title\" content=\"Demiss\u00e3o por Justa Causa do Empregador - Sinpro-Rio\" \/>\n<meta property=\"og:description\" content=\"O professor que n\u00e3o queira permanecer no emprego por n\u00e3o estarem sendo respeitados seus direitos trabalhistas n\u00e3o precisa pedir demiss\u00e3o. Pode romper o contrato de trabalho por justa causa (rescis\u00e3o indireta), sem perder os direitos da rescis\u00e3o \u2013 Art. 483 da CLT. Como \u00e9 necess\u00e1rio se fazer um comunicado dizendo que se est\u00e1 rompendo o [&hellip;]\" \/>\n<meta property=\"og:url\" content=\"https:\/\/www.sinpro-rio.org.br\/principal\/demiss-o-por-justa-causa-do-empregador\/\" \/>\n<meta property=\"og:site_name\" content=\"Sinpro-Rio\" \/>\n<meta property=\"article:published_time\" content=\"2018-09-12T14:10:45+00:00\" \/>\n<meta property=\"article:modified_time\" content=\"2019-06-05T15:16:25+00:00\" \/>\n<meta property=\"og:image\" content=\"https:\/\/www.sinpro-rio.org.br\/principal\/wp-content\/uploads\/2018\/09\/empresario-sendo-demitido-pelo-chefe_51635-386.jpg\" \/>\n\t<meta property=\"og:image:width\" content=\"626\" \/>\n\t<meta property=\"og:image:height\" content=\"626\" \/>\n\t<meta property=\"og:image:type\" content=\"image\/jpeg\" \/>\n<meta name=\"author\" content=\"rafaelrjp\" \/>\n<meta name=\"twitter:card\" content=\"summary_large_image\" \/>\n<meta name=\"twitter:label1\" content=\"Escrito por\" \/>\n\t<meta name=\"twitter:data1\" content=\"rafaelrjp\" \/>\n\t<meta name=\"twitter:label2\" content=\"Est. tempo de leitura\" \/>\n\t<meta name=\"twitter:data2\" content=\"1 minuto\" \/>\n<script type=\"application\/ld+json\" class=\"yoast-schema-graph\">{\"@context\":\"https:\/\/schema.org\",\"@graph\":[{\"@type\":\"WebPage\",\"@id\":\"https:\/\/www.sinpro-rio.org.br\/principal\/demiss-o-por-justa-causa-do-empregador\/\",\"url\":\"https:\/\/www.sinpro-rio.org.br\/principal\/demiss-o-por-justa-causa-do-empregador\/\",\"name\":\"Demiss\u00e3o por Justa Causa do Empregador - Sinpro-Rio\",\"isPartOf\":{\"@id\":\"https:\/\/www.sinpro-rio.org.br\/principal\/#website\"},\"primaryImageOfPage\":{\"@id\":\"https:\/\/www.sinpro-rio.org.br\/principal\/demiss-o-por-justa-causa-do-empregador\/#primaryimage\"},\"image\":{\"@id\":\"https:\/\/www.sinpro-rio.org.br\/principal\/demiss-o-por-justa-causa-do-empregador\/#primaryimage\"},\"thumbnailUrl\":\"https:\/\/www.sinpro-rio.org.br\/principal\/wp-content\/uploads\/2018\/09\/empresario-sendo-demitido-pelo-chefe_51635-386.jpg\",\"datePublished\":\"2018-09-12T14:10:45+00:00\",\"dateModified\":\"2019-06-05T15:16:25+00:00\",\"author\":{\"@id\":\"https:\/\/www.sinpro-rio.org.br\/principal\/#\/schema\/person\/49feb585a2f57a31a6bd9f16f78e5be6\"},\"breadcrumb\":{\"@id\":\"https:\/\/www.sinpro-rio.org.br\/principal\/demiss-o-por-justa-causa-do-empregador\/#breadcrumb\"},\"inLanguage\":\"pt-BR\",\"potentialAction\":[{\"@type\":\"ReadAction\",\"target\":[\"https:\/\/www.sinpro-rio.org.br\/principal\/demiss-o-por-justa-causa-do-empregador\/\"]}]},{\"@type\":\"ImageObject\",\"inLanguage\":\"pt-BR\",\"@id\":\"https:\/\/www.sinpro-rio.org.br\/principal\/demiss-o-por-justa-causa-do-empregador\/#primaryimage\",\"url\":\"https:\/\/www.sinpro-rio.org.br\/principal\/wp-content\/uploads\/2018\/09\/empresario-sendo-demitido-pelo-chefe_51635-386.jpg\",\"contentUrl\":\"https:\/\/www.sinpro-rio.org.br\/principal\/wp-content\/uploads\/2018\/09\/empresario-sendo-demitido-pelo-chefe_51635-386.jpg\",\"width\":626,\"height\":626},{\"@type\":\"BreadcrumbList\",\"@id\":\"https:\/\/www.sinpro-rio.org.br\/principal\/demiss-o-por-justa-causa-do-empregador\/#breadcrumb\",\"itemListElement\":[{\"@type\":\"ListItem\",\"position\":1,\"name\":\"In\u00edcio\",\"item\":\"https:\/\/www.sinpro-rio.org.br\/principal\/\"},{\"@type\":\"ListItem\",\"position\":2,\"name\":\"Demiss\u00e3o por Justa Causa do Empregador\"}]},{\"@type\":\"WebSite\",\"@id\":\"https:\/\/www.sinpro-rio.org.br\/principal\/#website\",\"url\":\"https:\/\/www.sinpro-rio.org.br\/principal\/\",\"name\":\"Sinpro-Rio\",\"description\":\"Sindicato dos Professores do Munic\u00edpio do Rio de Janeiro e Regi\u00e3o\",\"potentialAction\":[{\"@type\":\"SearchAction\",\"target\":{\"@type\":\"EntryPoint\",\"urlTemplate\":\"https:\/\/www.sinpro-rio.org.br\/principal\/?s={search_term_string}\"},\"query-input\":{\"@type\":\"PropertyValueSpecification\",\"valueRequired\":true,\"valueName\":\"search_term_string\"}}],\"inLanguage\":\"pt-BR\"},{\"@type\":\"Person\",\"@id\":\"https:\/\/www.sinpro-rio.org.br\/principal\/#\/schema\/person\/49feb585a2f57a31a6bd9f16f78e5be6\",\"name\":\"rafaelrjp\",\"image\":{\"@type\":\"ImageObject\",\"inLanguage\":\"pt-BR\",\"@id\":\"https:\/\/www.sinpro-rio.org.br\/principal\/#\/schema\/person\/image\/\",\"url\":\"https:\/\/secure.gravatar.com\/avatar\/489371a0ba4655c340b519882c68cf68?s=96&d=mm&r=g\",\"contentUrl\":\"https:\/\/secure.gravatar.com\/avatar\/489371a0ba4655c340b519882c68cf68?s=96&d=mm&r=g\",\"caption\":\"rafaelrjp\"},\"url\":\"https:\/\/www.sinpro-rio.org.br\/principal\/author\/rafaelrjp\/\"}]}<\/script>\n<!-- \/ Yoast SEO plugin. -->","yoast_head_json":{"title":"Demiss\u00e3o por Justa Causa do Empregador - Sinpro-Rio","robots":{"index":"index","follow":"follow","max-snippet":"max-snippet:-1","max-image-preview":"max-image-preview:large","max-video-preview":"max-video-preview:-1"},"canonical":"https:\/\/www.sinpro-rio.org.br\/principal\/demiss-o-por-justa-causa-do-empregador\/","og_locale":"pt_BR","og_type":"article","og_title":"Demiss\u00e3o por Justa Causa do Empregador - Sinpro-Rio","og_description":"O professor que n\u00e3o queira permanecer no emprego por n\u00e3o estarem sendo respeitados seus direitos trabalhistas n\u00e3o precisa pedir demiss\u00e3o. Pode romper o contrato de trabalho por justa causa (rescis\u00e3o indireta), sem perder os direitos da rescis\u00e3o \u2013 Art. 483 da CLT. Como \u00e9 necess\u00e1rio se fazer um comunicado dizendo que se est\u00e1 rompendo o [&hellip;]","og_url":"https:\/\/www.sinpro-rio.org.br\/principal\/demiss-o-por-justa-causa-do-empregador\/","og_site_name":"Sinpro-Rio","article_published_time":"2018-09-12T14:10:45+00:00","article_modified_time":"2019-06-05T15:16:25+00:00","og_image":[{"width":626,"height":626,"url":"https:\/\/www.sinpro-rio.org.br\/principal\/wp-content\/uploads\/2018\/09\/empresario-sendo-demitido-pelo-chefe_51635-386.jpg","type":"image\/jpeg"}],"author":"rafaelrjp","twitter_card":"summary_large_image","twitter_misc":{"Escrito por":"rafaelrjp","Est. tempo de leitura":"1 minuto"},"schema":{"@context":"https:\/\/schema.org","@graph":[{"@type":"WebPage","@id":"https:\/\/www.sinpro-rio.org.br\/principal\/demiss-o-por-justa-causa-do-empregador\/","url":"https:\/\/www.sinpro-rio.org.br\/principal\/demiss-o-por-justa-causa-do-empregador\/","name":"Demiss\u00e3o por Justa Causa do Empregador - Sinpro-Rio","isPartOf":{"@id":"https:\/\/www.sinpro-rio.org.br\/principal\/#website"},"primaryImageOfPage":{"@id":"https:\/\/www.sinpro-rio.org.br\/principal\/demiss-o-por-justa-causa-do-empregador\/#primaryimage"},"image":{"@id":"https:\/\/www.sinpro-rio.org.br\/principal\/demiss-o-por-justa-causa-do-empregador\/#primaryimage"},"thumbnailUrl":"https:\/\/www.sinpro-rio.org.br\/principal\/wp-content\/uploads\/2018\/09\/empresario-sendo-demitido-pelo-chefe_51635-386.jpg","datePublished":"2018-09-12T14:10:45+00:00","dateModified":"2019-06-05T15:16:25+00:00","author":{"@id":"https:\/\/www.sinpro-rio.org.br\/principal\/#\/schema\/person\/49feb585a2f57a31a6bd9f16f78e5be6"},"breadcrumb":{"@id":"https:\/\/www.sinpro-rio.org.br\/principal\/demiss-o-por-justa-causa-do-empregador\/#breadcrumb"},"inLanguage":"pt-BR","potentialAction":[{"@type":"ReadAction","target":["https:\/\/www.sinpro-rio.org.br\/principal\/demiss-o-por-justa-causa-do-empregador\/"]}]},{"@type":"ImageObject","inLanguage":"pt-BR","@id":"https:\/\/www.sinpro-rio.org.br\/principal\/demiss-o-por-justa-causa-do-empregador\/#primaryimage","url":"https:\/\/www.sinpro-rio.org.br\/principal\/wp-content\/uploads\/2018\/09\/empresario-sendo-demitido-pelo-chefe_51635-386.jpg","contentUrl":"https:\/\/www.sinpro-rio.org.br\/principal\/wp-content\/uploads\/2018\/09\/empresario-sendo-demitido-pelo-chefe_51635-386.jpg","width":626,"height":626},{"@type":"BreadcrumbList","@id":"https:\/\/www.sinpro-rio.org.br\/principal\/demiss-o-por-justa-causa-do-empregador\/#breadcrumb","itemListElement":[{"@type":"ListItem","position":1,"name":"In\u00edcio","item":"https:\/\/www.sinpro-rio.org.br\/principal\/"},{"@type":"ListItem","position":2,"name":"Demiss\u00e3o por Justa Causa do Empregador"}]},{"@type":"WebSite","@id":"https:\/\/www.sinpro-rio.org.br\/principal\/#website","url":"https:\/\/www.sinpro-rio.org.br\/principal\/","name":"Sinpro-Rio","description":"Sindicato dos Professores do Munic\u00edpio do Rio de Janeiro e Regi\u00e3o","potentialAction":[{"@type":"SearchAction","target":{"@type":"EntryPoint","urlTemplate":"https:\/\/www.sinpro-rio.org.br\/principal\/?s={search_term_string}"},"query-input":{"@type":"PropertyValueSpecification","valueRequired":true,"valueName":"search_term_string"}}],"inLanguage":"pt-BR"},{"@type":"Person","@id":"https:\/\/www.sinpro-rio.org.br\/principal\/#\/schema\/person\/49feb585a2f57a31a6bd9f16f78e5be6","name":"rafaelrjp","image":{"@type":"ImageObject","inLanguage":"pt-BR","@id":"https:\/\/www.sinpro-rio.org.br\/principal\/#\/schema\/person\/image\/","url":"https:\/\/secure.gravatar.com\/avatar\/489371a0ba4655c340b519882c68cf68?s=96&d=mm&r=g","contentUrl":"https:\/\/secure.gravatar.com\/avatar\/489371a0ba4655c340b519882c68cf68?s=96&d=mm&r=g","caption":"rafaelrjp"},"url":"https:\/\/www.sinpro-rio.org.br\/principal\/author\/rafaelrjp\/"}]}},"_links":{"self":[{"href":"https:\/\/www.sinpro-rio.org.br\/principal\/wp-json\/wp\/v2\/posts\/22162","targetHints":{"allow":["GET"]}}],"collection":[{"href":"https:\/\/www.sinpro-rio.org.br\/principal\/wp-json\/wp\/v2\/posts"}],"about":[{"href":"https:\/\/www.sinpro-rio.org.br\/principal\/wp-json\/wp\/v2\/types\/post"}],"author":[{"embeddable":true,"href":"https:\/\/www.sinpro-rio.org.br\/principal\/wp-json\/wp\/v2\/users\/1"}],"replies":[{"embeddable":true,"href":"https:\/\/www.sinpro-rio.org.br\/principal\/wp-json\/wp\/v2\/comments?post=22162"}],"version-history":[{"count":1,"href":"https:\/\/www.sinpro-rio.org.br\/principal\/wp-json\/wp\/v2\/posts\/22162\/revisions"}],"predecessor-version":[{"id":22325,"href":"https:\/\/www.sinpro-rio.org.br\/principal\/wp-json\/wp\/v2\/posts\/22162\/revisions\/22325"}],"wp:featuredmedia":[{"embeddable":true,"href":"https:\/\/www.sinpro-rio.org.br\/principal\/wp-json\/wp\/v2\/media\/25455"}],"wp:attachment":[{"href":"https:\/\/www.sinpro-rio.org.br\/principal\/wp-json\/wp\/v2\/media?parent=22162"}],"wp:term":[{"taxonomy":"category","embeddable":true,"href":"https:\/\/www.sinpro-rio.org.br\/principal\/wp-json\/wp\/v2\/categories?post=22162"},{"taxonomy":"post_tag","embeddable":true,"href":"https:\/\/www.sinpro-rio.org.br\/principal\/wp-json\/wp\/v2\/tags?post=22162"}],"curies":[{"name":"wp","href":"https:\/\/api.w.org\/{rel}","templated":true}]}}