{"id":22152,"date":"2018-09-12T11:01:36","date_gmt":"2018-09-12T14:01:36","guid":{"rendered":""},"modified":"2019-06-05T12:23:48","modified_gmt":"2019-06-05T15:23:48","slug":"efeitos-dos-instrumentos-coletivos","status":"publish","type":"post","link":"https:\/\/www.sinpro-rio.org.br\/principal\/efeitos-dos-instrumentos-coletivos\/","title":{"rendered":"Efeitos dos Instrumentos Coletivos"},"content":{"rendered":"<p>Os Acordos, Conven\u00e7\u00f5es Coletivas e as Decis\u00f5es Normativas podem estabelecer tr\u00eas situa\u00e7\u00f5es distintas:<\/p>\n<ul>\n<li>criar condi\u00e7\u00f5es novas;<\/li>\n<li><\/li>\n<li>aperfei\u00e7oar o que j\u00e1 est\u00e1 previsto em lei;<\/li>\n<li><\/li>\n<li>repetir o que est\u00e1 previsto em lei.<\/li>\n<li>Todos esses instrumentos coletivos, portanto, estabelecem direitos salariais e de trabalho dos professores.<\/li>\n<\/ul>\n<p>Uma vez estabelecido, seja por acordo ou senten\u00e7a do Tribunal, o instrumento respectivo tem natureza legal e pode ser exigido judicialmente pelo Sindicato.<\/p>\n<p>Quando o empregador n\u00e3o cumpre uma cl\u00e1usula do instrumento coletivo de trabalho do professor, a situa\u00e7\u00e3o pode ser denunciada ao Sinpro-Rio, para que este promova sua corre\u00e7\u00e3o perante o Minist\u00e9rio do Trabalho ou na pr\u00f3pria Justi\u00e7a, por meio de a\u00e7\u00f5es coletivas, nas quais o Sindicato se torna o pr\u00f3prio autor do processo.<\/p>\n<p>S\u00e3o as chamadas A\u00e7\u00f5es de Cumprimento ou a\u00e7\u00f5es do Sindicato, em substitui\u00e7\u00e3o processual dos professores.<\/p>\n","protected":false},"excerpt":{"rendered":"<p>Os Acordos, Conven\u00e7\u00f5es Coletivas e as Decis\u00f5es Normativas podem estabelecer tr\u00eas situa\u00e7\u00f5es distintas: criar condi\u00e7\u00f5es novas; aperfei\u00e7oar o que j\u00e1 est\u00e1 previsto em lei; repetir o que est\u00e1 previsto em lei. Todos esses instrumentos coletivos, portanto, estabelecem direitos salariais e de trabalho dos professores. Uma vez estabelecido, seja por acordo ou senten\u00e7a do Tribunal, o [&hellip;]<\/p>\n","protected":false},"author":1,"featured_media":25467,"comment_status":"closed","ping_status":"open","sticky":false,"template":"","format":"standard","meta":{"footnotes":""},"categories":[26],"tags":[],"class_list":["post-22152","post","type-post","status-publish","format-standard","has-post-thumbnail","hentry","category-direito-do-professor"],"yoast_head":"<!-- This site is optimized with the Yoast SEO plugin v25.7 - https:\/\/yoast.com\/wordpress\/plugins\/seo\/ -->\n<title>Efeitos dos Instrumentos Coletivos - Sinpro-Rio<\/title>\n<meta name=\"robots\" content=\"index, follow, max-snippet:-1, max-image-preview:large, max-video-preview:-1\" \/>\n<link rel=\"canonical\" href=\"https:\/\/www.sinpro-rio.org.br\/principal\/efeitos-dos-instrumentos-coletivos\/\" \/>\n<meta property=\"og:locale\" content=\"pt_BR\" \/>\n<meta property=\"og:type\" content=\"article\" \/>\n<meta property=\"og:title\" content=\"Efeitos dos Instrumentos Coletivos - Sinpro-Rio\" \/>\n<meta property=\"og:description\" content=\"Os Acordos, Conven\u00e7\u00f5es Coletivas e as Decis\u00f5es Normativas podem estabelecer tr\u00eas situa\u00e7\u00f5es distintas: criar condi\u00e7\u00f5es novas; aperfei\u00e7oar o que j\u00e1 est\u00e1 previsto em lei; repetir o que est\u00e1 previsto em lei. Todos esses instrumentos coletivos, portanto, estabelecem direitos salariais e de trabalho dos professores. Uma vez estabelecido, seja por acordo ou senten\u00e7a do Tribunal, o [&hellip;]\" \/>\n<meta property=\"og:url\" content=\"https:\/\/www.sinpro-rio.org.br\/principal\/efeitos-dos-instrumentos-coletivos\/\" \/>\n<meta property=\"og:site_name\" content=\"Sinpro-Rio\" \/>\n<meta property=\"article:published_time\" content=\"2018-09-12T14:01:36+00:00\" \/>\n<meta property=\"article:modified_time\" content=\"2019-06-05T15:23:48+00:00\" \/>\n<meta property=\"og:image\" content=\"https:\/\/www.sinpro-rio.org.br\/principal\/wp-content\/uploads\/2018\/09\/acordo-coletivo.jpg\" \/>\n\t<meta property=\"og:image:width\" content=\"800\" \/>\n\t<meta property=\"og:image:height\" content=\"644\" \/>\n\t<meta property=\"og:image:type\" content=\"image\/jpeg\" \/>\n<meta name=\"author\" content=\"rafaelrjp\" \/>\n<meta name=\"twitter:card\" content=\"summary_large_image\" \/>\n<meta name=\"twitter:label1\" content=\"Escrito por\" \/>\n\t<meta name=\"twitter:data1\" content=\"rafaelrjp\" \/>\n\t<meta name=\"twitter:label2\" content=\"Est. tempo de leitura\" \/>\n\t<meta name=\"twitter:data2\" content=\"1 minuto\" \/>\n<script type=\"application\/ld+json\" class=\"yoast-schema-graph\">{\"@context\":\"https:\/\/schema.org\",\"@graph\":[{\"@type\":\"WebPage\",\"@id\":\"https:\/\/www.sinpro-rio.org.br\/principal\/efeitos-dos-instrumentos-coletivos\/\",\"url\":\"https:\/\/www.sinpro-rio.org.br\/principal\/efeitos-dos-instrumentos-coletivos\/\",\"name\":\"Efeitos dos Instrumentos Coletivos - Sinpro-Rio\",\"isPartOf\":{\"@id\":\"https:\/\/www.sinpro-rio.org.br\/principal\/#website\"},\"primaryImageOfPage\":{\"@id\":\"https:\/\/www.sinpro-rio.org.br\/principal\/efeitos-dos-instrumentos-coletivos\/#primaryimage\"},\"image\":{\"@id\":\"https:\/\/www.sinpro-rio.org.br\/principal\/efeitos-dos-instrumentos-coletivos\/#primaryimage\"},\"thumbnailUrl\":\"https:\/\/www.sinpro-rio.org.br\/principal\/wp-content\/uploads\/2018\/09\/acordo-coletivo.jpg\",\"datePublished\":\"2018-09-12T14:01:36+00:00\",\"dateModified\":\"2019-06-05T15:23:48+00:00\",\"author\":{\"@id\":\"https:\/\/www.sinpro-rio.org.br\/principal\/#\/schema\/person\/49feb585a2f57a31a6bd9f16f78e5be6\"},\"breadcrumb\":{\"@id\":\"https:\/\/www.sinpro-rio.org.br\/principal\/efeitos-dos-instrumentos-coletivos\/#breadcrumb\"},\"inLanguage\":\"pt-BR\",\"potentialAction\":[{\"@type\":\"ReadAction\",\"target\":[\"https:\/\/www.sinpro-rio.org.br\/principal\/efeitos-dos-instrumentos-coletivos\/\"]}]},{\"@type\":\"ImageObject\",\"inLanguage\":\"pt-BR\",\"@id\":\"https:\/\/www.sinpro-rio.org.br\/principal\/efeitos-dos-instrumentos-coletivos\/#primaryimage\",\"url\":\"https:\/\/www.sinpro-rio.org.br\/principal\/wp-content\/uploads\/2018\/09\/acordo-coletivo.jpg\",\"contentUrl\":\"https:\/\/www.sinpro-rio.org.br\/principal\/wp-content\/uploads\/2018\/09\/acordo-coletivo.jpg\",\"width\":800,\"height\":644},{\"@type\":\"BreadcrumbList\",\"@id\":\"https:\/\/www.sinpro-rio.org.br\/principal\/efeitos-dos-instrumentos-coletivos\/#breadcrumb\",\"itemListElement\":[{\"@type\":\"ListItem\",\"position\":1,\"name\":\"In\u00edcio\",\"item\":\"https:\/\/www.sinpro-rio.org.br\/principal\/\"},{\"@type\":\"ListItem\",\"position\":2,\"name\":\"Efeitos dos Instrumentos Coletivos\"}]},{\"@type\":\"WebSite\",\"@id\":\"https:\/\/www.sinpro-rio.org.br\/principal\/#website\",\"url\":\"https:\/\/www.sinpro-rio.org.br\/principal\/\",\"name\":\"Sinpro-Rio\",\"description\":\"Sindicato dos Professores do Munic\u00edpio do Rio de Janeiro e Regi\u00e3o\",\"potentialAction\":[{\"@type\":\"SearchAction\",\"target\":{\"@type\":\"EntryPoint\",\"urlTemplate\":\"https:\/\/www.sinpro-rio.org.br\/principal\/?s={search_term_string}\"},\"query-input\":{\"@type\":\"PropertyValueSpecification\",\"valueRequired\":true,\"valueName\":\"search_term_string\"}}],\"inLanguage\":\"pt-BR\"},{\"@type\":\"Person\",\"@id\":\"https:\/\/www.sinpro-rio.org.br\/principal\/#\/schema\/person\/49feb585a2f57a31a6bd9f16f78e5be6\",\"name\":\"rafaelrjp\",\"image\":{\"@type\":\"ImageObject\",\"inLanguage\":\"pt-BR\",\"@id\":\"https:\/\/www.sinpro-rio.org.br\/principal\/#\/schema\/person\/image\/\",\"url\":\"https:\/\/secure.gravatar.com\/avatar\/489371a0ba4655c340b519882c68cf68?s=96&d=mm&r=g\",\"contentUrl\":\"https:\/\/secure.gravatar.com\/avatar\/489371a0ba4655c340b519882c68cf68?s=96&d=mm&r=g\",\"caption\":\"rafaelrjp\"},\"url\":\"https:\/\/www.sinpro-rio.org.br\/principal\/author\/rafaelrjp\/\"}]}<\/script>\n<!-- \/ Yoast SEO plugin. -->","yoast_head_json":{"title":"Efeitos dos Instrumentos Coletivos - Sinpro-Rio","robots":{"index":"index","follow":"follow","max-snippet":"max-snippet:-1","max-image-preview":"max-image-preview:large","max-video-preview":"max-video-preview:-1"},"canonical":"https:\/\/www.sinpro-rio.org.br\/principal\/efeitos-dos-instrumentos-coletivos\/","og_locale":"pt_BR","og_type":"article","og_title":"Efeitos dos Instrumentos Coletivos - Sinpro-Rio","og_description":"Os Acordos, Conven\u00e7\u00f5es Coletivas e as Decis\u00f5es Normativas podem estabelecer tr\u00eas situa\u00e7\u00f5es distintas: criar condi\u00e7\u00f5es novas; aperfei\u00e7oar o que j\u00e1 est\u00e1 previsto em lei; repetir o que est\u00e1 previsto em lei. Todos esses instrumentos coletivos, portanto, estabelecem direitos salariais e de trabalho dos professores. Uma vez estabelecido, seja por acordo ou senten\u00e7a do Tribunal, o [&hellip;]","og_url":"https:\/\/www.sinpro-rio.org.br\/principal\/efeitos-dos-instrumentos-coletivos\/","og_site_name":"Sinpro-Rio","article_published_time":"2018-09-12T14:01:36+00:00","article_modified_time":"2019-06-05T15:23:48+00:00","og_image":[{"width":800,"height":644,"url":"https:\/\/www.sinpro-rio.org.br\/principal\/wp-content\/uploads\/2018\/09\/acordo-coletivo.jpg","type":"image\/jpeg"}],"author":"rafaelrjp","twitter_card":"summary_large_image","twitter_misc":{"Escrito por":"rafaelrjp","Est. tempo de leitura":"1 minuto"},"schema":{"@context":"https:\/\/schema.org","@graph":[{"@type":"WebPage","@id":"https:\/\/www.sinpro-rio.org.br\/principal\/efeitos-dos-instrumentos-coletivos\/","url":"https:\/\/www.sinpro-rio.org.br\/principal\/efeitos-dos-instrumentos-coletivos\/","name":"Efeitos dos Instrumentos Coletivos - Sinpro-Rio","isPartOf":{"@id":"https:\/\/www.sinpro-rio.org.br\/principal\/#website"},"primaryImageOfPage":{"@id":"https:\/\/www.sinpro-rio.org.br\/principal\/efeitos-dos-instrumentos-coletivos\/#primaryimage"},"image":{"@id":"https:\/\/www.sinpro-rio.org.br\/principal\/efeitos-dos-instrumentos-coletivos\/#primaryimage"},"thumbnailUrl":"https:\/\/www.sinpro-rio.org.br\/principal\/wp-content\/uploads\/2018\/09\/acordo-coletivo.jpg","datePublished":"2018-09-12T14:01:36+00:00","dateModified":"2019-06-05T15:23:48+00:00","author":{"@id":"https:\/\/www.sinpro-rio.org.br\/principal\/#\/schema\/person\/49feb585a2f57a31a6bd9f16f78e5be6"},"breadcrumb":{"@id":"https:\/\/www.sinpro-rio.org.br\/principal\/efeitos-dos-instrumentos-coletivos\/#breadcrumb"},"inLanguage":"pt-BR","potentialAction":[{"@type":"ReadAction","target":["https:\/\/www.sinpro-rio.org.br\/principal\/efeitos-dos-instrumentos-coletivos\/"]}]},{"@type":"ImageObject","inLanguage":"pt-BR","@id":"https:\/\/www.sinpro-rio.org.br\/principal\/efeitos-dos-instrumentos-coletivos\/#primaryimage","url":"https:\/\/www.sinpro-rio.org.br\/principal\/wp-content\/uploads\/2018\/09\/acordo-coletivo.jpg","contentUrl":"https:\/\/www.sinpro-rio.org.br\/principal\/wp-content\/uploads\/2018\/09\/acordo-coletivo.jpg","width":800,"height":644},{"@type":"BreadcrumbList","@id":"https:\/\/www.sinpro-rio.org.br\/principal\/efeitos-dos-instrumentos-coletivos\/#breadcrumb","itemListElement":[{"@type":"ListItem","position":1,"name":"In\u00edcio","item":"https:\/\/www.sinpro-rio.org.br\/principal\/"},{"@type":"ListItem","position":2,"name":"Efeitos dos Instrumentos Coletivos"}]},{"@type":"WebSite","@id":"https:\/\/www.sinpro-rio.org.br\/principal\/#website","url":"https:\/\/www.sinpro-rio.org.br\/principal\/","name":"Sinpro-Rio","description":"Sindicato dos Professores do Munic\u00edpio do Rio de Janeiro e Regi\u00e3o","potentialAction":[{"@type":"SearchAction","target":{"@type":"EntryPoint","urlTemplate":"https:\/\/www.sinpro-rio.org.br\/principal\/?s={search_term_string}"},"query-input":{"@type":"PropertyValueSpecification","valueRequired":true,"valueName":"search_term_string"}}],"inLanguage":"pt-BR"},{"@type":"Person","@id":"https:\/\/www.sinpro-rio.org.br\/principal\/#\/schema\/person\/49feb585a2f57a31a6bd9f16f78e5be6","name":"rafaelrjp","image":{"@type":"ImageObject","inLanguage":"pt-BR","@id":"https:\/\/www.sinpro-rio.org.br\/principal\/#\/schema\/person\/image\/","url":"https:\/\/secure.gravatar.com\/avatar\/489371a0ba4655c340b519882c68cf68?s=96&d=mm&r=g","contentUrl":"https:\/\/secure.gravatar.com\/avatar\/489371a0ba4655c340b519882c68cf68?s=96&d=mm&r=g","caption":"rafaelrjp"},"url":"https:\/\/www.sinpro-rio.org.br\/principal\/author\/rafaelrjp\/"}]}},"_links":{"self":[{"href":"https:\/\/www.sinpro-rio.org.br\/principal\/wp-json\/wp\/v2\/posts\/22152","targetHints":{"allow":["GET"]}}],"collection":[{"href":"https:\/\/www.sinpro-rio.org.br\/principal\/wp-json\/wp\/v2\/posts"}],"about":[{"href":"https:\/\/www.sinpro-rio.org.br\/principal\/wp-json\/wp\/v2\/types\/post"}],"author":[{"embeddable":true,"href":"https:\/\/www.sinpro-rio.org.br\/principal\/wp-json\/wp\/v2\/users\/1"}],"replies":[{"embeddable":true,"href":"https:\/\/www.sinpro-rio.org.br\/principal\/wp-json\/wp\/v2\/comments?post=22152"}],"version-history":[{"count":1,"href":"https:\/\/www.sinpro-rio.org.br\/principal\/wp-json\/wp\/v2\/posts\/22152\/revisions"}],"predecessor-version":[{"id":22354,"href":"https:\/\/www.sinpro-rio.org.br\/principal\/wp-json\/wp\/v2\/posts\/22152\/revisions\/22354"}],"wp:featuredmedia":[{"embeddable":true,"href":"https:\/\/www.sinpro-rio.org.br\/principal\/wp-json\/wp\/v2\/media\/25467"}],"wp:attachment":[{"href":"https:\/\/www.sinpro-rio.org.br\/principal\/wp-json\/wp\/v2\/media?parent=22152"}],"wp:term":[{"taxonomy":"category","embeddable":true,"href":"https:\/\/www.sinpro-rio.org.br\/principal\/wp-json\/wp\/v2\/categories?post=22152"},{"taxonomy":"post_tag","embeddable":true,"href":"https:\/\/www.sinpro-rio.org.br\/principal\/wp-json\/wp\/v2\/tags?post=22152"}],"curies":[{"name":"wp","href":"https:\/\/api.w.org\/{rel}","templated":true}]}}