{"id":22017,"date":"2018-06-21T11:25:00","date_gmt":"2018-06-21T11:25:00","guid":{"rendered":""},"modified":"2023-07-07T14:39:11","modified_gmt":"2023-07-07T17:39:11","slug":"acordo-sinpro-x-estacio-2004-comeca-dia-2-de-julho-o-periodo-para-preenchimento-de-dados-para-pagamento","status":"publish","type":"post","link":"https:\/\/www.sinpro-rio.org.br\/principal\/acordo-sinpro-x-estacio-2004-comeca-dia-2-de-julho-o-periodo-para-preenchimento-de-dados-para-pagamento\/","title":{"rendered":"Acordo Sinpro x Est\u00e1cio &#8211; 2004:  come\u00e7a dia 2 de julho o per\u00edodo para preenchimento de dados para pagamento"},"content":{"rendered":"<p>Professor(a), solicitamos a sua presen&ccedil;a na sede do Sinpro-Rio entre os dias 03 e 24 de julho, de segunda a sexta, das 10 &agrave;s 16h, no 6&ordm; andar, portando c&oacute;pia da identidade e dados banc&aacute;rios, para atualiza&ccedil;&atilde;o de dados e assinatura, com a finalidade de recebimento de valores referentes &agrave; A&ccedil;&atilde;o Coletiva n&ordm; 0177200-98.2004.5.1.0034, firmado entre o Sinpro-Rio e a Est&aacute;cio e homologado no dia 19 de junho.<\/p>\n<p>Os pagamentos ser&atilde;o realizados diretamente na conta do\/a professor\/a nos bancos Ita&uacute;, Santander, CEF e Banco do Brasil, a partir do dia 07 de agosto.<\/p>\n<p>Caso o\/a professor\/a n&atilde;o possua conta em um desses bancos, o pagamento ser&aacute; feito na pr&oacute;pria sede do Sinpro-Rio, em data a ser confirmada.<\/p>\n<p>ATUALIZADO EM 29\/06\/2018:&nbsp;Anteriormente programado para ser realizado do dia 2 ao dia 20 de julho, o prazo foi alterado para 03 a 24 de julho, em virtude dos jogos do Brasil na Copa do Mundo 2018.<\/p>\n","protected":false},"excerpt":{"rendered":"<p>Professor(a), solicitamos a sua presen&ccedil;a na sede do Sinpro-Rio entre os dias 03 e 24 de julho, de segunda a sexta, das 10 &agrave;s 16h, no 6&ordm; andar, portando c&oacute;pia da identidade e dados banc&aacute;rios, para atualiza&ccedil;&atilde;o de dados e assinatura, com a finalidade de recebimento de valores referentes &agrave; A&ccedil;&atilde;o Coletiva n&ordm; 0177200-98.2004.5.1.0034, firmado [&hellip;]<\/p>\n","protected":false},"author":2,"featured_media":22018,"comment_status":"closed","ping_status":"open","sticky":false,"template":"","format":"standard","meta":{"footnotes":""},"categories":[1],"tags":[495],"class_list":["post-22017","post","type-post","status-publish","format-standard","has-post-thumbnail","hentry","category-noticias","tag-estacio"],"yoast_head":"<!-- This site is optimized with the Yoast SEO plugin v25.7 - https:\/\/yoast.com\/wordpress\/plugins\/seo\/ -->\n<title>Acordo Sinpro x Est\u00e1cio - 2004: come\u00e7a dia 2 de julho o per\u00edodo para preenchimento de dados para pagamento - Sinpro-Rio<\/title>\n<meta name=\"robots\" content=\"index, follow, max-snippet:-1, max-image-preview:large, max-video-preview:-1\" \/>\n<link rel=\"canonical\" href=\"https:\/\/www.sinpro-rio.org.br\/principal\/acordo-sinpro-x-estacio-2004-comeca-dia-2-de-julho-o-periodo-para-preenchimento-de-dados-para-pagamento\/\" \/>\n<meta property=\"og:locale\" content=\"pt_BR\" \/>\n<meta property=\"og:type\" content=\"article\" \/>\n<meta property=\"og:title\" content=\"Acordo Sinpro x Est\u00e1cio - 2004: come\u00e7a dia 2 de julho o per\u00edodo para preenchimento de dados para pagamento - Sinpro-Rio\" \/>\n<meta property=\"og:description\" content=\"Professor(a), solicitamos a sua presen&ccedil;a na sede do Sinpro-Rio entre os dias 03 e 24 de julho, de segunda a sexta, das 10 &agrave;s 16h, no 6&ordm; andar, portando c&oacute;pia da identidade e dados banc&aacute;rios, para atualiza&ccedil;&atilde;o de dados e assinatura, com a finalidade de recebimento de valores referentes &agrave; A&ccedil;&atilde;o Coletiva n&ordm; 0177200-98.2004.5.1.0034, firmado [&hellip;]\" \/>\n<meta property=\"og:url\" content=\"https:\/\/www.sinpro-rio.org.br\/principal\/acordo-sinpro-x-estacio-2004-comeca-dia-2-de-julho-o-periodo-para-preenchimento-de-dados-para-pagamento\/\" \/>\n<meta property=\"og:site_name\" content=\"Sinpro-Rio\" \/>\n<meta property=\"article:published_time\" content=\"2018-06-21T11:25:00+00:00\" \/>\n<meta property=\"article:modified_time\" content=\"2023-07-07T17:39:11+00:00\" \/>\n<meta name=\"author\" content=\"alessandra\" \/>\n<meta name=\"twitter:card\" content=\"summary_large_image\" \/>\n<meta name=\"twitter:label1\" content=\"Escrito por\" \/>\n\t<meta name=\"twitter:data1\" content=\"alessandra\" \/>\n\t<meta name=\"twitter:label2\" content=\"Est. tempo de leitura\" \/>\n\t<meta name=\"twitter:data2\" content=\"1 minuto\" \/>\n<script type=\"application\/ld+json\" class=\"yoast-schema-graph\">{\"@context\":\"https:\/\/schema.org\",\"@graph\":[{\"@type\":\"WebPage\",\"@id\":\"https:\/\/www.sinpro-rio.org.br\/principal\/acordo-sinpro-x-estacio-2004-comeca-dia-2-de-julho-o-periodo-para-preenchimento-de-dados-para-pagamento\/\",\"url\":\"https:\/\/www.sinpro-rio.org.br\/principal\/acordo-sinpro-x-estacio-2004-comeca-dia-2-de-julho-o-periodo-para-preenchimento-de-dados-para-pagamento\/\",\"name\":\"Acordo Sinpro x Est\u00e1cio - 2004: come\u00e7a dia 2 de julho o per\u00edodo para preenchimento de dados para pagamento - Sinpro-Rio\",\"isPartOf\":{\"@id\":\"https:\/\/www.sinpro-rio.org.br\/principal\/#website\"},\"primaryImageOfPage\":{\"@id\":\"https:\/\/www.sinpro-rio.org.br\/principal\/acordo-sinpro-x-estacio-2004-comeca-dia-2-de-julho-o-periodo-para-preenchimento-de-dados-para-pagamento\/#primaryimage\"},\"image\":{\"@id\":\"https:\/\/www.sinpro-rio.org.br\/principal\/acordo-sinpro-x-estacio-2004-comeca-dia-2-de-julho-o-periodo-para-preenchimento-de-dados-para-pagamento\/#primaryimage\"},\"thumbnailUrl\":\"\",\"datePublished\":\"2018-06-21T11:25:00+00:00\",\"dateModified\":\"2023-07-07T17:39:11+00:00\",\"author\":{\"@id\":\"https:\/\/www.sinpro-rio.org.br\/principal\/#\/schema\/person\/ee17219e64d00d037e511ae59ce2227e\"},\"breadcrumb\":{\"@id\":\"https:\/\/www.sinpro-rio.org.br\/principal\/acordo-sinpro-x-estacio-2004-comeca-dia-2-de-julho-o-periodo-para-preenchimento-de-dados-para-pagamento\/#breadcrumb\"},\"inLanguage\":\"pt-BR\",\"potentialAction\":[{\"@type\":\"ReadAction\",\"target\":[\"https:\/\/www.sinpro-rio.org.br\/principal\/acordo-sinpro-x-estacio-2004-comeca-dia-2-de-julho-o-periodo-para-preenchimento-de-dados-para-pagamento\/\"]}]},{\"@type\":\"ImageObject\",\"inLanguage\":\"pt-BR\",\"@id\":\"https:\/\/www.sinpro-rio.org.br\/principal\/acordo-sinpro-x-estacio-2004-comeca-dia-2-de-julho-o-periodo-para-preenchimento-de-dados-para-pagamento\/#primaryimage\",\"url\":\"\",\"contentUrl\":\"\"},{\"@type\":\"BreadcrumbList\",\"@id\":\"https:\/\/www.sinpro-rio.org.br\/principal\/acordo-sinpro-x-estacio-2004-comeca-dia-2-de-julho-o-periodo-para-preenchimento-de-dados-para-pagamento\/#breadcrumb\",\"itemListElement\":[{\"@type\":\"ListItem\",\"position\":1,\"name\":\"In\u00edcio\",\"item\":\"https:\/\/www.sinpro-rio.org.br\/principal\/\"},{\"@type\":\"ListItem\",\"position\":2,\"name\":\"Acordo Sinpro x Est\u00e1cio &#8211; 2004: come\u00e7a dia 2 de julho o per\u00edodo para preenchimento de dados para pagamento\"}]},{\"@type\":\"WebSite\",\"@id\":\"https:\/\/www.sinpro-rio.org.br\/principal\/#website\",\"url\":\"https:\/\/www.sinpro-rio.org.br\/principal\/\",\"name\":\"Sinpro-Rio\",\"description\":\"Sindicato dos Professores do Munic\u00edpio do Rio de Janeiro e Regi\u00e3o\",\"potentialAction\":[{\"@type\":\"SearchAction\",\"target\":{\"@type\":\"EntryPoint\",\"urlTemplate\":\"https:\/\/www.sinpro-rio.org.br\/principal\/?s={search_term_string}\"},\"query-input\":{\"@type\":\"PropertyValueSpecification\",\"valueRequired\":true,\"valueName\":\"search_term_string\"}}],\"inLanguage\":\"pt-BR\"},{\"@type\":\"Person\",\"@id\":\"https:\/\/www.sinpro-rio.org.br\/principal\/#\/schema\/person\/ee17219e64d00d037e511ae59ce2227e\",\"name\":\"alessandra\",\"image\":{\"@type\":\"ImageObject\",\"inLanguage\":\"pt-BR\",\"@id\":\"https:\/\/www.sinpro-rio.org.br\/principal\/#\/schema\/person\/image\/\",\"url\":\"https:\/\/secure.gravatar.com\/avatar\/2b43fa8c0ad8e33b46a4732549f7fb20?s=96&d=mm&r=g\",\"contentUrl\":\"https:\/\/secure.gravatar.com\/avatar\/2b43fa8c0ad8e33b46a4732549f7fb20?s=96&d=mm&r=g\",\"caption\":\"alessandra\"},\"url\":\"https:\/\/www.sinpro-rio.org.br\/principal\/author\/alessandra\/\"}]}<\/script>\n<!-- \/ Yoast SEO plugin. -->","yoast_head_json":{"title":"Acordo Sinpro x Est\u00e1cio - 2004: come\u00e7a dia 2 de julho o per\u00edodo para preenchimento de dados para pagamento - Sinpro-Rio","robots":{"index":"index","follow":"follow","max-snippet":"max-snippet:-1","max-image-preview":"max-image-preview:large","max-video-preview":"max-video-preview:-1"},"canonical":"https:\/\/www.sinpro-rio.org.br\/principal\/acordo-sinpro-x-estacio-2004-comeca-dia-2-de-julho-o-periodo-para-preenchimento-de-dados-para-pagamento\/","og_locale":"pt_BR","og_type":"article","og_title":"Acordo Sinpro x Est\u00e1cio - 2004: come\u00e7a dia 2 de julho o per\u00edodo para preenchimento de dados para pagamento - Sinpro-Rio","og_description":"Professor(a), solicitamos a sua presen&ccedil;a na sede do Sinpro-Rio entre os dias 03 e 24 de julho, de segunda a sexta, das 10 &agrave;s 16h, no 6&ordm; andar, portando c&oacute;pia da identidade e dados banc&aacute;rios, para atualiza&ccedil;&atilde;o de dados e assinatura, com a finalidade de recebimento de valores referentes &agrave; A&ccedil;&atilde;o Coletiva n&ordm; 0177200-98.2004.5.1.0034, firmado [&hellip;]","og_url":"https:\/\/www.sinpro-rio.org.br\/principal\/acordo-sinpro-x-estacio-2004-comeca-dia-2-de-julho-o-periodo-para-preenchimento-de-dados-para-pagamento\/","og_site_name":"Sinpro-Rio","article_published_time":"2018-06-21T11:25:00+00:00","article_modified_time":"2023-07-07T17:39:11+00:00","author":"alessandra","twitter_card":"summary_large_image","twitter_misc":{"Escrito por":"alessandra","Est. tempo de leitura":"1 minuto"},"schema":{"@context":"https:\/\/schema.org","@graph":[{"@type":"WebPage","@id":"https:\/\/www.sinpro-rio.org.br\/principal\/acordo-sinpro-x-estacio-2004-comeca-dia-2-de-julho-o-periodo-para-preenchimento-de-dados-para-pagamento\/","url":"https:\/\/www.sinpro-rio.org.br\/principal\/acordo-sinpro-x-estacio-2004-comeca-dia-2-de-julho-o-periodo-para-preenchimento-de-dados-para-pagamento\/","name":"Acordo Sinpro x Est\u00e1cio - 2004: come\u00e7a dia 2 de julho o per\u00edodo para preenchimento de dados para pagamento - Sinpro-Rio","isPartOf":{"@id":"https:\/\/www.sinpro-rio.org.br\/principal\/#website"},"primaryImageOfPage":{"@id":"https:\/\/www.sinpro-rio.org.br\/principal\/acordo-sinpro-x-estacio-2004-comeca-dia-2-de-julho-o-periodo-para-preenchimento-de-dados-para-pagamento\/#primaryimage"},"image":{"@id":"https:\/\/www.sinpro-rio.org.br\/principal\/acordo-sinpro-x-estacio-2004-comeca-dia-2-de-julho-o-periodo-para-preenchimento-de-dados-para-pagamento\/#primaryimage"},"thumbnailUrl":"","datePublished":"2018-06-21T11:25:00+00:00","dateModified":"2023-07-07T17:39:11+00:00","author":{"@id":"https:\/\/www.sinpro-rio.org.br\/principal\/#\/schema\/person\/ee17219e64d00d037e511ae59ce2227e"},"breadcrumb":{"@id":"https:\/\/www.sinpro-rio.org.br\/principal\/acordo-sinpro-x-estacio-2004-comeca-dia-2-de-julho-o-periodo-para-preenchimento-de-dados-para-pagamento\/#breadcrumb"},"inLanguage":"pt-BR","potentialAction":[{"@type":"ReadAction","target":["https:\/\/www.sinpro-rio.org.br\/principal\/acordo-sinpro-x-estacio-2004-comeca-dia-2-de-julho-o-periodo-para-preenchimento-de-dados-para-pagamento\/"]}]},{"@type":"ImageObject","inLanguage":"pt-BR","@id":"https:\/\/www.sinpro-rio.org.br\/principal\/acordo-sinpro-x-estacio-2004-comeca-dia-2-de-julho-o-periodo-para-preenchimento-de-dados-para-pagamento\/#primaryimage","url":"","contentUrl":""},{"@type":"BreadcrumbList","@id":"https:\/\/www.sinpro-rio.org.br\/principal\/acordo-sinpro-x-estacio-2004-comeca-dia-2-de-julho-o-periodo-para-preenchimento-de-dados-para-pagamento\/#breadcrumb","itemListElement":[{"@type":"ListItem","position":1,"name":"In\u00edcio","item":"https:\/\/www.sinpro-rio.org.br\/principal\/"},{"@type":"ListItem","position":2,"name":"Acordo Sinpro x Est\u00e1cio &#8211; 2004: come\u00e7a dia 2 de julho o per\u00edodo para preenchimento de dados para pagamento"}]},{"@type":"WebSite","@id":"https:\/\/www.sinpro-rio.org.br\/principal\/#website","url":"https:\/\/www.sinpro-rio.org.br\/principal\/","name":"Sinpro-Rio","description":"Sindicato dos Professores do Munic\u00edpio do Rio de Janeiro e Regi\u00e3o","potentialAction":[{"@type":"SearchAction","target":{"@type":"EntryPoint","urlTemplate":"https:\/\/www.sinpro-rio.org.br\/principal\/?s={search_term_string}"},"query-input":{"@type":"PropertyValueSpecification","valueRequired":true,"valueName":"search_term_string"}}],"inLanguage":"pt-BR"},{"@type":"Person","@id":"https:\/\/www.sinpro-rio.org.br\/principal\/#\/schema\/person\/ee17219e64d00d037e511ae59ce2227e","name":"alessandra","image":{"@type":"ImageObject","inLanguage":"pt-BR","@id":"https:\/\/www.sinpro-rio.org.br\/principal\/#\/schema\/person\/image\/","url":"https:\/\/secure.gravatar.com\/avatar\/2b43fa8c0ad8e33b46a4732549f7fb20?s=96&d=mm&r=g","contentUrl":"https:\/\/secure.gravatar.com\/avatar\/2b43fa8c0ad8e33b46a4732549f7fb20?s=96&d=mm&r=g","caption":"alessandra"},"url":"https:\/\/www.sinpro-rio.org.br\/principal\/author\/alessandra\/"}]}},"_links":{"self":[{"href":"https:\/\/www.sinpro-rio.org.br\/principal\/wp-json\/wp\/v2\/posts\/22017","targetHints":{"allow":["GET"]}}],"collection":[{"href":"https:\/\/www.sinpro-rio.org.br\/principal\/wp-json\/wp\/v2\/posts"}],"about":[{"href":"https:\/\/www.sinpro-rio.org.br\/principal\/wp-json\/wp\/v2\/types\/post"}],"author":[{"embeddable":true,"href":"https:\/\/www.sinpro-rio.org.br\/principal\/wp-json\/wp\/v2\/users\/2"}],"replies":[{"embeddable":true,"href":"https:\/\/www.sinpro-rio.org.br\/principal\/wp-json\/wp\/v2\/comments?post=22017"}],"version-history":[{"count":1,"href":"https:\/\/www.sinpro-rio.org.br\/principal\/wp-json\/wp\/v2\/posts\/22017\/revisions"}],"predecessor-version":[{"id":36030,"href":"https:\/\/www.sinpro-rio.org.br\/principal\/wp-json\/wp\/v2\/posts\/22017\/revisions\/36030"}],"wp:featuredmedia":[{"embeddable":true,"href":"https:\/\/www.sinpro-rio.org.br\/principal\/wp-json\/wp\/v2\/media\/22018"}],"wp:attachment":[{"href":"https:\/\/www.sinpro-rio.org.br\/principal\/wp-json\/wp\/v2\/media?parent=22017"}],"wp:term":[{"taxonomy":"category","embeddable":true,"href":"https:\/\/www.sinpro-rio.org.br\/principal\/wp-json\/wp\/v2\/categories?post=22017"},{"taxonomy":"post_tag","embeddable":true,"href":"https:\/\/www.sinpro-rio.org.br\/principal\/wp-json\/wp\/v2\/tags?post=22017"}],"curies":[{"name":"wp","href":"https:\/\/api.w.org\/{rel}","templated":true}]}}