{"id":22009,"date":"2018-06-19T13:00:00","date_gmt":"2018-06-19T13:00:00","guid":{"rendered":""},"modified":"2023-07-07T14:40:04","modified_gmt":"2023-07-07T17:40:04","slug":"vitorias-do-departamento-juridico-na-educac-o-superior","status":"publish","type":"post","link":"https:\/\/www.sinpro-rio.org.br\/principal\/vitorias-do-departamento-juridico-na-educac-o-superior\/","title":{"rendered":"Vit\u00f3rias do Departamento Jur\u00eddico na Educa\u00e7\u00e3o Superior"},"content":{"rendered":"<p>SINPRO &ndash; RIO AJUIZA A&Ccedil;&Atilde;O COLETIVA EM FACE DA UNIVERITAS<br \/>\nA Univeritas iniciou as suas atividades recentemente no Rio de Janeiro descumprindo a legisla&ccedil;&atilde;o trabalhista.<br \/>\nA institui&ccedil;&atilde;o n&atilde;o pagava para os seus professores o repouso semanal remunerado.<br \/>\nA a&ccedil;&atilde;o coletiva j&aacute; foi ajuizada e aguardamos a prola&ccedil;&atilde;o da senten&ccedil;a.<\/p>\n<p>\nUNIGRANRIO N&Atilde;O PAGA O VALOR DA HORA AULA<br \/>\nO Sinpro &ndash; Rio ajuizou a&ccedil;&atilde;o coletiva em face da Unigranrio postulando a condena&ccedil;&atilde;o da institui&ccedil;&atilde;o ao pagamento do valor da hora aula estabelecida na conven&ccedil;&atilde;o coletiva para as aulas ministradas pelos professores nas unidades do Munic&iacute;pio do Rio de Janeiro.<\/p>\n<p>ESTACIO &Eacute; CONDENADA A PAGAR AS DIFEREN&Ccedil;AS SALARIAIS PARA OS PROFESSORES DO PRONATEC<br \/>\nA Est&aacute;cio foi condenada a pagar as diferen&ccedil;as salariais em raz&atilde;o da inobserv&acirc;ncia do disposto nas conven&ccedil;&otilde;es coletivas para os professores que ministravam aulas para o Curso Pronatec.<br \/>\nIn&uacute;meros professores denunciaram a irregularidade e ajuizaram as suas a&ccedil;&otilde;es trabalhistas, tendo sido deferidas as diferen&ccedil;as salariais.<\/p>\n<p>SUAM &ndash; PRECEPTOR &Eacute; PROFESSOR<br \/>\nA Suam n&atilde;o aplica para os professores, denominados como &ldquo;preceptores&rdquo;, o disposto nas conven&ccedil;&otilde;es coletivas.<br \/>\nIn&uacute;meras decis&otilde;es judiciais condenaram a institui&ccedil;&atilde;o ao pagamento das diferen&ccedil;as salariais.<\/p>\n<p>VEIGA DE ALMEIDA N&Atilde;O HOMOLOGA NO SINPRO &ndash; RIO E N&Atilde;O PAGA DE FORMA CORRETA AS VERBAS RESCIS&Oacute;RIAS<br \/>\nOs professores dispensados no in&iacute;cio do ano pela Veiga de Almeida n&atilde;o receberam de forma correta as suas verbas rescis&oacute;rias, o que gerou o ajuizamento de a&ccedil;&otilde;es trabalhistas.<br \/>\nConstatou o Sindicato que al&eacute;m do pagamento irregular das verbas rescis&oacute;rias, a Veiga de Almeida n&atilde;o paga de forma correta, as aulas ministradas em EAD.<\/p>\n<p>FACHA &ndash; FACULDADES INTEGRADAS H&Eacute;LIO ALONSO<br \/>\nO Sinpro &ndash; Rio recebeu denuncia no sentido de que a Facha n&atilde;o est&aacute; pagando de forma integral, os sal&aacute;rios dos professores.<br \/>\nO n&atilde;o pagamento do sal&aacute;rio se constitui em grave infra&ccedil;&atilde;o ao contrato de trabalho e autoriza a rescis&atilde;o indireta pelo professor prejudicado.<br \/>\nIndependente da movimenta&ccedil;&atilde;o individual dos professores, o Sinpro &ndash; Rio adotar&aacute; as medidas necess&aacute;rias visando a regulariza&ccedil;&atilde;o do pagamento dos sal&aacute;rios.<\/p>\n<p>FACULDADES SENAI E SENAC N&Atilde;O CUMPREM A CONVEN&Ccedil;&Atilde;O COLETIVA<br \/>\nA Faculdade Senai e a Faculdade Senac n&atilde;o cumprem o disposto na conven&ccedil;&atilde;o coletiva da educa&ccedil;&atilde;o superior e foram acionadas judicialmente, por meio da propositura de a&ccedil;&otilde;es coletivas.<\/p>\n","protected":false},"excerpt":{"rendered":"<p>SINPRO &ndash; RIO AJUIZA A&Ccedil;&Atilde;O COLETIVA EM FACE DA UNIVERITAS A Univeritas iniciou as suas atividades recentemente no Rio de Janeiro descumprindo a legisla&ccedil;&atilde;o trabalhista. A institui&ccedil;&atilde;o n&atilde;o pagava para os seus professores o repouso semanal remunerado. A a&ccedil;&atilde;o coletiva j&aacute; foi ajuizada e aguardamos a prola&ccedil;&atilde;o da senten&ccedil;a. UNIGRANRIO N&Atilde;O PAGA O VALOR DA [&hellip;]<\/p>\n","protected":false},"author":2,"featured_media":22010,"comment_status":"closed","ping_status":"open","sticky":false,"template":"","format":"standard","meta":{"footnotes":""},"categories":[1],"tags":[495],"class_list":["post-22009","post","type-post","status-publish","format-standard","has-post-thumbnail","hentry","category-noticias","tag-estacio"],"yoast_head":"<!-- This site is optimized with the Yoast SEO plugin v25.7 - https:\/\/yoast.com\/wordpress\/plugins\/seo\/ -->\n<title>Vit\u00f3rias do Departamento Jur\u00eddico na Educa\u00e7\u00e3o Superior - Sinpro-Rio<\/title>\n<meta name=\"robots\" content=\"index, follow, max-snippet:-1, max-image-preview:large, max-video-preview:-1\" \/>\n<link rel=\"canonical\" href=\"https:\/\/www.sinpro-rio.org.br\/principal\/vitorias-do-departamento-juridico-na-educac-o-superior\/\" \/>\n<meta property=\"og:locale\" content=\"pt_BR\" \/>\n<meta property=\"og:type\" content=\"article\" \/>\n<meta property=\"og:title\" content=\"Vit\u00f3rias do Departamento Jur\u00eddico na Educa\u00e7\u00e3o Superior - Sinpro-Rio\" \/>\n<meta property=\"og:description\" content=\"SINPRO &ndash; RIO AJUIZA A&Ccedil;&Atilde;O COLETIVA EM FACE DA UNIVERITAS A Univeritas iniciou as suas atividades recentemente no Rio de Janeiro descumprindo a legisla&ccedil;&atilde;o trabalhista. A institui&ccedil;&atilde;o n&atilde;o pagava para os seus professores o repouso semanal remunerado. A a&ccedil;&atilde;o coletiva j&aacute; foi ajuizada e aguardamos a prola&ccedil;&atilde;o da senten&ccedil;a. UNIGRANRIO N&Atilde;O PAGA O VALOR DA [&hellip;]\" \/>\n<meta property=\"og:url\" content=\"https:\/\/www.sinpro-rio.org.br\/principal\/vitorias-do-departamento-juridico-na-educac-o-superior\/\" \/>\n<meta property=\"og:site_name\" content=\"Sinpro-Rio\" \/>\n<meta property=\"article:published_time\" content=\"2018-06-19T13:00:00+00:00\" \/>\n<meta property=\"article:modified_time\" content=\"2023-07-07T17:40:04+00:00\" \/>\n<meta name=\"author\" content=\"alessandra\" \/>\n<meta name=\"twitter:card\" content=\"summary_large_image\" \/>\n<meta name=\"twitter:label1\" content=\"Escrito por\" \/>\n\t<meta name=\"twitter:data1\" content=\"alessandra\" \/>\n\t<meta name=\"twitter:label2\" content=\"Est. tempo de leitura\" \/>\n\t<meta name=\"twitter:data2\" content=\"3 minutos\" \/>\n<script type=\"application\/ld+json\" class=\"yoast-schema-graph\">{\"@context\":\"https:\/\/schema.org\",\"@graph\":[{\"@type\":\"WebPage\",\"@id\":\"https:\/\/www.sinpro-rio.org.br\/principal\/vitorias-do-departamento-juridico-na-educac-o-superior\/\",\"url\":\"https:\/\/www.sinpro-rio.org.br\/principal\/vitorias-do-departamento-juridico-na-educac-o-superior\/\",\"name\":\"Vit\u00f3rias do Departamento Jur\u00eddico na Educa\u00e7\u00e3o Superior - Sinpro-Rio\",\"isPartOf\":{\"@id\":\"https:\/\/www.sinpro-rio.org.br\/principal\/#website\"},\"primaryImageOfPage\":{\"@id\":\"https:\/\/www.sinpro-rio.org.br\/principal\/vitorias-do-departamento-juridico-na-educac-o-superior\/#primaryimage\"},\"image\":{\"@id\":\"https:\/\/www.sinpro-rio.org.br\/principal\/vitorias-do-departamento-juridico-na-educac-o-superior\/#primaryimage\"},\"thumbnailUrl\":\"\",\"datePublished\":\"2018-06-19T13:00:00+00:00\",\"dateModified\":\"2023-07-07T17:40:04+00:00\",\"author\":{\"@id\":\"https:\/\/www.sinpro-rio.org.br\/principal\/#\/schema\/person\/ee17219e64d00d037e511ae59ce2227e\"},\"breadcrumb\":{\"@id\":\"https:\/\/www.sinpro-rio.org.br\/principal\/vitorias-do-departamento-juridico-na-educac-o-superior\/#breadcrumb\"},\"inLanguage\":\"pt-BR\",\"potentialAction\":[{\"@type\":\"ReadAction\",\"target\":[\"https:\/\/www.sinpro-rio.org.br\/principal\/vitorias-do-departamento-juridico-na-educac-o-superior\/\"]}]},{\"@type\":\"ImageObject\",\"inLanguage\":\"pt-BR\",\"@id\":\"https:\/\/www.sinpro-rio.org.br\/principal\/vitorias-do-departamento-juridico-na-educac-o-superior\/#primaryimage\",\"url\":\"\",\"contentUrl\":\"\"},{\"@type\":\"BreadcrumbList\",\"@id\":\"https:\/\/www.sinpro-rio.org.br\/principal\/vitorias-do-departamento-juridico-na-educac-o-superior\/#breadcrumb\",\"itemListElement\":[{\"@type\":\"ListItem\",\"position\":1,\"name\":\"In\u00edcio\",\"item\":\"https:\/\/www.sinpro-rio.org.br\/principal\/\"},{\"@type\":\"ListItem\",\"position\":2,\"name\":\"Vit\u00f3rias do Departamento Jur\u00eddico na Educa\u00e7\u00e3o Superior\"}]},{\"@type\":\"WebSite\",\"@id\":\"https:\/\/www.sinpro-rio.org.br\/principal\/#website\",\"url\":\"https:\/\/www.sinpro-rio.org.br\/principal\/\",\"name\":\"Sinpro-Rio\",\"description\":\"Sindicato dos Professores do Munic\u00edpio do Rio de Janeiro e Regi\u00e3o\",\"potentialAction\":[{\"@type\":\"SearchAction\",\"target\":{\"@type\":\"EntryPoint\",\"urlTemplate\":\"https:\/\/www.sinpro-rio.org.br\/principal\/?s={search_term_string}\"},\"query-input\":{\"@type\":\"PropertyValueSpecification\",\"valueRequired\":true,\"valueName\":\"search_term_string\"}}],\"inLanguage\":\"pt-BR\"},{\"@type\":\"Person\",\"@id\":\"https:\/\/www.sinpro-rio.org.br\/principal\/#\/schema\/person\/ee17219e64d00d037e511ae59ce2227e\",\"name\":\"alessandra\",\"image\":{\"@type\":\"ImageObject\",\"inLanguage\":\"pt-BR\",\"@id\":\"https:\/\/www.sinpro-rio.org.br\/principal\/#\/schema\/person\/image\/\",\"url\":\"https:\/\/secure.gravatar.com\/avatar\/2b43fa8c0ad8e33b46a4732549f7fb20?s=96&d=mm&r=g\",\"contentUrl\":\"https:\/\/secure.gravatar.com\/avatar\/2b43fa8c0ad8e33b46a4732549f7fb20?s=96&d=mm&r=g\",\"caption\":\"alessandra\"},\"url\":\"https:\/\/www.sinpro-rio.org.br\/principal\/author\/alessandra\/\"}]}<\/script>\n<!-- \/ Yoast SEO plugin. -->","yoast_head_json":{"title":"Vit\u00f3rias do Departamento Jur\u00eddico na Educa\u00e7\u00e3o Superior - Sinpro-Rio","robots":{"index":"index","follow":"follow","max-snippet":"max-snippet:-1","max-image-preview":"max-image-preview:large","max-video-preview":"max-video-preview:-1"},"canonical":"https:\/\/www.sinpro-rio.org.br\/principal\/vitorias-do-departamento-juridico-na-educac-o-superior\/","og_locale":"pt_BR","og_type":"article","og_title":"Vit\u00f3rias do Departamento Jur\u00eddico na Educa\u00e7\u00e3o Superior - Sinpro-Rio","og_description":"SINPRO &ndash; RIO AJUIZA A&Ccedil;&Atilde;O COLETIVA EM FACE DA UNIVERITAS A Univeritas iniciou as suas atividades recentemente no Rio de Janeiro descumprindo a legisla&ccedil;&atilde;o trabalhista. A institui&ccedil;&atilde;o n&atilde;o pagava para os seus professores o repouso semanal remunerado. A a&ccedil;&atilde;o coletiva j&aacute; foi ajuizada e aguardamos a prola&ccedil;&atilde;o da senten&ccedil;a. UNIGRANRIO N&Atilde;O PAGA O VALOR DA [&hellip;]","og_url":"https:\/\/www.sinpro-rio.org.br\/principal\/vitorias-do-departamento-juridico-na-educac-o-superior\/","og_site_name":"Sinpro-Rio","article_published_time":"2018-06-19T13:00:00+00:00","article_modified_time":"2023-07-07T17:40:04+00:00","author":"alessandra","twitter_card":"summary_large_image","twitter_misc":{"Escrito por":"alessandra","Est. tempo de leitura":"3 minutos"},"schema":{"@context":"https:\/\/schema.org","@graph":[{"@type":"WebPage","@id":"https:\/\/www.sinpro-rio.org.br\/principal\/vitorias-do-departamento-juridico-na-educac-o-superior\/","url":"https:\/\/www.sinpro-rio.org.br\/principal\/vitorias-do-departamento-juridico-na-educac-o-superior\/","name":"Vit\u00f3rias do Departamento Jur\u00eddico na Educa\u00e7\u00e3o Superior - Sinpro-Rio","isPartOf":{"@id":"https:\/\/www.sinpro-rio.org.br\/principal\/#website"},"primaryImageOfPage":{"@id":"https:\/\/www.sinpro-rio.org.br\/principal\/vitorias-do-departamento-juridico-na-educac-o-superior\/#primaryimage"},"image":{"@id":"https:\/\/www.sinpro-rio.org.br\/principal\/vitorias-do-departamento-juridico-na-educac-o-superior\/#primaryimage"},"thumbnailUrl":"","datePublished":"2018-06-19T13:00:00+00:00","dateModified":"2023-07-07T17:40:04+00:00","author":{"@id":"https:\/\/www.sinpro-rio.org.br\/principal\/#\/schema\/person\/ee17219e64d00d037e511ae59ce2227e"},"breadcrumb":{"@id":"https:\/\/www.sinpro-rio.org.br\/principal\/vitorias-do-departamento-juridico-na-educac-o-superior\/#breadcrumb"},"inLanguage":"pt-BR","potentialAction":[{"@type":"ReadAction","target":["https:\/\/www.sinpro-rio.org.br\/principal\/vitorias-do-departamento-juridico-na-educac-o-superior\/"]}]},{"@type":"ImageObject","inLanguage":"pt-BR","@id":"https:\/\/www.sinpro-rio.org.br\/principal\/vitorias-do-departamento-juridico-na-educac-o-superior\/#primaryimage","url":"","contentUrl":""},{"@type":"BreadcrumbList","@id":"https:\/\/www.sinpro-rio.org.br\/principal\/vitorias-do-departamento-juridico-na-educac-o-superior\/#breadcrumb","itemListElement":[{"@type":"ListItem","position":1,"name":"In\u00edcio","item":"https:\/\/www.sinpro-rio.org.br\/principal\/"},{"@type":"ListItem","position":2,"name":"Vit\u00f3rias do Departamento Jur\u00eddico na Educa\u00e7\u00e3o Superior"}]},{"@type":"WebSite","@id":"https:\/\/www.sinpro-rio.org.br\/principal\/#website","url":"https:\/\/www.sinpro-rio.org.br\/principal\/","name":"Sinpro-Rio","description":"Sindicato dos Professores do Munic\u00edpio do Rio de Janeiro e Regi\u00e3o","potentialAction":[{"@type":"SearchAction","target":{"@type":"EntryPoint","urlTemplate":"https:\/\/www.sinpro-rio.org.br\/principal\/?s={search_term_string}"},"query-input":{"@type":"PropertyValueSpecification","valueRequired":true,"valueName":"search_term_string"}}],"inLanguage":"pt-BR"},{"@type":"Person","@id":"https:\/\/www.sinpro-rio.org.br\/principal\/#\/schema\/person\/ee17219e64d00d037e511ae59ce2227e","name":"alessandra","image":{"@type":"ImageObject","inLanguage":"pt-BR","@id":"https:\/\/www.sinpro-rio.org.br\/principal\/#\/schema\/person\/image\/","url":"https:\/\/secure.gravatar.com\/avatar\/2b43fa8c0ad8e33b46a4732549f7fb20?s=96&d=mm&r=g","contentUrl":"https:\/\/secure.gravatar.com\/avatar\/2b43fa8c0ad8e33b46a4732549f7fb20?s=96&d=mm&r=g","caption":"alessandra"},"url":"https:\/\/www.sinpro-rio.org.br\/principal\/author\/alessandra\/"}]}},"_links":{"self":[{"href":"https:\/\/www.sinpro-rio.org.br\/principal\/wp-json\/wp\/v2\/posts\/22009","targetHints":{"allow":["GET"]}}],"collection":[{"href":"https:\/\/www.sinpro-rio.org.br\/principal\/wp-json\/wp\/v2\/posts"}],"about":[{"href":"https:\/\/www.sinpro-rio.org.br\/principal\/wp-json\/wp\/v2\/types\/post"}],"author":[{"embeddable":true,"href":"https:\/\/www.sinpro-rio.org.br\/principal\/wp-json\/wp\/v2\/users\/2"}],"replies":[{"embeddable":true,"href":"https:\/\/www.sinpro-rio.org.br\/principal\/wp-json\/wp\/v2\/comments?post=22009"}],"version-history":[{"count":1,"href":"https:\/\/www.sinpro-rio.org.br\/principal\/wp-json\/wp\/v2\/posts\/22009\/revisions"}],"predecessor-version":[{"id":36097,"href":"https:\/\/www.sinpro-rio.org.br\/principal\/wp-json\/wp\/v2\/posts\/22009\/revisions\/36097"}],"wp:featuredmedia":[{"embeddable":true,"href":"https:\/\/www.sinpro-rio.org.br\/principal\/wp-json\/wp\/v2\/media\/22010"}],"wp:attachment":[{"href":"https:\/\/www.sinpro-rio.org.br\/principal\/wp-json\/wp\/v2\/media?parent=22009"}],"wp:term":[{"taxonomy":"category","embeddable":true,"href":"https:\/\/www.sinpro-rio.org.br\/principal\/wp-json\/wp\/v2\/categories?post=22009"},{"taxonomy":"post_tag","embeddable":true,"href":"https:\/\/www.sinpro-rio.org.br\/principal\/wp-json\/wp\/v2\/tags?post=22009"}],"curies":[{"name":"wp","href":"https:\/\/api.w.org\/{rel}","templated":true}]}}