{"id":21970,"date":"2018-05-29T17:25:00","date_gmt":"2018-05-29T17:25:00","guid":{"rendered":""},"modified":"2023-07-07T14:39:25","modified_gmt":"2023-07-07T17:39:25","slug":"ac-o-de-professores-da-estacio-veja-a-lista-dos-beneficiarios-as","status":"publish","type":"post","link":"https:\/\/www.sinpro-rio.org.br\/principal\/ac-o-de-professores-da-estacio-veja-a-lista-dos-beneficiarios-as\/","title":{"rendered":"A\u00e7\u00e3o de professores da Est\u00e1cio: veja a lista dos benefici\u00e1rios\/as!"},"content":{"rendered":"\n<p>O Sinpro-Rio ajuizou, em 2004, a\u00e7\u00e3o coletiva em face da Est\u00e1cio (n\u00ba 0177200-98.2004.5.01.0034), postulando a condena\u00e7\u00e3o da institui\u00e7\u00e3o ao pagamento das diferen\u00e7as salariais em raz\u00e3o da inaplica\u00e7\u00e3o dos \u00edndices de reajuste estabelecidos na conven\u00e7\u00e3o coletiva da categoria no referido ano.<\/p>\n\n\n\n<p>&nbsp;A Est\u00e1cio ofereceu defesa reconhecendo que n\u00e3o aplicou de forma correta o \u00edndice de reajuste salarial para uma parte dos professores, o que demandou a produ\u00e7\u00e3o de uma prova pericial cont\u00e1bil para indica\u00e7\u00e3o dos professores prejudicados pela&nbsp;corre\u00e7\u00e3o irregular dos seus sal\u00e1rios.<\/p>\n\n\n\n<p>&nbsp;A per\u00edcia indicou os professores que n\u00e3o receberam de forma correta o reajuste, bem como a diferen\u00e7a salarial devida.<\/p>\n\n\n\n<p>&nbsp;A a\u00e7\u00e3o coletiva foi julgada procedente, tendo a Est\u00e1cio sido condenada ao pagamento das diferen\u00e7as salariais. Iniciamos a fase de execu\u00e7\u00e3o e a Est\u00e1cio apresentou proposta de pagamento que ser\u00e1 analisada pela assembleia convocada para 07 de junho, \u00e0s 10 horas, no audit\u00f3rio do Sinpro-Rio (Rua Pedro Lessa, n\u00ba 35, 2\u00ba andar, Centro).<\/p>\n\n\n\n<p><strong>&nbsp;Aten\u00e7\u00e3o!<\/strong><\/p>\n\n\n\n<p>A listagem dos professores e professoras benefici\u00e1rios\/as entrou no ar na manh\u00e3 de hoje,&nbsp;4 de junho de 2018, no link abaixo.&nbsp;Por ser uma lista muito extensa (cerca de 4 mil nomes), quaisquer d\u00favidas sobre inclus\u00f5es ou omiss\u00f5es de nomes, devem ser elucidadas com o Sindicato, pelo telefone (21) 3262-3400.<\/p>\n\n\n\n<div class=\"wp-block-file\"><a href=\"https:\/\/sinpro-rio.org.br\/principal\/wp-content\/uploads\/2019\/03\/Lista-estacio-34vt-nomes.pdf\" class=\"wp-block-file__button\" download>Veja aqui a lista de benefici\u00e1rios\/as!<\/a><\/div>\n\n\n\n<p><\/p>\n\n\n\n<p><\/p>\n","protected":false},"excerpt":{"rendered":"<p>O Sinpro-Rio ajuizou, em 2004, a\u00e7\u00e3o coletiva em face da Est\u00e1cio (n\u00ba 0177200-98.2004.5.01.0034), postulando a condena\u00e7\u00e3o da institui\u00e7\u00e3o ao pagamento das diferen\u00e7as salariais em raz\u00e3o da inaplica\u00e7\u00e3o dos \u00edndices de reajuste estabelecidos na conven\u00e7\u00e3o coletiva da categoria no referido ano. &nbsp;A Est\u00e1cio ofereceu defesa reconhecendo que n\u00e3o aplicou de forma correta o \u00edndice de reajuste [&hellip;]<\/p>\n","protected":false},"author":2,"featured_media":21971,"comment_status":"closed","ping_status":"open","sticky":false,"template":"","format":"standard","meta":{"footnotes":""},"categories":[1],"tags":[495],"class_list":["post-21970","post","type-post","status-publish","format-standard","has-post-thumbnail","hentry","category-noticias","tag-estacio"],"yoast_head":"<!-- This site is optimized with the Yoast SEO plugin v25.7 - https:\/\/yoast.com\/wordpress\/plugins\/seo\/ -->\n<title>A\u00e7\u00e3o de professores da Est\u00e1cio: veja a lista dos benefici\u00e1rios\/as! - Sinpro-Rio<\/title>\n<meta name=\"robots\" content=\"index, follow, max-snippet:-1, max-image-preview:large, max-video-preview:-1\" \/>\n<link rel=\"canonical\" href=\"https:\/\/www.sinpro-rio.org.br\/principal\/ac-o-de-professores-da-estacio-veja-a-lista-dos-beneficiarios-as\/\" \/>\n<meta property=\"og:locale\" content=\"pt_BR\" \/>\n<meta property=\"og:type\" content=\"article\" \/>\n<meta property=\"og:title\" content=\"A\u00e7\u00e3o de professores da Est\u00e1cio: veja a lista dos benefici\u00e1rios\/as! - Sinpro-Rio\" \/>\n<meta property=\"og:description\" content=\"O Sinpro-Rio ajuizou, em 2004, a\u00e7\u00e3o coletiva em face da Est\u00e1cio (n\u00ba 0177200-98.2004.5.01.0034), postulando a condena\u00e7\u00e3o da institui\u00e7\u00e3o ao pagamento das diferen\u00e7as salariais em raz\u00e3o da inaplica\u00e7\u00e3o dos \u00edndices de reajuste estabelecidos na conven\u00e7\u00e3o coletiva da categoria no referido ano. &nbsp;A Est\u00e1cio ofereceu defesa reconhecendo que n\u00e3o aplicou de forma correta o \u00edndice de reajuste [&hellip;]\" \/>\n<meta property=\"og:url\" content=\"https:\/\/www.sinpro-rio.org.br\/principal\/ac-o-de-professores-da-estacio-veja-a-lista-dos-beneficiarios-as\/\" \/>\n<meta property=\"og:site_name\" content=\"Sinpro-Rio\" \/>\n<meta property=\"article:published_time\" content=\"2018-05-29T17:25:00+00:00\" \/>\n<meta property=\"article:modified_time\" content=\"2023-07-07T17:39:25+00:00\" \/>\n<meta name=\"author\" content=\"alessandra\" \/>\n<meta name=\"twitter:card\" content=\"summary_large_image\" \/>\n<meta name=\"twitter:label1\" content=\"Escrito por\" \/>\n\t<meta name=\"twitter:data1\" content=\"alessandra\" \/>\n\t<meta name=\"twitter:label2\" content=\"Est. tempo de leitura\" \/>\n\t<meta name=\"twitter:data2\" content=\"1 minuto\" \/>\n<script type=\"application\/ld+json\" class=\"yoast-schema-graph\">{\"@context\":\"https:\/\/schema.org\",\"@graph\":[{\"@type\":\"WebPage\",\"@id\":\"https:\/\/www.sinpro-rio.org.br\/principal\/ac-o-de-professores-da-estacio-veja-a-lista-dos-beneficiarios-as\/\",\"url\":\"https:\/\/www.sinpro-rio.org.br\/principal\/ac-o-de-professores-da-estacio-veja-a-lista-dos-beneficiarios-as\/\",\"name\":\"A\u00e7\u00e3o de professores da Est\u00e1cio: veja a lista dos benefici\u00e1rios\/as! - Sinpro-Rio\",\"isPartOf\":{\"@id\":\"https:\/\/www.sinpro-rio.org.br\/principal\/#website\"},\"primaryImageOfPage\":{\"@id\":\"https:\/\/www.sinpro-rio.org.br\/principal\/ac-o-de-professores-da-estacio-veja-a-lista-dos-beneficiarios-as\/#primaryimage\"},\"image\":{\"@id\":\"https:\/\/www.sinpro-rio.org.br\/principal\/ac-o-de-professores-da-estacio-veja-a-lista-dos-beneficiarios-as\/#primaryimage\"},\"thumbnailUrl\":\"\",\"datePublished\":\"2018-05-29T17:25:00+00:00\",\"dateModified\":\"2023-07-07T17:39:25+00:00\",\"author\":{\"@id\":\"https:\/\/www.sinpro-rio.org.br\/principal\/#\/schema\/person\/ee17219e64d00d037e511ae59ce2227e\"},\"breadcrumb\":{\"@id\":\"https:\/\/www.sinpro-rio.org.br\/principal\/ac-o-de-professores-da-estacio-veja-a-lista-dos-beneficiarios-as\/#breadcrumb\"},\"inLanguage\":\"pt-BR\",\"potentialAction\":[{\"@type\":\"ReadAction\",\"target\":[\"https:\/\/www.sinpro-rio.org.br\/principal\/ac-o-de-professores-da-estacio-veja-a-lista-dos-beneficiarios-as\/\"]}]},{\"@type\":\"ImageObject\",\"inLanguage\":\"pt-BR\",\"@id\":\"https:\/\/www.sinpro-rio.org.br\/principal\/ac-o-de-professores-da-estacio-veja-a-lista-dos-beneficiarios-as\/#primaryimage\",\"url\":\"\",\"contentUrl\":\"\"},{\"@type\":\"BreadcrumbList\",\"@id\":\"https:\/\/www.sinpro-rio.org.br\/principal\/ac-o-de-professores-da-estacio-veja-a-lista-dos-beneficiarios-as\/#breadcrumb\",\"itemListElement\":[{\"@type\":\"ListItem\",\"position\":1,\"name\":\"In\u00edcio\",\"item\":\"https:\/\/www.sinpro-rio.org.br\/principal\/\"},{\"@type\":\"ListItem\",\"position\":2,\"name\":\"A\u00e7\u00e3o de professores da Est\u00e1cio: veja a lista dos benefici\u00e1rios\/as!\"}]},{\"@type\":\"WebSite\",\"@id\":\"https:\/\/www.sinpro-rio.org.br\/principal\/#website\",\"url\":\"https:\/\/www.sinpro-rio.org.br\/principal\/\",\"name\":\"Sinpro-Rio\",\"description\":\"Sindicato dos Professores do Munic\u00edpio do Rio de Janeiro e Regi\u00e3o\",\"potentialAction\":[{\"@type\":\"SearchAction\",\"target\":{\"@type\":\"EntryPoint\",\"urlTemplate\":\"https:\/\/www.sinpro-rio.org.br\/principal\/?s={search_term_string}\"},\"query-input\":{\"@type\":\"PropertyValueSpecification\",\"valueRequired\":true,\"valueName\":\"search_term_string\"}}],\"inLanguage\":\"pt-BR\"},{\"@type\":\"Person\",\"@id\":\"https:\/\/www.sinpro-rio.org.br\/principal\/#\/schema\/person\/ee17219e64d00d037e511ae59ce2227e\",\"name\":\"alessandra\",\"image\":{\"@type\":\"ImageObject\",\"inLanguage\":\"pt-BR\",\"@id\":\"https:\/\/www.sinpro-rio.org.br\/principal\/#\/schema\/person\/image\/\",\"url\":\"https:\/\/secure.gravatar.com\/avatar\/2b43fa8c0ad8e33b46a4732549f7fb20?s=96&d=mm&r=g\",\"contentUrl\":\"https:\/\/secure.gravatar.com\/avatar\/2b43fa8c0ad8e33b46a4732549f7fb20?s=96&d=mm&r=g\",\"caption\":\"alessandra\"},\"url\":\"https:\/\/www.sinpro-rio.org.br\/principal\/author\/alessandra\/\"}]}<\/script>\n<!-- \/ Yoast SEO plugin. -->","yoast_head_json":{"title":"A\u00e7\u00e3o de professores da Est\u00e1cio: veja a lista dos benefici\u00e1rios\/as! - Sinpro-Rio","robots":{"index":"index","follow":"follow","max-snippet":"max-snippet:-1","max-image-preview":"max-image-preview:large","max-video-preview":"max-video-preview:-1"},"canonical":"https:\/\/www.sinpro-rio.org.br\/principal\/ac-o-de-professores-da-estacio-veja-a-lista-dos-beneficiarios-as\/","og_locale":"pt_BR","og_type":"article","og_title":"A\u00e7\u00e3o de professores da Est\u00e1cio: veja a lista dos benefici\u00e1rios\/as! - Sinpro-Rio","og_description":"O Sinpro-Rio ajuizou, em 2004, a\u00e7\u00e3o coletiva em face da Est\u00e1cio (n\u00ba 0177200-98.2004.5.01.0034), postulando a condena\u00e7\u00e3o da institui\u00e7\u00e3o ao pagamento das diferen\u00e7as salariais em raz\u00e3o da inaplica\u00e7\u00e3o dos \u00edndices de reajuste estabelecidos na conven\u00e7\u00e3o coletiva da categoria no referido ano. &nbsp;A Est\u00e1cio ofereceu defesa reconhecendo que n\u00e3o aplicou de forma correta o \u00edndice de reajuste [&hellip;]","og_url":"https:\/\/www.sinpro-rio.org.br\/principal\/ac-o-de-professores-da-estacio-veja-a-lista-dos-beneficiarios-as\/","og_site_name":"Sinpro-Rio","article_published_time":"2018-05-29T17:25:00+00:00","article_modified_time":"2023-07-07T17:39:25+00:00","author":"alessandra","twitter_card":"summary_large_image","twitter_misc":{"Escrito por":"alessandra","Est. tempo de leitura":"1 minuto"},"schema":{"@context":"https:\/\/schema.org","@graph":[{"@type":"WebPage","@id":"https:\/\/www.sinpro-rio.org.br\/principal\/ac-o-de-professores-da-estacio-veja-a-lista-dos-beneficiarios-as\/","url":"https:\/\/www.sinpro-rio.org.br\/principal\/ac-o-de-professores-da-estacio-veja-a-lista-dos-beneficiarios-as\/","name":"A\u00e7\u00e3o de professores da Est\u00e1cio: veja a lista dos benefici\u00e1rios\/as! - Sinpro-Rio","isPartOf":{"@id":"https:\/\/www.sinpro-rio.org.br\/principal\/#website"},"primaryImageOfPage":{"@id":"https:\/\/www.sinpro-rio.org.br\/principal\/ac-o-de-professores-da-estacio-veja-a-lista-dos-beneficiarios-as\/#primaryimage"},"image":{"@id":"https:\/\/www.sinpro-rio.org.br\/principal\/ac-o-de-professores-da-estacio-veja-a-lista-dos-beneficiarios-as\/#primaryimage"},"thumbnailUrl":"","datePublished":"2018-05-29T17:25:00+00:00","dateModified":"2023-07-07T17:39:25+00:00","author":{"@id":"https:\/\/www.sinpro-rio.org.br\/principal\/#\/schema\/person\/ee17219e64d00d037e511ae59ce2227e"},"breadcrumb":{"@id":"https:\/\/www.sinpro-rio.org.br\/principal\/ac-o-de-professores-da-estacio-veja-a-lista-dos-beneficiarios-as\/#breadcrumb"},"inLanguage":"pt-BR","potentialAction":[{"@type":"ReadAction","target":["https:\/\/www.sinpro-rio.org.br\/principal\/ac-o-de-professores-da-estacio-veja-a-lista-dos-beneficiarios-as\/"]}]},{"@type":"ImageObject","inLanguage":"pt-BR","@id":"https:\/\/www.sinpro-rio.org.br\/principal\/ac-o-de-professores-da-estacio-veja-a-lista-dos-beneficiarios-as\/#primaryimage","url":"","contentUrl":""},{"@type":"BreadcrumbList","@id":"https:\/\/www.sinpro-rio.org.br\/principal\/ac-o-de-professores-da-estacio-veja-a-lista-dos-beneficiarios-as\/#breadcrumb","itemListElement":[{"@type":"ListItem","position":1,"name":"In\u00edcio","item":"https:\/\/www.sinpro-rio.org.br\/principal\/"},{"@type":"ListItem","position":2,"name":"A\u00e7\u00e3o de professores da Est\u00e1cio: veja a lista dos benefici\u00e1rios\/as!"}]},{"@type":"WebSite","@id":"https:\/\/www.sinpro-rio.org.br\/principal\/#website","url":"https:\/\/www.sinpro-rio.org.br\/principal\/","name":"Sinpro-Rio","description":"Sindicato dos Professores do Munic\u00edpio do Rio de Janeiro e Regi\u00e3o","potentialAction":[{"@type":"SearchAction","target":{"@type":"EntryPoint","urlTemplate":"https:\/\/www.sinpro-rio.org.br\/principal\/?s={search_term_string}"},"query-input":{"@type":"PropertyValueSpecification","valueRequired":true,"valueName":"search_term_string"}}],"inLanguage":"pt-BR"},{"@type":"Person","@id":"https:\/\/www.sinpro-rio.org.br\/principal\/#\/schema\/person\/ee17219e64d00d037e511ae59ce2227e","name":"alessandra","image":{"@type":"ImageObject","inLanguage":"pt-BR","@id":"https:\/\/www.sinpro-rio.org.br\/principal\/#\/schema\/person\/image\/","url":"https:\/\/secure.gravatar.com\/avatar\/2b43fa8c0ad8e33b46a4732549f7fb20?s=96&d=mm&r=g","contentUrl":"https:\/\/secure.gravatar.com\/avatar\/2b43fa8c0ad8e33b46a4732549f7fb20?s=96&d=mm&r=g","caption":"alessandra"},"url":"https:\/\/www.sinpro-rio.org.br\/principal\/author\/alessandra\/"}]}},"_links":{"self":[{"href":"https:\/\/www.sinpro-rio.org.br\/principal\/wp-json\/wp\/v2\/posts\/21970","targetHints":{"allow":["GET"]}}],"collection":[{"href":"https:\/\/www.sinpro-rio.org.br\/principal\/wp-json\/wp\/v2\/posts"}],"about":[{"href":"https:\/\/www.sinpro-rio.org.br\/principal\/wp-json\/wp\/v2\/types\/post"}],"author":[{"embeddable":true,"href":"https:\/\/www.sinpro-rio.org.br\/principal\/wp-json\/wp\/v2\/users\/2"}],"replies":[{"embeddable":true,"href":"https:\/\/www.sinpro-rio.org.br\/principal\/wp-json\/wp\/v2\/comments?post=21970"}],"version-history":[{"count":7,"href":"https:\/\/www.sinpro-rio.org.br\/principal\/wp-json\/wp\/v2\/posts\/21970\/revisions"}],"predecessor-version":[{"id":24067,"href":"https:\/\/www.sinpro-rio.org.br\/principal\/wp-json\/wp\/v2\/posts\/21970\/revisions\/24067"}],"wp:featuredmedia":[{"embeddable":true,"href":"https:\/\/www.sinpro-rio.org.br\/principal\/wp-json\/wp\/v2\/media\/21971"}],"wp:attachment":[{"href":"https:\/\/www.sinpro-rio.org.br\/principal\/wp-json\/wp\/v2\/media?parent=21970"}],"wp:term":[{"taxonomy":"category","embeddable":true,"href":"https:\/\/www.sinpro-rio.org.br\/principal\/wp-json\/wp\/v2\/categories?post=21970"},{"taxonomy":"post_tag","embeddable":true,"href":"https:\/\/www.sinpro-rio.org.br\/principal\/wp-json\/wp\/v2\/tags?post=21970"}],"curies":[{"name":"wp","href":"https:\/\/api.w.org\/{rel}","templated":true}]}}