{"id":21962,"date":"2018-05-28T09:19:00","date_gmt":"2018-05-28T09:19:00","guid":{"rendered":""},"modified":"2023-07-07T14:49:10","modified_gmt":"2023-07-07T17:49:10","slug":"educac-o-superior-assembleia-alerta-sobre-riscos-a-cct","status":"publish","type":"post","link":"https:\/\/www.sinpro-rio.org.br\/principal\/educac-o-superior-assembleia-alerta-sobre-riscos-a-cct\/","title":{"rendered":"Educa\u00e7\u00e3o Superior: assembleia alerta sobre riscos \u00e0 CCT"},"content":{"rendered":"<p>Assembleia da Educa&ccedil;&atilde;o Superior, Campanha Salarial 2018, realizada na sede do Sinpro-Rio, em 26 de maio, aprovou por unanimidade que sejam ampliados atos p&uacute;blicos e visitas aos estabelecimentos de ensino, bem como material de comunica&ccedil;&atilde;o.<\/p>\n<p>Foi ressaltado durante a assembleia que a Conven&ccedil;&atilde;o Coletiva de Trabalho na Educa&ccedil;&atilde;o superior est&aacute; em risco e que professoras e professores precisam, com&nbsp;maior mobiliza&ccedil;&atilde;o, ficarem atentos para que a categoria n&atilde;o perca direitos e conquistas.<\/p>\n<p>Foi destacado ainda que as reuni&otilde;es da diretoria a respeito da Campanha Salarial 2018 s&atilde;o abertas para toda a categoria.<\/p>\n<p>Na segunda-feira, 28 de maio, &agrave;s 16 horas, acontecer&aacute; reuni&atilde;o da Coordena&ccedil;&atilde;o da Educa&ccedil;&atilde;o Superior na sede do Sindicato, no sexto andar.<\/p>\n","protected":false},"excerpt":{"rendered":"<p>Assembleia da Educa&ccedil;&atilde;o Superior, Campanha Salarial 2018, realizada na sede do Sinpro-Rio, em 26 de maio, aprovou por unanimidade que sejam ampliados atos p&uacute;blicos e visitas aos estabelecimentos de ensino, bem como material de comunica&ccedil;&atilde;o. Foi ressaltado durante a assembleia que a Conven&ccedil;&atilde;o Coletiva de Trabalho na Educa&ccedil;&atilde;o superior est&aacute; em risco e que professoras [&hellip;]<\/p>\n","protected":false},"author":2,"featured_media":21963,"comment_status":"closed","ping_status":"open","sticky":false,"template":"","format":"standard","meta":{"footnotes":""},"categories":[1],"tags":[619],"class_list":["post-21962","post","type-post","status-publish","format-standard","has-post-thumbnail","hentry","category-noticias","tag-convencao-coletiva"],"yoast_head":"<!-- This site is optimized with the Yoast SEO plugin v25.7 - https:\/\/yoast.com\/wordpress\/plugins\/seo\/ -->\n<title>Educa\u00e7\u00e3o Superior: assembleia alerta sobre riscos \u00e0 CCT - Sinpro-Rio<\/title>\n<meta name=\"robots\" content=\"index, follow, max-snippet:-1, max-image-preview:large, max-video-preview:-1\" \/>\n<link rel=\"canonical\" href=\"https:\/\/www.sinpro-rio.org.br\/principal\/educac-o-superior-assembleia-alerta-sobre-riscos-a-cct\/\" \/>\n<meta property=\"og:locale\" content=\"pt_BR\" \/>\n<meta property=\"og:type\" content=\"article\" \/>\n<meta property=\"og:title\" content=\"Educa\u00e7\u00e3o Superior: assembleia alerta sobre riscos \u00e0 CCT - Sinpro-Rio\" \/>\n<meta property=\"og:description\" content=\"Assembleia da Educa&ccedil;&atilde;o Superior, Campanha Salarial 2018, realizada na sede do Sinpro-Rio, em 26 de maio, aprovou por unanimidade que sejam ampliados atos p&uacute;blicos e visitas aos estabelecimentos de ensino, bem como material de comunica&ccedil;&atilde;o. Foi ressaltado durante a assembleia que a Conven&ccedil;&atilde;o Coletiva de Trabalho na Educa&ccedil;&atilde;o superior est&aacute; em risco e que professoras [&hellip;]\" \/>\n<meta property=\"og:url\" content=\"https:\/\/www.sinpro-rio.org.br\/principal\/educac-o-superior-assembleia-alerta-sobre-riscos-a-cct\/\" \/>\n<meta property=\"og:site_name\" content=\"Sinpro-Rio\" \/>\n<meta property=\"article:published_time\" content=\"2018-05-28T09:19:00+00:00\" \/>\n<meta property=\"article:modified_time\" content=\"2023-07-07T17:49:10+00:00\" \/>\n<meta name=\"author\" content=\"alessandra\" \/>\n<meta name=\"twitter:card\" content=\"summary_large_image\" \/>\n<meta name=\"twitter:label1\" content=\"Escrito por\" \/>\n\t<meta name=\"twitter:data1\" content=\"alessandra\" \/>\n\t<meta name=\"twitter:label2\" content=\"Est. tempo de leitura\" \/>\n\t<meta name=\"twitter:data2\" content=\"1 minuto\" \/>\n<script type=\"application\/ld+json\" class=\"yoast-schema-graph\">{\"@context\":\"https:\/\/schema.org\",\"@graph\":[{\"@type\":\"WebPage\",\"@id\":\"https:\/\/www.sinpro-rio.org.br\/principal\/educac-o-superior-assembleia-alerta-sobre-riscos-a-cct\/\",\"url\":\"https:\/\/www.sinpro-rio.org.br\/principal\/educac-o-superior-assembleia-alerta-sobre-riscos-a-cct\/\",\"name\":\"Educa\u00e7\u00e3o Superior: assembleia alerta sobre riscos \u00e0 CCT - Sinpro-Rio\",\"isPartOf\":{\"@id\":\"https:\/\/www.sinpro-rio.org.br\/principal\/#website\"},\"primaryImageOfPage\":{\"@id\":\"https:\/\/www.sinpro-rio.org.br\/principal\/educac-o-superior-assembleia-alerta-sobre-riscos-a-cct\/#primaryimage\"},\"image\":{\"@id\":\"https:\/\/www.sinpro-rio.org.br\/principal\/educac-o-superior-assembleia-alerta-sobre-riscos-a-cct\/#primaryimage\"},\"thumbnailUrl\":\"\",\"datePublished\":\"2018-05-28T09:19:00+00:00\",\"dateModified\":\"2023-07-07T17:49:10+00:00\",\"author\":{\"@id\":\"https:\/\/www.sinpro-rio.org.br\/principal\/#\/schema\/person\/ee17219e64d00d037e511ae59ce2227e\"},\"breadcrumb\":{\"@id\":\"https:\/\/www.sinpro-rio.org.br\/principal\/educac-o-superior-assembleia-alerta-sobre-riscos-a-cct\/#breadcrumb\"},\"inLanguage\":\"pt-BR\",\"potentialAction\":[{\"@type\":\"ReadAction\",\"target\":[\"https:\/\/www.sinpro-rio.org.br\/principal\/educac-o-superior-assembleia-alerta-sobre-riscos-a-cct\/\"]}]},{\"@type\":\"ImageObject\",\"inLanguage\":\"pt-BR\",\"@id\":\"https:\/\/www.sinpro-rio.org.br\/principal\/educac-o-superior-assembleia-alerta-sobre-riscos-a-cct\/#primaryimage\",\"url\":\"\",\"contentUrl\":\"\"},{\"@type\":\"BreadcrumbList\",\"@id\":\"https:\/\/www.sinpro-rio.org.br\/principal\/educac-o-superior-assembleia-alerta-sobre-riscos-a-cct\/#breadcrumb\",\"itemListElement\":[{\"@type\":\"ListItem\",\"position\":1,\"name\":\"In\u00edcio\",\"item\":\"https:\/\/www.sinpro-rio.org.br\/principal\/\"},{\"@type\":\"ListItem\",\"position\":2,\"name\":\"Educa\u00e7\u00e3o Superior: assembleia alerta sobre riscos \u00e0 CCT\"}]},{\"@type\":\"WebSite\",\"@id\":\"https:\/\/www.sinpro-rio.org.br\/principal\/#website\",\"url\":\"https:\/\/www.sinpro-rio.org.br\/principal\/\",\"name\":\"Sinpro-Rio\",\"description\":\"Sindicato dos Professores do Munic\u00edpio do Rio de Janeiro e Regi\u00e3o\",\"potentialAction\":[{\"@type\":\"SearchAction\",\"target\":{\"@type\":\"EntryPoint\",\"urlTemplate\":\"https:\/\/www.sinpro-rio.org.br\/principal\/?s={search_term_string}\"},\"query-input\":{\"@type\":\"PropertyValueSpecification\",\"valueRequired\":true,\"valueName\":\"search_term_string\"}}],\"inLanguage\":\"pt-BR\"},{\"@type\":\"Person\",\"@id\":\"https:\/\/www.sinpro-rio.org.br\/principal\/#\/schema\/person\/ee17219e64d00d037e511ae59ce2227e\",\"name\":\"alessandra\",\"image\":{\"@type\":\"ImageObject\",\"inLanguage\":\"pt-BR\",\"@id\":\"https:\/\/www.sinpro-rio.org.br\/principal\/#\/schema\/person\/image\/\",\"url\":\"https:\/\/secure.gravatar.com\/avatar\/2b43fa8c0ad8e33b46a4732549f7fb20?s=96&d=mm&r=g\",\"contentUrl\":\"https:\/\/secure.gravatar.com\/avatar\/2b43fa8c0ad8e33b46a4732549f7fb20?s=96&d=mm&r=g\",\"caption\":\"alessandra\"},\"url\":\"https:\/\/www.sinpro-rio.org.br\/principal\/author\/alessandra\/\"}]}<\/script>\n<!-- \/ Yoast SEO plugin. -->","yoast_head_json":{"title":"Educa\u00e7\u00e3o Superior: assembleia alerta sobre riscos \u00e0 CCT - Sinpro-Rio","robots":{"index":"index","follow":"follow","max-snippet":"max-snippet:-1","max-image-preview":"max-image-preview:large","max-video-preview":"max-video-preview:-1"},"canonical":"https:\/\/www.sinpro-rio.org.br\/principal\/educac-o-superior-assembleia-alerta-sobre-riscos-a-cct\/","og_locale":"pt_BR","og_type":"article","og_title":"Educa\u00e7\u00e3o Superior: assembleia alerta sobre riscos \u00e0 CCT - Sinpro-Rio","og_description":"Assembleia da Educa&ccedil;&atilde;o Superior, Campanha Salarial 2018, realizada na sede do Sinpro-Rio, em 26 de maio, aprovou por unanimidade que sejam ampliados atos p&uacute;blicos e visitas aos estabelecimentos de ensino, bem como material de comunica&ccedil;&atilde;o. Foi ressaltado durante a assembleia que a Conven&ccedil;&atilde;o Coletiva de Trabalho na Educa&ccedil;&atilde;o superior est&aacute; em risco e que professoras [&hellip;]","og_url":"https:\/\/www.sinpro-rio.org.br\/principal\/educac-o-superior-assembleia-alerta-sobre-riscos-a-cct\/","og_site_name":"Sinpro-Rio","article_published_time":"2018-05-28T09:19:00+00:00","article_modified_time":"2023-07-07T17:49:10+00:00","author":"alessandra","twitter_card":"summary_large_image","twitter_misc":{"Escrito por":"alessandra","Est. tempo de leitura":"1 minuto"},"schema":{"@context":"https:\/\/schema.org","@graph":[{"@type":"WebPage","@id":"https:\/\/www.sinpro-rio.org.br\/principal\/educac-o-superior-assembleia-alerta-sobre-riscos-a-cct\/","url":"https:\/\/www.sinpro-rio.org.br\/principal\/educac-o-superior-assembleia-alerta-sobre-riscos-a-cct\/","name":"Educa\u00e7\u00e3o Superior: assembleia alerta sobre riscos \u00e0 CCT - Sinpro-Rio","isPartOf":{"@id":"https:\/\/www.sinpro-rio.org.br\/principal\/#website"},"primaryImageOfPage":{"@id":"https:\/\/www.sinpro-rio.org.br\/principal\/educac-o-superior-assembleia-alerta-sobre-riscos-a-cct\/#primaryimage"},"image":{"@id":"https:\/\/www.sinpro-rio.org.br\/principal\/educac-o-superior-assembleia-alerta-sobre-riscos-a-cct\/#primaryimage"},"thumbnailUrl":"","datePublished":"2018-05-28T09:19:00+00:00","dateModified":"2023-07-07T17:49:10+00:00","author":{"@id":"https:\/\/www.sinpro-rio.org.br\/principal\/#\/schema\/person\/ee17219e64d00d037e511ae59ce2227e"},"breadcrumb":{"@id":"https:\/\/www.sinpro-rio.org.br\/principal\/educac-o-superior-assembleia-alerta-sobre-riscos-a-cct\/#breadcrumb"},"inLanguage":"pt-BR","potentialAction":[{"@type":"ReadAction","target":["https:\/\/www.sinpro-rio.org.br\/principal\/educac-o-superior-assembleia-alerta-sobre-riscos-a-cct\/"]}]},{"@type":"ImageObject","inLanguage":"pt-BR","@id":"https:\/\/www.sinpro-rio.org.br\/principal\/educac-o-superior-assembleia-alerta-sobre-riscos-a-cct\/#primaryimage","url":"","contentUrl":""},{"@type":"BreadcrumbList","@id":"https:\/\/www.sinpro-rio.org.br\/principal\/educac-o-superior-assembleia-alerta-sobre-riscos-a-cct\/#breadcrumb","itemListElement":[{"@type":"ListItem","position":1,"name":"In\u00edcio","item":"https:\/\/www.sinpro-rio.org.br\/principal\/"},{"@type":"ListItem","position":2,"name":"Educa\u00e7\u00e3o Superior: assembleia alerta sobre riscos \u00e0 CCT"}]},{"@type":"WebSite","@id":"https:\/\/www.sinpro-rio.org.br\/principal\/#website","url":"https:\/\/www.sinpro-rio.org.br\/principal\/","name":"Sinpro-Rio","description":"Sindicato dos Professores do Munic\u00edpio do Rio de Janeiro e Regi\u00e3o","potentialAction":[{"@type":"SearchAction","target":{"@type":"EntryPoint","urlTemplate":"https:\/\/www.sinpro-rio.org.br\/principal\/?s={search_term_string}"},"query-input":{"@type":"PropertyValueSpecification","valueRequired":true,"valueName":"search_term_string"}}],"inLanguage":"pt-BR"},{"@type":"Person","@id":"https:\/\/www.sinpro-rio.org.br\/principal\/#\/schema\/person\/ee17219e64d00d037e511ae59ce2227e","name":"alessandra","image":{"@type":"ImageObject","inLanguage":"pt-BR","@id":"https:\/\/www.sinpro-rio.org.br\/principal\/#\/schema\/person\/image\/","url":"https:\/\/secure.gravatar.com\/avatar\/2b43fa8c0ad8e33b46a4732549f7fb20?s=96&d=mm&r=g","contentUrl":"https:\/\/secure.gravatar.com\/avatar\/2b43fa8c0ad8e33b46a4732549f7fb20?s=96&d=mm&r=g","caption":"alessandra"},"url":"https:\/\/www.sinpro-rio.org.br\/principal\/author\/alessandra\/"}]}},"_links":{"self":[{"href":"https:\/\/www.sinpro-rio.org.br\/principal\/wp-json\/wp\/v2\/posts\/21962","targetHints":{"allow":["GET"]}}],"collection":[{"href":"https:\/\/www.sinpro-rio.org.br\/principal\/wp-json\/wp\/v2\/posts"}],"about":[{"href":"https:\/\/www.sinpro-rio.org.br\/principal\/wp-json\/wp\/v2\/types\/post"}],"author":[{"embeddable":true,"href":"https:\/\/www.sinpro-rio.org.br\/principal\/wp-json\/wp\/v2\/users\/2"}],"replies":[{"embeddable":true,"href":"https:\/\/www.sinpro-rio.org.br\/principal\/wp-json\/wp\/v2\/comments?post=21962"}],"version-history":[{"count":1,"href":"https:\/\/www.sinpro-rio.org.br\/principal\/wp-json\/wp\/v2\/posts\/21962\/revisions"}],"predecessor-version":[{"id":36144,"href":"https:\/\/www.sinpro-rio.org.br\/principal\/wp-json\/wp\/v2\/posts\/21962\/revisions\/36144"}],"wp:featuredmedia":[{"embeddable":true,"href":"https:\/\/www.sinpro-rio.org.br\/principal\/wp-json\/wp\/v2\/media\/21963"}],"wp:attachment":[{"href":"https:\/\/www.sinpro-rio.org.br\/principal\/wp-json\/wp\/v2\/media?parent=21962"}],"wp:term":[{"taxonomy":"category","embeddable":true,"href":"https:\/\/www.sinpro-rio.org.br\/principal\/wp-json\/wp\/v2\/categories?post=21962"},{"taxonomy":"post_tag","embeddable":true,"href":"https:\/\/www.sinpro-rio.org.br\/principal\/wp-json\/wp\/v2\/tags?post=21962"}],"curies":[{"name":"wp","href":"https:\/\/api.w.org\/{rel}","templated":true}]}}