{"id":21960,"date":"2018-05-28T09:31:00","date_gmt":"2018-05-28T09:31:00","guid":{"rendered":""},"modified":"2023-07-07T14:49:22","modified_gmt":"2023-07-07T17:49:22","slug":"educac-o-basica-assembleia-aprova-proposta-de-acordo","status":"publish","type":"post","link":"https:\/\/www.sinpro-rio.org.br\/principal\/educac-o-basica-assembleia-aprova-proposta-de-acordo\/","title":{"rendered":"Educa\u00e7\u00e3o B\u00e1sica: assembleia aprova proposta de acordo"},"content":{"rendered":"<p>Foi aprovada por unanimidade a proposta da Campanha Salarial 2018 da Educa&ccedil;&atilde;o B&aacute;sica. Professoras e professores presentes &agrave; assembleia em 26 de maio na sede do Sinpro-Rio aprovaram o reajuste salarial de 2,45%, retroativo a abril deste ano.&nbsp;<br \/>\nTamb&eacute;m foi aprovada manuten&ccedil;&atilde;o das cl&aacute;usulas da CCT &ndash; Conven&ccedil;&atilde;o Coletiva do Trabalho, com o aprimoramento da cl&aacute;usula 27, a que concede o abono de falta para a professora ou professor para levar o\/a filho\/a ao m&eacute;dico. A idade do\/a filho\/a foi ampliada de 12 para 14 anos.<\/p>\n","protected":false},"excerpt":{"rendered":"<p>Foi aprovada por unanimidade a proposta da Campanha Salarial 2018 da Educa&ccedil;&atilde;o B&aacute;sica. Professoras e professores presentes &agrave; assembleia em 26 de maio na sede do Sinpro-Rio aprovaram o reajuste salarial de 2,45%, retroativo a abril deste ano.&nbsp; Tamb&eacute;m foi aprovada manuten&ccedil;&atilde;o das cl&aacute;usulas da CCT &ndash; Conven&ccedil;&atilde;o Coletiva do Trabalho, com o aprimoramento da [&hellip;]<\/p>\n","protected":false},"author":2,"featured_media":21961,"comment_status":"closed","ping_status":"open","sticky":false,"template":"","format":"standard","meta":{"footnotes":""},"categories":[1],"tags":[619],"class_list":["post-21960","post","type-post","status-publish","format-standard","has-post-thumbnail","hentry","category-noticias","tag-convencao-coletiva"],"yoast_head":"<!-- This site is optimized with the Yoast SEO plugin v25.7 - https:\/\/yoast.com\/wordpress\/plugins\/seo\/ -->\n<title>Educa\u00e7\u00e3o B\u00e1sica: assembleia aprova proposta de acordo - Sinpro-Rio<\/title>\n<meta name=\"robots\" content=\"index, follow, max-snippet:-1, max-image-preview:large, max-video-preview:-1\" \/>\n<link rel=\"canonical\" href=\"https:\/\/www.sinpro-rio.org.br\/principal\/educac-o-basica-assembleia-aprova-proposta-de-acordo\/\" \/>\n<meta property=\"og:locale\" content=\"pt_BR\" \/>\n<meta property=\"og:type\" content=\"article\" \/>\n<meta property=\"og:title\" content=\"Educa\u00e7\u00e3o B\u00e1sica: assembleia aprova proposta de acordo - Sinpro-Rio\" \/>\n<meta property=\"og:description\" content=\"Foi aprovada por unanimidade a proposta da Campanha Salarial 2018 da Educa&ccedil;&atilde;o B&aacute;sica. Professoras e professores presentes &agrave; assembleia em 26 de maio na sede do Sinpro-Rio aprovaram o reajuste salarial de 2,45%, retroativo a abril deste ano.&nbsp; Tamb&eacute;m foi aprovada manuten&ccedil;&atilde;o das cl&aacute;usulas da CCT &ndash; Conven&ccedil;&atilde;o Coletiva do Trabalho, com o aprimoramento da [&hellip;]\" \/>\n<meta property=\"og:url\" content=\"https:\/\/www.sinpro-rio.org.br\/principal\/educac-o-basica-assembleia-aprova-proposta-de-acordo\/\" \/>\n<meta property=\"og:site_name\" content=\"Sinpro-Rio\" \/>\n<meta property=\"article:published_time\" content=\"2018-05-28T09:31:00+00:00\" \/>\n<meta property=\"article:modified_time\" content=\"2023-07-07T17:49:22+00:00\" \/>\n<meta name=\"author\" content=\"alessandra\" \/>\n<meta name=\"twitter:card\" content=\"summary_large_image\" \/>\n<meta name=\"twitter:label1\" content=\"Escrito por\" \/>\n\t<meta name=\"twitter:data1\" content=\"alessandra\" \/>\n\t<meta name=\"twitter:label2\" content=\"Est. tempo de leitura\" \/>\n\t<meta name=\"twitter:data2\" content=\"1 minuto\" \/>\n<script type=\"application\/ld+json\" class=\"yoast-schema-graph\">{\"@context\":\"https:\/\/schema.org\",\"@graph\":[{\"@type\":\"WebPage\",\"@id\":\"https:\/\/www.sinpro-rio.org.br\/principal\/educac-o-basica-assembleia-aprova-proposta-de-acordo\/\",\"url\":\"https:\/\/www.sinpro-rio.org.br\/principal\/educac-o-basica-assembleia-aprova-proposta-de-acordo\/\",\"name\":\"Educa\u00e7\u00e3o B\u00e1sica: assembleia aprova proposta de acordo - Sinpro-Rio\",\"isPartOf\":{\"@id\":\"https:\/\/www.sinpro-rio.org.br\/principal\/#website\"},\"primaryImageOfPage\":{\"@id\":\"https:\/\/www.sinpro-rio.org.br\/principal\/educac-o-basica-assembleia-aprova-proposta-de-acordo\/#primaryimage\"},\"image\":{\"@id\":\"https:\/\/www.sinpro-rio.org.br\/principal\/educac-o-basica-assembleia-aprova-proposta-de-acordo\/#primaryimage\"},\"thumbnailUrl\":\"\",\"datePublished\":\"2018-05-28T09:31:00+00:00\",\"dateModified\":\"2023-07-07T17:49:22+00:00\",\"author\":{\"@id\":\"https:\/\/www.sinpro-rio.org.br\/principal\/#\/schema\/person\/ee17219e64d00d037e511ae59ce2227e\"},\"breadcrumb\":{\"@id\":\"https:\/\/www.sinpro-rio.org.br\/principal\/educac-o-basica-assembleia-aprova-proposta-de-acordo\/#breadcrumb\"},\"inLanguage\":\"pt-BR\",\"potentialAction\":[{\"@type\":\"ReadAction\",\"target\":[\"https:\/\/www.sinpro-rio.org.br\/principal\/educac-o-basica-assembleia-aprova-proposta-de-acordo\/\"]}]},{\"@type\":\"ImageObject\",\"inLanguage\":\"pt-BR\",\"@id\":\"https:\/\/www.sinpro-rio.org.br\/principal\/educac-o-basica-assembleia-aprova-proposta-de-acordo\/#primaryimage\",\"url\":\"\",\"contentUrl\":\"\"},{\"@type\":\"BreadcrumbList\",\"@id\":\"https:\/\/www.sinpro-rio.org.br\/principal\/educac-o-basica-assembleia-aprova-proposta-de-acordo\/#breadcrumb\",\"itemListElement\":[{\"@type\":\"ListItem\",\"position\":1,\"name\":\"In\u00edcio\",\"item\":\"https:\/\/www.sinpro-rio.org.br\/principal\/\"},{\"@type\":\"ListItem\",\"position\":2,\"name\":\"Educa\u00e7\u00e3o B\u00e1sica: assembleia aprova proposta de acordo\"}]},{\"@type\":\"WebSite\",\"@id\":\"https:\/\/www.sinpro-rio.org.br\/principal\/#website\",\"url\":\"https:\/\/www.sinpro-rio.org.br\/principal\/\",\"name\":\"Sinpro-Rio\",\"description\":\"Sindicato dos Professores do Munic\u00edpio do Rio de Janeiro e Regi\u00e3o\",\"potentialAction\":[{\"@type\":\"SearchAction\",\"target\":{\"@type\":\"EntryPoint\",\"urlTemplate\":\"https:\/\/www.sinpro-rio.org.br\/principal\/?s={search_term_string}\"},\"query-input\":{\"@type\":\"PropertyValueSpecification\",\"valueRequired\":true,\"valueName\":\"search_term_string\"}}],\"inLanguage\":\"pt-BR\"},{\"@type\":\"Person\",\"@id\":\"https:\/\/www.sinpro-rio.org.br\/principal\/#\/schema\/person\/ee17219e64d00d037e511ae59ce2227e\",\"name\":\"alessandra\",\"image\":{\"@type\":\"ImageObject\",\"inLanguage\":\"pt-BR\",\"@id\":\"https:\/\/www.sinpro-rio.org.br\/principal\/#\/schema\/person\/image\/\",\"url\":\"https:\/\/secure.gravatar.com\/avatar\/2b43fa8c0ad8e33b46a4732549f7fb20?s=96&d=mm&r=g\",\"contentUrl\":\"https:\/\/secure.gravatar.com\/avatar\/2b43fa8c0ad8e33b46a4732549f7fb20?s=96&d=mm&r=g\",\"caption\":\"alessandra\"},\"url\":\"https:\/\/www.sinpro-rio.org.br\/principal\/author\/alessandra\/\"}]}<\/script>\n<!-- \/ Yoast SEO plugin. -->","yoast_head_json":{"title":"Educa\u00e7\u00e3o B\u00e1sica: assembleia aprova proposta de acordo - Sinpro-Rio","robots":{"index":"index","follow":"follow","max-snippet":"max-snippet:-1","max-image-preview":"max-image-preview:large","max-video-preview":"max-video-preview:-1"},"canonical":"https:\/\/www.sinpro-rio.org.br\/principal\/educac-o-basica-assembleia-aprova-proposta-de-acordo\/","og_locale":"pt_BR","og_type":"article","og_title":"Educa\u00e7\u00e3o B\u00e1sica: assembleia aprova proposta de acordo - Sinpro-Rio","og_description":"Foi aprovada por unanimidade a proposta da Campanha Salarial 2018 da Educa&ccedil;&atilde;o B&aacute;sica. Professoras e professores presentes &agrave; assembleia em 26 de maio na sede do Sinpro-Rio aprovaram o reajuste salarial de 2,45%, retroativo a abril deste ano.&nbsp; Tamb&eacute;m foi aprovada manuten&ccedil;&atilde;o das cl&aacute;usulas da CCT &ndash; Conven&ccedil;&atilde;o Coletiva do Trabalho, com o aprimoramento da [&hellip;]","og_url":"https:\/\/www.sinpro-rio.org.br\/principal\/educac-o-basica-assembleia-aprova-proposta-de-acordo\/","og_site_name":"Sinpro-Rio","article_published_time":"2018-05-28T09:31:00+00:00","article_modified_time":"2023-07-07T17:49:22+00:00","author":"alessandra","twitter_card":"summary_large_image","twitter_misc":{"Escrito por":"alessandra","Est. tempo de leitura":"1 minuto"},"schema":{"@context":"https:\/\/schema.org","@graph":[{"@type":"WebPage","@id":"https:\/\/www.sinpro-rio.org.br\/principal\/educac-o-basica-assembleia-aprova-proposta-de-acordo\/","url":"https:\/\/www.sinpro-rio.org.br\/principal\/educac-o-basica-assembleia-aprova-proposta-de-acordo\/","name":"Educa\u00e7\u00e3o B\u00e1sica: assembleia aprova proposta de acordo - Sinpro-Rio","isPartOf":{"@id":"https:\/\/www.sinpro-rio.org.br\/principal\/#website"},"primaryImageOfPage":{"@id":"https:\/\/www.sinpro-rio.org.br\/principal\/educac-o-basica-assembleia-aprova-proposta-de-acordo\/#primaryimage"},"image":{"@id":"https:\/\/www.sinpro-rio.org.br\/principal\/educac-o-basica-assembleia-aprova-proposta-de-acordo\/#primaryimage"},"thumbnailUrl":"","datePublished":"2018-05-28T09:31:00+00:00","dateModified":"2023-07-07T17:49:22+00:00","author":{"@id":"https:\/\/www.sinpro-rio.org.br\/principal\/#\/schema\/person\/ee17219e64d00d037e511ae59ce2227e"},"breadcrumb":{"@id":"https:\/\/www.sinpro-rio.org.br\/principal\/educac-o-basica-assembleia-aprova-proposta-de-acordo\/#breadcrumb"},"inLanguage":"pt-BR","potentialAction":[{"@type":"ReadAction","target":["https:\/\/www.sinpro-rio.org.br\/principal\/educac-o-basica-assembleia-aprova-proposta-de-acordo\/"]}]},{"@type":"ImageObject","inLanguage":"pt-BR","@id":"https:\/\/www.sinpro-rio.org.br\/principal\/educac-o-basica-assembleia-aprova-proposta-de-acordo\/#primaryimage","url":"","contentUrl":""},{"@type":"BreadcrumbList","@id":"https:\/\/www.sinpro-rio.org.br\/principal\/educac-o-basica-assembleia-aprova-proposta-de-acordo\/#breadcrumb","itemListElement":[{"@type":"ListItem","position":1,"name":"In\u00edcio","item":"https:\/\/www.sinpro-rio.org.br\/principal\/"},{"@type":"ListItem","position":2,"name":"Educa\u00e7\u00e3o B\u00e1sica: assembleia aprova proposta de acordo"}]},{"@type":"WebSite","@id":"https:\/\/www.sinpro-rio.org.br\/principal\/#website","url":"https:\/\/www.sinpro-rio.org.br\/principal\/","name":"Sinpro-Rio","description":"Sindicato dos Professores do Munic\u00edpio do Rio de Janeiro e Regi\u00e3o","potentialAction":[{"@type":"SearchAction","target":{"@type":"EntryPoint","urlTemplate":"https:\/\/www.sinpro-rio.org.br\/principal\/?s={search_term_string}"},"query-input":{"@type":"PropertyValueSpecification","valueRequired":true,"valueName":"search_term_string"}}],"inLanguage":"pt-BR"},{"@type":"Person","@id":"https:\/\/www.sinpro-rio.org.br\/principal\/#\/schema\/person\/ee17219e64d00d037e511ae59ce2227e","name":"alessandra","image":{"@type":"ImageObject","inLanguage":"pt-BR","@id":"https:\/\/www.sinpro-rio.org.br\/principal\/#\/schema\/person\/image\/","url":"https:\/\/secure.gravatar.com\/avatar\/2b43fa8c0ad8e33b46a4732549f7fb20?s=96&d=mm&r=g","contentUrl":"https:\/\/secure.gravatar.com\/avatar\/2b43fa8c0ad8e33b46a4732549f7fb20?s=96&d=mm&r=g","caption":"alessandra"},"url":"https:\/\/www.sinpro-rio.org.br\/principal\/author\/alessandra\/"}]}},"_links":{"self":[{"href":"https:\/\/www.sinpro-rio.org.br\/principal\/wp-json\/wp\/v2\/posts\/21960","targetHints":{"allow":["GET"]}}],"collection":[{"href":"https:\/\/www.sinpro-rio.org.br\/principal\/wp-json\/wp\/v2\/posts"}],"about":[{"href":"https:\/\/www.sinpro-rio.org.br\/principal\/wp-json\/wp\/v2\/types\/post"}],"author":[{"embeddable":true,"href":"https:\/\/www.sinpro-rio.org.br\/principal\/wp-json\/wp\/v2\/users\/2"}],"replies":[{"embeddable":true,"href":"https:\/\/www.sinpro-rio.org.br\/principal\/wp-json\/wp\/v2\/comments?post=21960"}],"version-history":[{"count":1,"href":"https:\/\/www.sinpro-rio.org.br\/principal\/wp-json\/wp\/v2\/posts\/21960\/revisions"}],"predecessor-version":[{"id":36151,"href":"https:\/\/www.sinpro-rio.org.br\/principal\/wp-json\/wp\/v2\/posts\/21960\/revisions\/36151"}],"wp:featuredmedia":[{"embeddable":true,"href":"https:\/\/www.sinpro-rio.org.br\/principal\/wp-json\/wp\/v2\/media\/21961"}],"wp:attachment":[{"href":"https:\/\/www.sinpro-rio.org.br\/principal\/wp-json\/wp\/v2\/media?parent=21960"}],"wp:term":[{"taxonomy":"category","embeddable":true,"href":"https:\/\/www.sinpro-rio.org.br\/principal\/wp-json\/wp\/v2\/categories?post=21960"},{"taxonomy":"post_tag","embeddable":true,"href":"https:\/\/www.sinpro-rio.org.br\/principal\/wp-json\/wp\/v2\/tags?post=21960"}],"curies":[{"name":"wp","href":"https:\/\/api.w.org\/{rel}","templated":true}]}}