{"id":21948,"date":"2018-05-22T17:00:00","date_gmt":"2018-05-22T17:00:00","guid":{"rendered":""},"modified":"2018-10-26T20:45:07","modified_gmt":"2018-10-26T23:45:07","slug":"nota-de-pesar-trompetista-prof-dr-rubens-brand-o","status":"publish","type":"post","link":"https:\/\/www.sinpro-rio.org.br\/principal\/nota-de-pesar-trompetista-prof-dr-rubens-brand-o\/","title":{"rendered":"Nota de pesar: trompetista prof. Dr. Rubens Brand\u00e3o"},"content":{"rendered":"<p>Com pesar, comunicamos o falecimento, no Rio de Janeiro, do trompetista prof. Dr. Rubens Brand\u00e3o, professor da Escola de M\u00fasica da UFRJ por v\u00e1rias d\u00e9cadas, figura \u00edmpar do meio musical carioca.\u00a0Atuou em v\u00e1rias orquestras sinf\u00f4nicas, como a OSB, OSN, OSTM-RJ e ORSEM-RJ. \u00c9 considerado um dos \u00edcones do trompete no cen\u00e1rio brasileiro.<br \/>\nO trompetista Maico Lopes, em sua disserta\u00e7\u00e3o de mestrado afirmou que Rubens Brand\u00e3o foi o respons\u00e1vel pela cria\u00e7\u00e3o do primeiro quinteto de metais na cidade do Rio de Janeiro, em 1976.\u00a0A este mestre, nosso eterno agradecimento pela sua trajet\u00f3ria vitoriosa e por tudo que nos legou em seus anos de incans\u00e1vel dedica\u00e7\u00e3o \u00e0 m\u00fasica brasileira!<\/p>\n<p>O Sinpro-Rio se solidariza com a fam\u00edlia de Rubens Brand\u00e3o.<\/p>\n<p><img fetchpriority=\"high\" decoding=\"async\" class=\"aligncenter\" src=\"https:\/\/www.sinpro-rio.org.br\/site\/site\/assets\/uploads\/images\/eny.jpg\" width=\"436\" height=\"436\" \/><\/p>\n","protected":false},"excerpt":{"rendered":"<p>Com pesar, comunicamos o falecimento, no Rio de Janeiro, do trompetista prof. Dr. Rubens Brand\u00e3o, professor da Escola de M\u00fasica da UFRJ por v\u00e1rias d\u00e9cadas, figura \u00edmpar do meio musical carioca.\u00a0Atuou em v\u00e1rias orquestras sinf\u00f4nicas, como a OSB, OSN, OSTM-RJ e ORSEM-RJ. \u00c9 considerado um dos \u00edcones do trompete no cen\u00e1rio brasileiro. O trompetista Maico [&hellip;]<\/p>\n","protected":false},"author":2,"featured_media":0,"comment_status":"closed","ping_status":"open","sticky":false,"template":"","format":"standard","meta":{"footnotes":""},"categories":[1],"tags":[],"class_list":["post-21948","post","type-post","status-publish","format-standard","hentry","category-noticias"],"yoast_head":"<!-- This site is optimized with the Yoast SEO plugin v25.7 - https:\/\/yoast.com\/wordpress\/plugins\/seo\/ -->\n<title>Nota de pesar: trompetista prof. Dr. Rubens Brand\u00e3o - Sinpro-Rio<\/title>\n<meta name=\"robots\" content=\"index, follow, max-snippet:-1, max-image-preview:large, max-video-preview:-1\" \/>\n<link rel=\"canonical\" href=\"https:\/\/www.sinpro-rio.org.br\/principal\/nota-de-pesar-trompetista-prof-dr-rubens-brand-o\/\" \/>\n<meta property=\"og:locale\" content=\"pt_BR\" \/>\n<meta property=\"og:type\" content=\"article\" \/>\n<meta property=\"og:title\" content=\"Nota de pesar: trompetista prof. Dr. Rubens Brand\u00e3o - Sinpro-Rio\" \/>\n<meta property=\"og:description\" content=\"Com pesar, comunicamos o falecimento, no Rio de Janeiro, do trompetista prof. Dr. Rubens Brand\u00e3o, professor da Escola de M\u00fasica da UFRJ por v\u00e1rias d\u00e9cadas, figura \u00edmpar do meio musical carioca.\u00a0Atuou em v\u00e1rias orquestras sinf\u00f4nicas, como a OSB, OSN, OSTM-RJ e ORSEM-RJ. \u00c9 considerado um dos \u00edcones do trompete no cen\u00e1rio brasileiro. O trompetista Maico [&hellip;]\" \/>\n<meta property=\"og:url\" content=\"https:\/\/www.sinpro-rio.org.br\/principal\/nota-de-pesar-trompetista-prof-dr-rubens-brand-o\/\" \/>\n<meta property=\"og:site_name\" content=\"Sinpro-Rio\" \/>\n<meta property=\"article:published_time\" content=\"2018-05-22T17:00:00+00:00\" \/>\n<meta property=\"article:modified_time\" content=\"2018-10-26T23:45:07+00:00\" \/>\n<meta property=\"og:image\" content=\"https:\/\/www.sinpro-rio.org.br\/site\/site\/assets\/uploads\/images\/eny.jpg\" \/>\n<meta name=\"author\" content=\"alessandra\" \/>\n<meta name=\"twitter:card\" content=\"summary_large_image\" \/>\n<meta name=\"twitter:label1\" content=\"Escrito por\" \/>\n\t<meta name=\"twitter:data1\" content=\"alessandra\" \/>\n\t<meta name=\"twitter:label2\" content=\"Est. tempo de leitura\" \/>\n\t<meta name=\"twitter:data2\" content=\"1 minuto\" \/>\n<script type=\"application\/ld+json\" class=\"yoast-schema-graph\">{\"@context\":\"https:\/\/schema.org\",\"@graph\":[{\"@type\":\"WebPage\",\"@id\":\"https:\/\/www.sinpro-rio.org.br\/principal\/nota-de-pesar-trompetista-prof-dr-rubens-brand-o\/\",\"url\":\"https:\/\/www.sinpro-rio.org.br\/principal\/nota-de-pesar-trompetista-prof-dr-rubens-brand-o\/\",\"name\":\"Nota de pesar: trompetista prof. Dr. Rubens Brand\u00e3o - Sinpro-Rio\",\"isPartOf\":{\"@id\":\"https:\/\/www.sinpro-rio.org.br\/principal\/#website\"},\"primaryImageOfPage\":{\"@id\":\"https:\/\/www.sinpro-rio.org.br\/principal\/nota-de-pesar-trompetista-prof-dr-rubens-brand-o\/#primaryimage\"},\"image\":{\"@id\":\"https:\/\/www.sinpro-rio.org.br\/principal\/nota-de-pesar-trompetista-prof-dr-rubens-brand-o\/#primaryimage\"},\"thumbnailUrl\":\"https:\/\/www.sinpro-rio.org.br\/site\/site\/assets\/uploads\/images\/eny.jpg\",\"datePublished\":\"2018-05-22T17:00:00+00:00\",\"dateModified\":\"2018-10-26T23:45:07+00:00\",\"author\":{\"@id\":\"https:\/\/www.sinpro-rio.org.br\/principal\/#\/schema\/person\/ee17219e64d00d037e511ae59ce2227e\"},\"breadcrumb\":{\"@id\":\"https:\/\/www.sinpro-rio.org.br\/principal\/nota-de-pesar-trompetista-prof-dr-rubens-brand-o\/#breadcrumb\"},\"inLanguage\":\"pt-BR\",\"potentialAction\":[{\"@type\":\"ReadAction\",\"target\":[\"https:\/\/www.sinpro-rio.org.br\/principal\/nota-de-pesar-trompetista-prof-dr-rubens-brand-o\/\"]}]},{\"@type\":\"ImageObject\",\"inLanguage\":\"pt-BR\",\"@id\":\"https:\/\/www.sinpro-rio.org.br\/principal\/nota-de-pesar-trompetista-prof-dr-rubens-brand-o\/#primaryimage\",\"url\":\"https:\/\/www.sinpro-rio.org.br\/site\/site\/assets\/uploads\/images\/eny.jpg\",\"contentUrl\":\"https:\/\/www.sinpro-rio.org.br\/site\/site\/assets\/uploads\/images\/eny.jpg\"},{\"@type\":\"BreadcrumbList\",\"@id\":\"https:\/\/www.sinpro-rio.org.br\/principal\/nota-de-pesar-trompetista-prof-dr-rubens-brand-o\/#breadcrumb\",\"itemListElement\":[{\"@type\":\"ListItem\",\"position\":1,\"name\":\"In\u00edcio\",\"item\":\"https:\/\/www.sinpro-rio.org.br\/principal\/\"},{\"@type\":\"ListItem\",\"position\":2,\"name\":\"Nota de pesar: trompetista prof. Dr. Rubens Brand\u00e3o\"}]},{\"@type\":\"WebSite\",\"@id\":\"https:\/\/www.sinpro-rio.org.br\/principal\/#website\",\"url\":\"https:\/\/www.sinpro-rio.org.br\/principal\/\",\"name\":\"Sinpro-Rio\",\"description\":\"Sindicato dos Professores do Munic\u00edpio do Rio de Janeiro e Regi\u00e3o\",\"potentialAction\":[{\"@type\":\"SearchAction\",\"target\":{\"@type\":\"EntryPoint\",\"urlTemplate\":\"https:\/\/www.sinpro-rio.org.br\/principal\/?s={search_term_string}\"},\"query-input\":{\"@type\":\"PropertyValueSpecification\",\"valueRequired\":true,\"valueName\":\"search_term_string\"}}],\"inLanguage\":\"pt-BR\"},{\"@type\":\"Person\",\"@id\":\"https:\/\/www.sinpro-rio.org.br\/principal\/#\/schema\/person\/ee17219e64d00d037e511ae59ce2227e\",\"name\":\"alessandra\",\"image\":{\"@type\":\"ImageObject\",\"inLanguage\":\"pt-BR\",\"@id\":\"https:\/\/www.sinpro-rio.org.br\/principal\/#\/schema\/person\/image\/\",\"url\":\"https:\/\/secure.gravatar.com\/avatar\/2b43fa8c0ad8e33b46a4732549f7fb20?s=96&d=mm&r=g\",\"contentUrl\":\"https:\/\/secure.gravatar.com\/avatar\/2b43fa8c0ad8e33b46a4732549f7fb20?s=96&d=mm&r=g\",\"caption\":\"alessandra\"},\"url\":\"https:\/\/www.sinpro-rio.org.br\/principal\/author\/alessandra\/\"}]}<\/script>\n<!-- \/ Yoast SEO plugin. -->","yoast_head_json":{"title":"Nota de pesar: trompetista prof. Dr. Rubens Brand\u00e3o - Sinpro-Rio","robots":{"index":"index","follow":"follow","max-snippet":"max-snippet:-1","max-image-preview":"max-image-preview:large","max-video-preview":"max-video-preview:-1"},"canonical":"https:\/\/www.sinpro-rio.org.br\/principal\/nota-de-pesar-trompetista-prof-dr-rubens-brand-o\/","og_locale":"pt_BR","og_type":"article","og_title":"Nota de pesar: trompetista prof. Dr. Rubens Brand\u00e3o - Sinpro-Rio","og_description":"Com pesar, comunicamos o falecimento, no Rio de Janeiro, do trompetista prof. Dr. Rubens Brand\u00e3o, professor da Escola de M\u00fasica da UFRJ por v\u00e1rias d\u00e9cadas, figura \u00edmpar do meio musical carioca.\u00a0Atuou em v\u00e1rias orquestras sinf\u00f4nicas, como a OSB, OSN, OSTM-RJ e ORSEM-RJ. \u00c9 considerado um dos \u00edcones do trompete no cen\u00e1rio brasileiro. O trompetista Maico [&hellip;]","og_url":"https:\/\/www.sinpro-rio.org.br\/principal\/nota-de-pesar-trompetista-prof-dr-rubens-brand-o\/","og_site_name":"Sinpro-Rio","article_published_time":"2018-05-22T17:00:00+00:00","article_modified_time":"2018-10-26T23:45:07+00:00","og_image":[{"url":"https:\/\/www.sinpro-rio.org.br\/site\/site\/assets\/uploads\/images\/eny.jpg","type":"","width":"","height":""}],"author":"alessandra","twitter_card":"summary_large_image","twitter_misc":{"Escrito por":"alessandra","Est. tempo de leitura":"1 minuto"},"schema":{"@context":"https:\/\/schema.org","@graph":[{"@type":"WebPage","@id":"https:\/\/www.sinpro-rio.org.br\/principal\/nota-de-pesar-trompetista-prof-dr-rubens-brand-o\/","url":"https:\/\/www.sinpro-rio.org.br\/principal\/nota-de-pesar-trompetista-prof-dr-rubens-brand-o\/","name":"Nota de pesar: trompetista prof. Dr. Rubens Brand\u00e3o - Sinpro-Rio","isPartOf":{"@id":"https:\/\/www.sinpro-rio.org.br\/principal\/#website"},"primaryImageOfPage":{"@id":"https:\/\/www.sinpro-rio.org.br\/principal\/nota-de-pesar-trompetista-prof-dr-rubens-brand-o\/#primaryimage"},"image":{"@id":"https:\/\/www.sinpro-rio.org.br\/principal\/nota-de-pesar-trompetista-prof-dr-rubens-brand-o\/#primaryimage"},"thumbnailUrl":"https:\/\/www.sinpro-rio.org.br\/site\/site\/assets\/uploads\/images\/eny.jpg","datePublished":"2018-05-22T17:00:00+00:00","dateModified":"2018-10-26T23:45:07+00:00","author":{"@id":"https:\/\/www.sinpro-rio.org.br\/principal\/#\/schema\/person\/ee17219e64d00d037e511ae59ce2227e"},"breadcrumb":{"@id":"https:\/\/www.sinpro-rio.org.br\/principal\/nota-de-pesar-trompetista-prof-dr-rubens-brand-o\/#breadcrumb"},"inLanguage":"pt-BR","potentialAction":[{"@type":"ReadAction","target":["https:\/\/www.sinpro-rio.org.br\/principal\/nota-de-pesar-trompetista-prof-dr-rubens-brand-o\/"]}]},{"@type":"ImageObject","inLanguage":"pt-BR","@id":"https:\/\/www.sinpro-rio.org.br\/principal\/nota-de-pesar-trompetista-prof-dr-rubens-brand-o\/#primaryimage","url":"https:\/\/www.sinpro-rio.org.br\/site\/site\/assets\/uploads\/images\/eny.jpg","contentUrl":"https:\/\/www.sinpro-rio.org.br\/site\/site\/assets\/uploads\/images\/eny.jpg"},{"@type":"BreadcrumbList","@id":"https:\/\/www.sinpro-rio.org.br\/principal\/nota-de-pesar-trompetista-prof-dr-rubens-brand-o\/#breadcrumb","itemListElement":[{"@type":"ListItem","position":1,"name":"In\u00edcio","item":"https:\/\/www.sinpro-rio.org.br\/principal\/"},{"@type":"ListItem","position":2,"name":"Nota de pesar: trompetista prof. Dr. Rubens Brand\u00e3o"}]},{"@type":"WebSite","@id":"https:\/\/www.sinpro-rio.org.br\/principal\/#website","url":"https:\/\/www.sinpro-rio.org.br\/principal\/","name":"Sinpro-Rio","description":"Sindicato dos Professores do Munic\u00edpio do Rio de Janeiro e Regi\u00e3o","potentialAction":[{"@type":"SearchAction","target":{"@type":"EntryPoint","urlTemplate":"https:\/\/www.sinpro-rio.org.br\/principal\/?s={search_term_string}"},"query-input":{"@type":"PropertyValueSpecification","valueRequired":true,"valueName":"search_term_string"}}],"inLanguage":"pt-BR"},{"@type":"Person","@id":"https:\/\/www.sinpro-rio.org.br\/principal\/#\/schema\/person\/ee17219e64d00d037e511ae59ce2227e","name":"alessandra","image":{"@type":"ImageObject","inLanguage":"pt-BR","@id":"https:\/\/www.sinpro-rio.org.br\/principal\/#\/schema\/person\/image\/","url":"https:\/\/secure.gravatar.com\/avatar\/2b43fa8c0ad8e33b46a4732549f7fb20?s=96&d=mm&r=g","contentUrl":"https:\/\/secure.gravatar.com\/avatar\/2b43fa8c0ad8e33b46a4732549f7fb20?s=96&d=mm&r=g","caption":"alessandra"},"url":"https:\/\/www.sinpro-rio.org.br\/principal\/author\/alessandra\/"}]}},"_links":{"self":[{"href":"https:\/\/www.sinpro-rio.org.br\/principal\/wp-json\/wp\/v2\/posts\/21948","targetHints":{"allow":["GET"]}}],"collection":[{"href":"https:\/\/www.sinpro-rio.org.br\/principal\/wp-json\/wp\/v2\/posts"}],"about":[{"href":"https:\/\/www.sinpro-rio.org.br\/principal\/wp-json\/wp\/v2\/types\/post"}],"author":[{"embeddable":true,"href":"https:\/\/www.sinpro-rio.org.br\/principal\/wp-json\/wp\/v2\/users\/2"}],"replies":[{"embeddable":true,"href":"https:\/\/www.sinpro-rio.org.br\/principal\/wp-json\/wp\/v2\/comments?post=21948"}],"version-history":[{"count":3,"href":"https:\/\/www.sinpro-rio.org.br\/principal\/wp-json\/wp\/v2\/posts\/21948\/revisions"}],"predecessor-version":[{"id":22422,"href":"https:\/\/www.sinpro-rio.org.br\/principal\/wp-json\/wp\/v2\/posts\/21948\/revisions\/22422"}],"wp:attachment":[{"href":"https:\/\/www.sinpro-rio.org.br\/principal\/wp-json\/wp\/v2\/media?parent=21948"}],"wp:term":[{"taxonomy":"category","embeddable":true,"href":"https:\/\/www.sinpro-rio.org.br\/principal\/wp-json\/wp\/v2\/categories?post=21948"},{"taxonomy":"post_tag","embeddable":true,"href":"https:\/\/www.sinpro-rio.org.br\/principal\/wp-json\/wp\/v2\/tags?post=21948"}],"curies":[{"name":"wp","href":"https:\/\/api.w.org\/{rel}","templated":true}]}}