{"id":21892,"date":"2018-05-04T17:50:00","date_gmt":"2018-05-04T17:50:00","guid":{"rendered":""},"modified":"2020-05-14T11:12:18","modified_gmt":"2020-05-14T14:12:18","slug":"seminario-50-anos-de-68-na-uerj","status":"publish","type":"post","link":"https:\/\/www.sinpro-rio.org.br\/principal\/seminario-50-anos-de-68-na-uerj\/","title":{"rendered":"Semin\u00e1rio: 50 anos de 68, na Uerj"},"content":{"rendered":"\n<p>A Universidade do Estado do Rio de Janeiro (UERJ) sediar\u00e1, dia 9, semin\u00e1rio para celebra\u00e7\u00e3o dos 50 anos do Maio de 68 no\u00a07\u00ba andar, Bloco F, sala 7005 (Pavilh\u00e3o Reitor Jo\u00e3o Lyra Filho) \u00e0s 17h. Evento ter\u00e1 como convidada a\u00a0\u00a0Prof.\u00aa Vera Malaguti Batista, membro do conselho editorial de AND.<\/p>\n\n\n\n<figure class=\"wp-block-image\"><img decoding=\"async\" src=\"https:\/\/anovademocracia.com.br\/images\/Seminrio-50-anos-de-68.webp\" alt=\"\"\/><\/figure>\n\n\n\n<ul class=\"wp-block-list\"><li><a href=\"https:\/\/anovademocracia.com.br\/noticias\/8767-exnepe-o-caped-ufal-e-sua-vergonhosa-versao-do-escola-sem-partido\"><\/a><\/li><\/ul>\n","protected":false},"excerpt":{"rendered":"<p>A Universidade do Estado do Rio de Janeiro (UERJ) sediar\u00e1, dia 9, semin\u00e1rio para celebra\u00e7\u00e3o dos 50 anos do Maio de 68 no\u00a07\u00ba andar, Bloco F, sala 7005 (Pavilh\u00e3o Reitor Jo\u00e3o Lyra Filho) \u00e0s 17h. Evento ter\u00e1 como convidada a\u00a0\u00a0Prof.\u00aa Vera Malaguti Batista, membro do conselho editorial de AND.<\/p>\n","protected":false},"author":2,"featured_media":21893,"comment_status":"closed","ping_status":"open","sticky":false,"template":"","format":"standard","meta":{"footnotes":""},"categories":[1],"tags":[],"class_list":["post-21892","post","type-post","status-publish","format-standard","has-post-thumbnail","hentry","category-noticias"],"yoast_head":"<!-- This site is optimized with the Yoast SEO plugin v25.7 - https:\/\/yoast.com\/wordpress\/plugins\/seo\/ -->\n<title>Semin\u00e1rio: 50 anos de 68, na Uerj - Sinpro-Rio<\/title>\n<meta name=\"robots\" content=\"index, follow, max-snippet:-1, max-image-preview:large, max-video-preview:-1\" \/>\n<link rel=\"canonical\" href=\"https:\/\/www.sinpro-rio.org.br\/principal\/seminario-50-anos-de-68-na-uerj\/\" \/>\n<meta property=\"og:locale\" content=\"pt_BR\" \/>\n<meta property=\"og:type\" content=\"article\" \/>\n<meta property=\"og:title\" content=\"Semin\u00e1rio: 50 anos de 68, na Uerj - Sinpro-Rio\" \/>\n<meta property=\"og:description\" content=\"A Universidade do Estado do Rio de Janeiro (UERJ) sediar\u00e1, dia 9, semin\u00e1rio para celebra\u00e7\u00e3o dos 50 anos do Maio de 68 no\u00a07\u00ba andar, Bloco F, sala 7005 (Pavilh\u00e3o Reitor Jo\u00e3o Lyra Filho) \u00e0s 17h. Evento ter\u00e1 como convidada a\u00a0\u00a0Prof.\u00aa Vera Malaguti Batista, membro do conselho editorial de AND.\" \/>\n<meta property=\"og:url\" content=\"https:\/\/www.sinpro-rio.org.br\/principal\/seminario-50-anos-de-68-na-uerj\/\" \/>\n<meta property=\"og:site_name\" content=\"Sinpro-Rio\" \/>\n<meta property=\"article:published_time\" content=\"2018-05-04T17:50:00+00:00\" \/>\n<meta property=\"article:modified_time\" content=\"2020-05-14T14:12:18+00:00\" \/>\n<meta name=\"author\" content=\"alessandra\" \/>\n<meta name=\"twitter:card\" content=\"summary_large_image\" \/>\n<meta name=\"twitter:label1\" content=\"Escrito por\" \/>\n\t<meta name=\"twitter:data1\" content=\"alessandra\" \/>\n<script type=\"application\/ld+json\" class=\"yoast-schema-graph\">{\"@context\":\"https:\/\/schema.org\",\"@graph\":[{\"@type\":\"WebPage\",\"@id\":\"https:\/\/www.sinpro-rio.org.br\/principal\/seminario-50-anos-de-68-na-uerj\/\",\"url\":\"https:\/\/www.sinpro-rio.org.br\/principal\/seminario-50-anos-de-68-na-uerj\/\",\"name\":\"Semin\u00e1rio: 50 anos de 68, na Uerj - Sinpro-Rio\",\"isPartOf\":{\"@id\":\"https:\/\/www.sinpro-rio.org.br\/principal\/#website\"},\"primaryImageOfPage\":{\"@id\":\"https:\/\/www.sinpro-rio.org.br\/principal\/seminario-50-anos-de-68-na-uerj\/#primaryimage\"},\"image\":{\"@id\":\"https:\/\/www.sinpro-rio.org.br\/principal\/seminario-50-anos-de-68-na-uerj\/#primaryimage\"},\"thumbnailUrl\":\"\",\"datePublished\":\"2018-05-04T17:50:00+00:00\",\"dateModified\":\"2020-05-14T14:12:18+00:00\",\"author\":{\"@id\":\"https:\/\/www.sinpro-rio.org.br\/principal\/#\/schema\/person\/ee17219e64d00d037e511ae59ce2227e\"},\"breadcrumb\":{\"@id\":\"https:\/\/www.sinpro-rio.org.br\/principal\/seminario-50-anos-de-68-na-uerj\/#breadcrumb\"},\"inLanguage\":\"pt-BR\",\"potentialAction\":[{\"@type\":\"ReadAction\",\"target\":[\"https:\/\/www.sinpro-rio.org.br\/principal\/seminario-50-anos-de-68-na-uerj\/\"]}]},{\"@type\":\"ImageObject\",\"inLanguage\":\"pt-BR\",\"@id\":\"https:\/\/www.sinpro-rio.org.br\/principal\/seminario-50-anos-de-68-na-uerj\/#primaryimage\",\"url\":\"\",\"contentUrl\":\"\"},{\"@type\":\"BreadcrumbList\",\"@id\":\"https:\/\/www.sinpro-rio.org.br\/principal\/seminario-50-anos-de-68-na-uerj\/#breadcrumb\",\"itemListElement\":[{\"@type\":\"ListItem\",\"position\":1,\"name\":\"In\u00edcio\",\"item\":\"https:\/\/www.sinpro-rio.org.br\/principal\/\"},{\"@type\":\"ListItem\",\"position\":2,\"name\":\"Semin\u00e1rio: 50 anos de 68, na Uerj\"}]},{\"@type\":\"WebSite\",\"@id\":\"https:\/\/www.sinpro-rio.org.br\/principal\/#website\",\"url\":\"https:\/\/www.sinpro-rio.org.br\/principal\/\",\"name\":\"Sinpro-Rio\",\"description\":\"Sindicato dos Professores do Munic\u00edpio do Rio de Janeiro e Regi\u00e3o\",\"potentialAction\":[{\"@type\":\"SearchAction\",\"target\":{\"@type\":\"EntryPoint\",\"urlTemplate\":\"https:\/\/www.sinpro-rio.org.br\/principal\/?s={search_term_string}\"},\"query-input\":{\"@type\":\"PropertyValueSpecification\",\"valueRequired\":true,\"valueName\":\"search_term_string\"}}],\"inLanguage\":\"pt-BR\"},{\"@type\":\"Person\",\"@id\":\"https:\/\/www.sinpro-rio.org.br\/principal\/#\/schema\/person\/ee17219e64d00d037e511ae59ce2227e\",\"name\":\"alessandra\",\"image\":{\"@type\":\"ImageObject\",\"inLanguage\":\"pt-BR\",\"@id\":\"https:\/\/www.sinpro-rio.org.br\/principal\/#\/schema\/person\/image\/\",\"url\":\"https:\/\/secure.gravatar.com\/avatar\/2b43fa8c0ad8e33b46a4732549f7fb20?s=96&d=mm&r=g\",\"contentUrl\":\"https:\/\/secure.gravatar.com\/avatar\/2b43fa8c0ad8e33b46a4732549f7fb20?s=96&d=mm&r=g\",\"caption\":\"alessandra\"},\"url\":\"https:\/\/www.sinpro-rio.org.br\/principal\/author\/alessandra\/\"}]}<\/script>\n<!-- \/ Yoast SEO plugin. -->","yoast_head_json":{"title":"Semin\u00e1rio: 50 anos de 68, na Uerj - Sinpro-Rio","robots":{"index":"index","follow":"follow","max-snippet":"max-snippet:-1","max-image-preview":"max-image-preview:large","max-video-preview":"max-video-preview:-1"},"canonical":"https:\/\/www.sinpro-rio.org.br\/principal\/seminario-50-anos-de-68-na-uerj\/","og_locale":"pt_BR","og_type":"article","og_title":"Semin\u00e1rio: 50 anos de 68, na Uerj - Sinpro-Rio","og_description":"A Universidade do Estado do Rio de Janeiro (UERJ) sediar\u00e1, dia 9, semin\u00e1rio para celebra\u00e7\u00e3o dos 50 anos do Maio de 68 no\u00a07\u00ba andar, Bloco F, sala 7005 (Pavilh\u00e3o Reitor Jo\u00e3o Lyra Filho) \u00e0s 17h. Evento ter\u00e1 como convidada a\u00a0\u00a0Prof.\u00aa Vera Malaguti Batista, membro do conselho editorial de AND.","og_url":"https:\/\/www.sinpro-rio.org.br\/principal\/seminario-50-anos-de-68-na-uerj\/","og_site_name":"Sinpro-Rio","article_published_time":"2018-05-04T17:50:00+00:00","article_modified_time":"2020-05-14T14:12:18+00:00","author":"alessandra","twitter_card":"summary_large_image","twitter_misc":{"Escrito por":"alessandra"},"schema":{"@context":"https:\/\/schema.org","@graph":[{"@type":"WebPage","@id":"https:\/\/www.sinpro-rio.org.br\/principal\/seminario-50-anos-de-68-na-uerj\/","url":"https:\/\/www.sinpro-rio.org.br\/principal\/seminario-50-anos-de-68-na-uerj\/","name":"Semin\u00e1rio: 50 anos de 68, na Uerj - Sinpro-Rio","isPartOf":{"@id":"https:\/\/www.sinpro-rio.org.br\/principal\/#website"},"primaryImageOfPage":{"@id":"https:\/\/www.sinpro-rio.org.br\/principal\/seminario-50-anos-de-68-na-uerj\/#primaryimage"},"image":{"@id":"https:\/\/www.sinpro-rio.org.br\/principal\/seminario-50-anos-de-68-na-uerj\/#primaryimage"},"thumbnailUrl":"","datePublished":"2018-05-04T17:50:00+00:00","dateModified":"2020-05-14T14:12:18+00:00","author":{"@id":"https:\/\/www.sinpro-rio.org.br\/principal\/#\/schema\/person\/ee17219e64d00d037e511ae59ce2227e"},"breadcrumb":{"@id":"https:\/\/www.sinpro-rio.org.br\/principal\/seminario-50-anos-de-68-na-uerj\/#breadcrumb"},"inLanguage":"pt-BR","potentialAction":[{"@type":"ReadAction","target":["https:\/\/www.sinpro-rio.org.br\/principal\/seminario-50-anos-de-68-na-uerj\/"]}]},{"@type":"ImageObject","inLanguage":"pt-BR","@id":"https:\/\/www.sinpro-rio.org.br\/principal\/seminario-50-anos-de-68-na-uerj\/#primaryimage","url":"","contentUrl":""},{"@type":"BreadcrumbList","@id":"https:\/\/www.sinpro-rio.org.br\/principal\/seminario-50-anos-de-68-na-uerj\/#breadcrumb","itemListElement":[{"@type":"ListItem","position":1,"name":"In\u00edcio","item":"https:\/\/www.sinpro-rio.org.br\/principal\/"},{"@type":"ListItem","position":2,"name":"Semin\u00e1rio: 50 anos de 68, na Uerj"}]},{"@type":"WebSite","@id":"https:\/\/www.sinpro-rio.org.br\/principal\/#website","url":"https:\/\/www.sinpro-rio.org.br\/principal\/","name":"Sinpro-Rio","description":"Sindicato dos Professores do Munic\u00edpio do Rio de Janeiro e Regi\u00e3o","potentialAction":[{"@type":"SearchAction","target":{"@type":"EntryPoint","urlTemplate":"https:\/\/www.sinpro-rio.org.br\/principal\/?s={search_term_string}"},"query-input":{"@type":"PropertyValueSpecification","valueRequired":true,"valueName":"search_term_string"}}],"inLanguage":"pt-BR"},{"@type":"Person","@id":"https:\/\/www.sinpro-rio.org.br\/principal\/#\/schema\/person\/ee17219e64d00d037e511ae59ce2227e","name":"alessandra","image":{"@type":"ImageObject","inLanguage":"pt-BR","@id":"https:\/\/www.sinpro-rio.org.br\/principal\/#\/schema\/person\/image\/","url":"https:\/\/secure.gravatar.com\/avatar\/2b43fa8c0ad8e33b46a4732549f7fb20?s=96&d=mm&r=g","contentUrl":"https:\/\/secure.gravatar.com\/avatar\/2b43fa8c0ad8e33b46a4732549f7fb20?s=96&d=mm&r=g","caption":"alessandra"},"url":"https:\/\/www.sinpro-rio.org.br\/principal\/author\/alessandra\/"}]}},"_links":{"self":[{"href":"https:\/\/www.sinpro-rio.org.br\/principal\/wp-json\/wp\/v2\/posts\/21892","targetHints":{"allow":["GET"]}}],"collection":[{"href":"https:\/\/www.sinpro-rio.org.br\/principal\/wp-json\/wp\/v2\/posts"}],"about":[{"href":"https:\/\/www.sinpro-rio.org.br\/principal\/wp-json\/wp\/v2\/types\/post"}],"author":[{"embeddable":true,"href":"https:\/\/www.sinpro-rio.org.br\/principal\/wp-json\/wp\/v2\/users\/2"}],"replies":[{"embeddable":true,"href":"https:\/\/www.sinpro-rio.org.br\/principal\/wp-json\/wp\/v2\/comments?post=21892"}],"version-history":[{"count":1,"href":"https:\/\/www.sinpro-rio.org.br\/principal\/wp-json\/wp\/v2\/posts\/21892\/revisions"}],"predecessor-version":[{"id":27940,"href":"https:\/\/www.sinpro-rio.org.br\/principal\/wp-json\/wp\/v2\/posts\/21892\/revisions\/27940"}],"wp:featuredmedia":[{"embeddable":true,"href":"https:\/\/www.sinpro-rio.org.br\/principal\/wp-json\/wp\/v2\/media\/21893"}],"wp:attachment":[{"href":"https:\/\/www.sinpro-rio.org.br\/principal\/wp-json\/wp\/v2\/media?parent=21892"}],"wp:term":[{"taxonomy":"category","embeddable":true,"href":"https:\/\/www.sinpro-rio.org.br\/principal\/wp-json\/wp\/v2\/categories?post=21892"},{"taxonomy":"post_tag","embeddable":true,"href":"https:\/\/www.sinpro-rio.org.br\/principal\/wp-json\/wp\/v2\/tags?post=21892"}],"curies":[{"name":"wp","href":"https:\/\/api.w.org\/{rel}","templated":true}]}}