{"id":21846,"date":"2018-04-17T16:46:00","date_gmt":"2018-04-17T16:46:00","guid":{"rendered":""},"modified":"-0001-11-30T00:00:00","modified_gmt":"-0001-11-30T03:00:00","slug":"moc-o-de-repudio-contra-a-pris-o-arbitraria-de-lula-e-execuc-es-no-rio-de-janeiro","status":"publish","type":"post","link":"https:\/\/www.sinpro-rio.org.br\/principal\/moc-o-de-repudio-contra-a-pris-o-arbitraria-de-lula-e-execuc-es-no-rio-de-janeiro\/","title":{"rendered":"MO\u00c7\u00c3O DE REP\u00daDIO CONTRA A PRIS\u00c3O ARBITR\u00c1RIA DE LULA  E EXECU\u00c7\u00d5ES NO RIO DE JANEIRO*"},"content":{"rendered":"<p>A fr&aacute;gil democracia brasileira se encontra acossada e amea&ccedil;ada. Em nome de pol&iacute;ticas de conten&ccedil;&atilde;o &agrave; corrup&ccedil;&atilde;o, direitos b&aacute;sicos dos cidad&atilde;os t&ecirc;m sido negados e abandonados. Condu&ccedil;&atilde;o coercitiva, pris&otilde;es utilizadas para estimular dela&ccedil;&otilde;es premiadas, visando &agrave; persegui&ccedil;&atilde;o ao advers&aacute;rio da vez, julgamentos sem transpar&ecirc;ncia e com senten&ccedil;as previamente definidas s&atilde;o exemplos de pr&aacute;ticas realizadas no processo de luta contra a corrup&ccedil;&atilde;o.<\/p>\n<p>Aproveitando-se da defesa dessa luta pela ampla maioria da sociedade, assistimos ao avan&ccedil;o do arb&iacute;trio, da viol&ecirc;ncia institucional, da repress&atilde;o desenfreada e de uma pol&iacute;tica inquisitorial que lembra os tempos sombrios da It&aacute;lia fascista, e da Alemanha nazista, sem se considerar os tempos sombrios da hist&oacute;ria recente em nosso pa&iacute;s.<\/p>\n<p>Neste contexto, o processo contra o ex-presidente Luiz In&aacute;cio Lula da Silva e sua pris&atilde;o, sem provas, a execu&ccedil;&atilde;o da vereadora Marielle Franco e do Anderson Gomes, al&eacute;m do assassinato de cinco jovens em Itaipua&ccedil;u, s&atilde;o fatos concretos que amea&ccedil;am a nossa democracia.<\/p>\n<p>Esses acontecimentos sinalizam um claro e simb&oacute;lico sinal de alerta. Pois, na aus&ecirc;ncia de uma ordem democr&aacute;tica, as for&ccedil;as progressistas, as lideran&ccedil;as sindicais ou os movimentos sociais que n&atilde;o aceitaram o golpe de estado, certamente, est&atilde;o na mira como objeto de persegui&ccedil;&atilde;o pol&iacute;tica e suas inevit&aacute;veis consequ&ecirc;ncias.<\/p>\n<p>Ademais, prender Lula, sem provas, &eacute; afirmar que no Brasil nenhum cidad&atilde;o tem direito a um julgamento justo e s&eacute;rio e, sobretudo, ampliar a crise pol&iacute;tica que vivencia o pa&iacute;s e apostar em solu&ccedil;&otilde;es autorit&aacute;rias, a exemplo do caos pol&iacute;tico e econ&ocirc;mico que, infelizmente, vivenciamos na cidade do Rio de Janeiro, objeto de uma interven&ccedil;&atilde;o militar, cujos resultados s&oacute; v&ecirc;m agradando &agrave;queles que acreditam na for&ccedil;a das armas, ao inv&eacute;s do di&aacute;logo da educa&ccedil;&atilde;o.<\/p>\n<p>N&oacute;s, professores e professoras filiados ao Sinpro-Rio, reunidos em assembleia representativa do conjunto da categoria, repudiamos qualquer processo que amea&ccedil;a a democracia em nosso pa&iacute;s e o estado de direito; bem como repudiamos a pris&atilde;o daquele que &eacute;, para a hist&oacute;ria brasileira, o maior l&iacute;der popular do pa&iacute;s.<\/p>\n<p>\n&nbsp;<\/p>\n<p><strong>Toda solidariedade ao presidente Lula. <\/strong><\/p>\n<p><strong>Marielle vive.<\/strong><\/p>\n<p><strong>A luta &eacute; de todos n&oacute;s.<\/strong><\/p>\n<p>\n&nbsp;<\/p>\n<p>*A elabora&ccedil;&atilde;o desta mo&ccedil;&atilde;o de rep&uacute;dio foi aprovada em assembleia por professoras e professores do Sinpro-Rio.<\/p>\n","protected":false},"excerpt":{"rendered":"<p>A fr&aacute;gil democracia brasileira se encontra acossada e amea&ccedil;ada. Em nome de pol&iacute;ticas de conten&ccedil;&atilde;o &agrave; corrup&ccedil;&atilde;o, direitos b&aacute;sicos dos cidad&atilde;os t&ecirc;m sido negados e abandonados. Condu&ccedil;&atilde;o coercitiva, pris&otilde;es utilizadas para estimular dela&ccedil;&otilde;es premiadas, visando &agrave; persegui&ccedil;&atilde;o ao advers&aacute;rio da vez, julgamentos sem transpar&ecirc;ncia e com senten&ccedil;as previamente definidas s&atilde;o exemplos de pr&aacute;ticas realizadas no [&hellip;]<\/p>\n","protected":false},"author":2,"featured_media":21847,"comment_status":"closed","ping_status":"open","sticky":false,"template":"","format":"standard","meta":{"footnotes":""},"categories":[1],"tags":[],"class_list":["post-21846","post","type-post","status-publish","format-standard","has-post-thumbnail","hentry","category-noticias"],"yoast_head":"<!-- This site is optimized with the Yoast SEO plugin v25.7 - https:\/\/yoast.com\/wordpress\/plugins\/seo\/ -->\n<title>MO\u00c7\u00c3O DE REP\u00daDIO CONTRA A PRIS\u00c3O ARBITR\u00c1RIA DE LULA E EXECU\u00c7\u00d5ES NO RIO DE JANEIRO* - Sinpro-Rio<\/title>\n<meta name=\"robots\" content=\"index, follow, max-snippet:-1, max-image-preview:large, max-video-preview:-1\" \/>\n<link rel=\"canonical\" href=\"https:\/\/www.sinpro-rio.org.br\/principal\/moc-o-de-repudio-contra-a-pris-o-arbitraria-de-lula-e-execuc-es-no-rio-de-janeiro\/\" \/>\n<meta property=\"og:locale\" content=\"pt_BR\" \/>\n<meta property=\"og:type\" content=\"article\" \/>\n<meta property=\"og:title\" content=\"MO\u00c7\u00c3O DE REP\u00daDIO CONTRA A PRIS\u00c3O ARBITR\u00c1RIA DE LULA E EXECU\u00c7\u00d5ES NO RIO DE JANEIRO* - Sinpro-Rio\" \/>\n<meta property=\"og:description\" content=\"A fr&aacute;gil democracia brasileira se encontra acossada e amea&ccedil;ada. Em nome de pol&iacute;ticas de conten&ccedil;&atilde;o &agrave; corrup&ccedil;&atilde;o, direitos b&aacute;sicos dos cidad&atilde;os t&ecirc;m sido negados e abandonados. Condu&ccedil;&atilde;o coercitiva, pris&otilde;es utilizadas para estimular dela&ccedil;&otilde;es premiadas, visando &agrave; persegui&ccedil;&atilde;o ao advers&aacute;rio da vez, julgamentos sem transpar&ecirc;ncia e com senten&ccedil;as previamente definidas s&atilde;o exemplos de pr&aacute;ticas realizadas no [&hellip;]\" \/>\n<meta property=\"og:url\" content=\"https:\/\/www.sinpro-rio.org.br\/principal\/moc-o-de-repudio-contra-a-pris-o-arbitraria-de-lula-e-execuc-es-no-rio-de-janeiro\/\" \/>\n<meta property=\"og:site_name\" content=\"Sinpro-Rio\" \/>\n<meta property=\"article:published_time\" content=\"2018-04-17T16:46:00+00:00\" \/>\n<meta name=\"author\" content=\"alessandra\" \/>\n<meta name=\"twitter:card\" content=\"summary_large_image\" \/>\n<meta name=\"twitter:label1\" content=\"Escrito por\" \/>\n\t<meta name=\"twitter:data1\" content=\"alessandra\" \/>\n\t<meta name=\"twitter:label2\" content=\"Est. tempo de leitura\" \/>\n\t<meta name=\"twitter:data2\" content=\"3 minutos\" \/>\n<script type=\"application\/ld+json\" class=\"yoast-schema-graph\">{\"@context\":\"https:\/\/schema.org\",\"@graph\":[{\"@type\":\"WebPage\",\"@id\":\"https:\/\/www.sinpro-rio.org.br\/principal\/moc-o-de-repudio-contra-a-pris-o-arbitraria-de-lula-e-execuc-es-no-rio-de-janeiro\/\",\"url\":\"https:\/\/www.sinpro-rio.org.br\/principal\/moc-o-de-repudio-contra-a-pris-o-arbitraria-de-lula-e-execuc-es-no-rio-de-janeiro\/\",\"name\":\"MO\u00c7\u00c3O DE REP\u00daDIO CONTRA A PRIS\u00c3O ARBITR\u00c1RIA DE LULA E EXECU\u00c7\u00d5ES NO RIO DE JANEIRO* - Sinpro-Rio\",\"isPartOf\":{\"@id\":\"https:\/\/www.sinpro-rio.org.br\/principal\/#website\"},\"primaryImageOfPage\":{\"@id\":\"https:\/\/www.sinpro-rio.org.br\/principal\/moc-o-de-repudio-contra-a-pris-o-arbitraria-de-lula-e-execuc-es-no-rio-de-janeiro\/#primaryimage\"},\"image\":{\"@id\":\"https:\/\/www.sinpro-rio.org.br\/principal\/moc-o-de-repudio-contra-a-pris-o-arbitraria-de-lula-e-execuc-es-no-rio-de-janeiro\/#primaryimage\"},\"thumbnailUrl\":\"\",\"datePublished\":\"2018-04-17T16:46:00+00:00\",\"author\":{\"@id\":\"https:\/\/www.sinpro-rio.org.br\/principal\/#\/schema\/person\/ee17219e64d00d037e511ae59ce2227e\"},\"breadcrumb\":{\"@id\":\"https:\/\/www.sinpro-rio.org.br\/principal\/moc-o-de-repudio-contra-a-pris-o-arbitraria-de-lula-e-execuc-es-no-rio-de-janeiro\/#breadcrumb\"},\"inLanguage\":\"pt-BR\",\"potentialAction\":[{\"@type\":\"ReadAction\",\"target\":[\"https:\/\/www.sinpro-rio.org.br\/principal\/moc-o-de-repudio-contra-a-pris-o-arbitraria-de-lula-e-execuc-es-no-rio-de-janeiro\/\"]}]},{\"@type\":\"ImageObject\",\"inLanguage\":\"pt-BR\",\"@id\":\"https:\/\/www.sinpro-rio.org.br\/principal\/moc-o-de-repudio-contra-a-pris-o-arbitraria-de-lula-e-execuc-es-no-rio-de-janeiro\/#primaryimage\",\"url\":\"\",\"contentUrl\":\"\"},{\"@type\":\"BreadcrumbList\",\"@id\":\"https:\/\/www.sinpro-rio.org.br\/principal\/moc-o-de-repudio-contra-a-pris-o-arbitraria-de-lula-e-execuc-es-no-rio-de-janeiro\/#breadcrumb\",\"itemListElement\":[{\"@type\":\"ListItem\",\"position\":1,\"name\":\"In\u00edcio\",\"item\":\"https:\/\/www.sinpro-rio.org.br\/principal\/\"},{\"@type\":\"ListItem\",\"position\":2,\"name\":\"MO\u00c7\u00c3O DE REP\u00daDIO CONTRA A PRIS\u00c3O ARBITR\u00c1RIA DE LULA E EXECU\u00c7\u00d5ES NO RIO DE JANEIRO*\"}]},{\"@type\":\"WebSite\",\"@id\":\"https:\/\/www.sinpro-rio.org.br\/principal\/#website\",\"url\":\"https:\/\/www.sinpro-rio.org.br\/principal\/\",\"name\":\"Sinpro-Rio\",\"description\":\"Sindicato dos Professores do Munic\u00edpio do Rio de Janeiro e Regi\u00e3o\",\"potentialAction\":[{\"@type\":\"SearchAction\",\"target\":{\"@type\":\"EntryPoint\",\"urlTemplate\":\"https:\/\/www.sinpro-rio.org.br\/principal\/?s={search_term_string}\"},\"query-input\":{\"@type\":\"PropertyValueSpecification\",\"valueRequired\":true,\"valueName\":\"search_term_string\"}}],\"inLanguage\":\"pt-BR\"},{\"@type\":\"Person\",\"@id\":\"https:\/\/www.sinpro-rio.org.br\/principal\/#\/schema\/person\/ee17219e64d00d037e511ae59ce2227e\",\"name\":\"alessandra\",\"image\":{\"@type\":\"ImageObject\",\"inLanguage\":\"pt-BR\",\"@id\":\"https:\/\/www.sinpro-rio.org.br\/principal\/#\/schema\/person\/image\/\",\"url\":\"https:\/\/secure.gravatar.com\/avatar\/2b43fa8c0ad8e33b46a4732549f7fb20?s=96&d=mm&r=g\",\"contentUrl\":\"https:\/\/secure.gravatar.com\/avatar\/2b43fa8c0ad8e33b46a4732549f7fb20?s=96&d=mm&r=g\",\"caption\":\"alessandra\"},\"url\":\"https:\/\/www.sinpro-rio.org.br\/principal\/author\/alessandra\/\"}]}<\/script>\n<!-- \/ Yoast SEO plugin. -->","yoast_head_json":{"title":"MO\u00c7\u00c3O DE REP\u00daDIO CONTRA A PRIS\u00c3O ARBITR\u00c1RIA DE LULA E EXECU\u00c7\u00d5ES NO RIO DE JANEIRO* - Sinpro-Rio","robots":{"index":"index","follow":"follow","max-snippet":"max-snippet:-1","max-image-preview":"max-image-preview:large","max-video-preview":"max-video-preview:-1"},"canonical":"https:\/\/www.sinpro-rio.org.br\/principal\/moc-o-de-repudio-contra-a-pris-o-arbitraria-de-lula-e-execuc-es-no-rio-de-janeiro\/","og_locale":"pt_BR","og_type":"article","og_title":"MO\u00c7\u00c3O DE REP\u00daDIO CONTRA A PRIS\u00c3O ARBITR\u00c1RIA DE LULA E EXECU\u00c7\u00d5ES NO RIO DE JANEIRO* - Sinpro-Rio","og_description":"A fr&aacute;gil democracia brasileira se encontra acossada e amea&ccedil;ada. Em nome de pol&iacute;ticas de conten&ccedil;&atilde;o &agrave; corrup&ccedil;&atilde;o, direitos b&aacute;sicos dos cidad&atilde;os t&ecirc;m sido negados e abandonados. Condu&ccedil;&atilde;o coercitiva, pris&otilde;es utilizadas para estimular dela&ccedil;&otilde;es premiadas, visando &agrave; persegui&ccedil;&atilde;o ao advers&aacute;rio da vez, julgamentos sem transpar&ecirc;ncia e com senten&ccedil;as previamente definidas s&atilde;o exemplos de pr&aacute;ticas realizadas no [&hellip;]","og_url":"https:\/\/www.sinpro-rio.org.br\/principal\/moc-o-de-repudio-contra-a-pris-o-arbitraria-de-lula-e-execuc-es-no-rio-de-janeiro\/","og_site_name":"Sinpro-Rio","article_published_time":"2018-04-17T16:46:00+00:00","author":"alessandra","twitter_card":"summary_large_image","twitter_misc":{"Escrito por":"alessandra","Est. tempo de leitura":"3 minutos"},"schema":{"@context":"https:\/\/schema.org","@graph":[{"@type":"WebPage","@id":"https:\/\/www.sinpro-rio.org.br\/principal\/moc-o-de-repudio-contra-a-pris-o-arbitraria-de-lula-e-execuc-es-no-rio-de-janeiro\/","url":"https:\/\/www.sinpro-rio.org.br\/principal\/moc-o-de-repudio-contra-a-pris-o-arbitraria-de-lula-e-execuc-es-no-rio-de-janeiro\/","name":"MO\u00c7\u00c3O DE REP\u00daDIO CONTRA A PRIS\u00c3O ARBITR\u00c1RIA DE LULA E EXECU\u00c7\u00d5ES NO RIO DE JANEIRO* - Sinpro-Rio","isPartOf":{"@id":"https:\/\/www.sinpro-rio.org.br\/principal\/#website"},"primaryImageOfPage":{"@id":"https:\/\/www.sinpro-rio.org.br\/principal\/moc-o-de-repudio-contra-a-pris-o-arbitraria-de-lula-e-execuc-es-no-rio-de-janeiro\/#primaryimage"},"image":{"@id":"https:\/\/www.sinpro-rio.org.br\/principal\/moc-o-de-repudio-contra-a-pris-o-arbitraria-de-lula-e-execuc-es-no-rio-de-janeiro\/#primaryimage"},"thumbnailUrl":"","datePublished":"2018-04-17T16:46:00+00:00","author":{"@id":"https:\/\/www.sinpro-rio.org.br\/principal\/#\/schema\/person\/ee17219e64d00d037e511ae59ce2227e"},"breadcrumb":{"@id":"https:\/\/www.sinpro-rio.org.br\/principal\/moc-o-de-repudio-contra-a-pris-o-arbitraria-de-lula-e-execuc-es-no-rio-de-janeiro\/#breadcrumb"},"inLanguage":"pt-BR","potentialAction":[{"@type":"ReadAction","target":["https:\/\/www.sinpro-rio.org.br\/principal\/moc-o-de-repudio-contra-a-pris-o-arbitraria-de-lula-e-execuc-es-no-rio-de-janeiro\/"]}]},{"@type":"ImageObject","inLanguage":"pt-BR","@id":"https:\/\/www.sinpro-rio.org.br\/principal\/moc-o-de-repudio-contra-a-pris-o-arbitraria-de-lula-e-execuc-es-no-rio-de-janeiro\/#primaryimage","url":"","contentUrl":""},{"@type":"BreadcrumbList","@id":"https:\/\/www.sinpro-rio.org.br\/principal\/moc-o-de-repudio-contra-a-pris-o-arbitraria-de-lula-e-execuc-es-no-rio-de-janeiro\/#breadcrumb","itemListElement":[{"@type":"ListItem","position":1,"name":"In\u00edcio","item":"https:\/\/www.sinpro-rio.org.br\/principal\/"},{"@type":"ListItem","position":2,"name":"MO\u00c7\u00c3O DE REP\u00daDIO CONTRA A PRIS\u00c3O ARBITR\u00c1RIA DE LULA E EXECU\u00c7\u00d5ES NO RIO DE JANEIRO*"}]},{"@type":"WebSite","@id":"https:\/\/www.sinpro-rio.org.br\/principal\/#website","url":"https:\/\/www.sinpro-rio.org.br\/principal\/","name":"Sinpro-Rio","description":"Sindicato dos Professores do Munic\u00edpio do Rio de Janeiro e Regi\u00e3o","potentialAction":[{"@type":"SearchAction","target":{"@type":"EntryPoint","urlTemplate":"https:\/\/www.sinpro-rio.org.br\/principal\/?s={search_term_string}"},"query-input":{"@type":"PropertyValueSpecification","valueRequired":true,"valueName":"search_term_string"}}],"inLanguage":"pt-BR"},{"@type":"Person","@id":"https:\/\/www.sinpro-rio.org.br\/principal\/#\/schema\/person\/ee17219e64d00d037e511ae59ce2227e","name":"alessandra","image":{"@type":"ImageObject","inLanguage":"pt-BR","@id":"https:\/\/www.sinpro-rio.org.br\/principal\/#\/schema\/person\/image\/","url":"https:\/\/secure.gravatar.com\/avatar\/2b43fa8c0ad8e33b46a4732549f7fb20?s=96&d=mm&r=g","contentUrl":"https:\/\/secure.gravatar.com\/avatar\/2b43fa8c0ad8e33b46a4732549f7fb20?s=96&d=mm&r=g","caption":"alessandra"},"url":"https:\/\/www.sinpro-rio.org.br\/principal\/author\/alessandra\/"}]}},"_links":{"self":[{"href":"https:\/\/www.sinpro-rio.org.br\/principal\/wp-json\/wp\/v2\/posts\/21846","targetHints":{"allow":["GET"]}}],"collection":[{"href":"https:\/\/www.sinpro-rio.org.br\/principal\/wp-json\/wp\/v2\/posts"}],"about":[{"href":"https:\/\/www.sinpro-rio.org.br\/principal\/wp-json\/wp\/v2\/types\/post"}],"author":[{"embeddable":true,"href":"https:\/\/www.sinpro-rio.org.br\/principal\/wp-json\/wp\/v2\/users\/2"}],"replies":[{"embeddable":true,"href":"https:\/\/www.sinpro-rio.org.br\/principal\/wp-json\/wp\/v2\/comments?post=21846"}],"version-history":[{"count":0,"href":"https:\/\/www.sinpro-rio.org.br\/principal\/wp-json\/wp\/v2\/posts\/21846\/revisions"}],"wp:featuredmedia":[{"embeddable":true,"href":"https:\/\/www.sinpro-rio.org.br\/principal\/wp-json\/wp\/v2\/media\/21847"}],"wp:attachment":[{"href":"https:\/\/www.sinpro-rio.org.br\/principal\/wp-json\/wp\/v2\/media?parent=21846"}],"wp:term":[{"taxonomy":"category","embeddable":true,"href":"https:\/\/www.sinpro-rio.org.br\/principal\/wp-json\/wp\/v2\/categories?post=21846"},{"taxonomy":"post_tag","embeddable":true,"href":"https:\/\/www.sinpro-rio.org.br\/principal\/wp-json\/wp\/v2\/tags?post=21846"}],"curies":[{"name":"wp","href":"https:\/\/api.w.org\/{rel}","templated":true}]}}