{"id":21514,"date":"2009-01-01T00:00:00","date_gmt":"2009-01-01T00:00:00","guid":{"rendered":""},"modified":"-0001-11-30T00:00:00","modified_gmt":"-0001-11-30T03:00:00","slug":"procam-realiza-ato-publico","status":"publish","type":"post","link":"https:\/\/www.sinpro-rio.org.br\/principal\/procam-realiza-ato-publico\/","title":{"rendered":"Procam realiza Ato P\u00fablico"},"content":{"rendered":"<div class=\"alvo1\">\n<p>No dia 15 de janeiro, a Associa\u00e7\u00e3o de Professores e Funcion\u00e1rios Candido Mendes (Procam), junto com a comunidade de alunos e pais, realizou um Ato P\u00fablico de confraterniza\u00e7\u00e3o e protesto na escadaria do Campus Centro.<\/p>\n<p>Isto porque, no final de 2008, tanto professores como funcion\u00e1rios, em respeito aos alunos e seus pais, deixaram de recorrer ao leg\u00edtimo direito de greve para exigir da Reitoria o pagamento de sal\u00e1rios atrasados; do FGTS, que h\u00e1 tempos n\u00e3o \u00e9 depositado; ao recolhimento de contribui\u00e7\u00f5es sindicais, descontadas, mas n\u00e3o repassadas; f\u00e9rias atrasadas; ficando, portanto, expostos, durante as f\u00e9rias de fim de ano, aos desmandos da Administra\u00e7\u00e3o.<\/p>\n<p>Tais desmandos, agravados pela crise da Reitoria, e diante do risco de redu\u00e7\u00e3o das aulas \u00e0 frequ\u00eancia de apenas uma por semana (o desqualificado &#8220;aul\u00e3o&#8221;, j\u00e1 adotado em todas as demais unidades com exce\u00e7\u00e3o da faculdade de Direito, no Centro).<\/p>\n<p>O Sinpro-Rio participou do evento representado pelos diretores Antonio Rodrigues e Marcos Alexandre Gomes.<\/p>\n<p>Confira aqui algumas fotos do evento.<\/p>\n<p>Veja tamb\u00e9m o blog da Procam <\/p>\n<\/div>\n","protected":false},"excerpt":{"rendered":"<p>No dia 15 de janeiro, a Associa\u00e7\u00e3o de Professores e Funcion\u00e1rios Candido Mendes (Procam), junto com a comunidade de alunos e pais, realizou um Ato P\u00fablico de confraterniza\u00e7\u00e3o e protesto na escadaria do Campus Centro. Isto porque, no final de 2008, tanto professores como funcion\u00e1rios, em respeito aos alunos e seus pais, deixaram de recorrer [&hellip;]<\/p>\n","protected":false},"author":1,"featured_media":0,"comment_status":"closed","ping_status":"open","sticky":false,"template":"","format":"standard","meta":{"footnotes":""},"categories":[],"tags":[],"class_list":["post-21514","post","type-post","status-publish","format-standard","hentry"],"yoast_head":"<!-- This site is optimized with the Yoast SEO plugin v25.7 - https:\/\/yoast.com\/wordpress\/plugins\/seo\/ -->\n<title>Procam realiza Ato P\u00fablico - Sinpro-Rio<\/title>\n<meta name=\"robots\" content=\"index, follow, max-snippet:-1, max-image-preview:large, max-video-preview:-1\" \/>\n<link rel=\"canonical\" href=\"https:\/\/www.sinpro-rio.org.br\/principal\/procam-realiza-ato-publico\/\" \/>\n<meta property=\"og:locale\" content=\"pt_BR\" \/>\n<meta property=\"og:type\" content=\"article\" \/>\n<meta property=\"og:title\" content=\"Procam realiza Ato P\u00fablico - Sinpro-Rio\" \/>\n<meta property=\"og:description\" content=\"No dia 15 de janeiro, a Associa\u00e7\u00e3o de Professores e Funcion\u00e1rios Candido Mendes (Procam), junto com a comunidade de alunos e pais, realizou um Ato P\u00fablico de confraterniza\u00e7\u00e3o e protesto na escadaria do Campus Centro. Isto porque, no final de 2008, tanto professores como funcion\u00e1rios, em respeito aos alunos e seus pais, deixaram de recorrer [&hellip;]\" \/>\n<meta property=\"og:url\" content=\"https:\/\/www.sinpro-rio.org.br\/principal\/procam-realiza-ato-publico\/\" \/>\n<meta property=\"og:site_name\" content=\"Sinpro-Rio\" \/>\n<meta property=\"article:published_time\" content=\"2009-01-01T00:00:00+00:00\" \/>\n<meta name=\"author\" content=\"rafaelrjp\" \/>\n<meta name=\"twitter:card\" content=\"summary_large_image\" \/>\n<meta name=\"twitter:label1\" content=\"Escrito por\" \/>\n\t<meta name=\"twitter:data1\" content=\"rafaelrjp\" \/>\n\t<meta name=\"twitter:label2\" content=\"Est. tempo de leitura\" \/>\n\t<meta name=\"twitter:data2\" content=\"1 minuto\" \/>\n<script type=\"application\/ld+json\" class=\"yoast-schema-graph\">{\"@context\":\"https:\/\/schema.org\",\"@graph\":[{\"@type\":\"WebPage\",\"@id\":\"https:\/\/www.sinpro-rio.org.br\/principal\/procam-realiza-ato-publico\/\",\"url\":\"https:\/\/www.sinpro-rio.org.br\/principal\/procam-realiza-ato-publico\/\",\"name\":\"Procam realiza Ato P\u00fablico - Sinpro-Rio\",\"isPartOf\":{\"@id\":\"https:\/\/www.sinpro-rio.org.br\/principal\/#website\"},\"datePublished\":\"2009-01-01T00:00:00+00:00\",\"author\":{\"@id\":\"https:\/\/www.sinpro-rio.org.br\/principal\/#\/schema\/person\/49feb585a2f57a31a6bd9f16f78e5be6\"},\"breadcrumb\":{\"@id\":\"https:\/\/www.sinpro-rio.org.br\/principal\/procam-realiza-ato-publico\/#breadcrumb\"},\"inLanguage\":\"pt-BR\",\"potentialAction\":[{\"@type\":\"ReadAction\",\"target\":[\"https:\/\/www.sinpro-rio.org.br\/principal\/procam-realiza-ato-publico\/\"]}]},{\"@type\":\"BreadcrumbList\",\"@id\":\"https:\/\/www.sinpro-rio.org.br\/principal\/procam-realiza-ato-publico\/#breadcrumb\",\"itemListElement\":[{\"@type\":\"ListItem\",\"position\":1,\"name\":\"In\u00edcio\",\"item\":\"https:\/\/www.sinpro-rio.org.br\/principal\/\"},{\"@type\":\"ListItem\",\"position\":2,\"name\":\"Procam realiza Ato P\u00fablico\"}]},{\"@type\":\"WebSite\",\"@id\":\"https:\/\/www.sinpro-rio.org.br\/principal\/#website\",\"url\":\"https:\/\/www.sinpro-rio.org.br\/principal\/\",\"name\":\"Sinpro-Rio\",\"description\":\"Sindicato dos Professores do Munic\u00edpio do Rio de Janeiro e Regi\u00e3o\",\"potentialAction\":[{\"@type\":\"SearchAction\",\"target\":{\"@type\":\"EntryPoint\",\"urlTemplate\":\"https:\/\/www.sinpro-rio.org.br\/principal\/?s={search_term_string}\"},\"query-input\":{\"@type\":\"PropertyValueSpecification\",\"valueRequired\":true,\"valueName\":\"search_term_string\"}}],\"inLanguage\":\"pt-BR\"},{\"@type\":\"Person\",\"@id\":\"https:\/\/www.sinpro-rio.org.br\/principal\/#\/schema\/person\/49feb585a2f57a31a6bd9f16f78e5be6\",\"name\":\"rafaelrjp\",\"image\":{\"@type\":\"ImageObject\",\"inLanguage\":\"pt-BR\",\"@id\":\"https:\/\/www.sinpro-rio.org.br\/principal\/#\/schema\/person\/image\/\",\"url\":\"https:\/\/secure.gravatar.com\/avatar\/489371a0ba4655c340b519882c68cf68?s=96&d=mm&r=g\",\"contentUrl\":\"https:\/\/secure.gravatar.com\/avatar\/489371a0ba4655c340b519882c68cf68?s=96&d=mm&r=g\",\"caption\":\"rafaelrjp\"},\"url\":\"https:\/\/www.sinpro-rio.org.br\/principal\/author\/rafaelrjp\/\"}]}<\/script>\n<!-- \/ Yoast SEO plugin. -->","yoast_head_json":{"title":"Procam realiza Ato P\u00fablico - Sinpro-Rio","robots":{"index":"index","follow":"follow","max-snippet":"max-snippet:-1","max-image-preview":"max-image-preview:large","max-video-preview":"max-video-preview:-1"},"canonical":"https:\/\/www.sinpro-rio.org.br\/principal\/procam-realiza-ato-publico\/","og_locale":"pt_BR","og_type":"article","og_title":"Procam realiza Ato P\u00fablico - Sinpro-Rio","og_description":"No dia 15 de janeiro, a Associa\u00e7\u00e3o de Professores e Funcion\u00e1rios Candido Mendes (Procam), junto com a comunidade de alunos e pais, realizou um Ato P\u00fablico de confraterniza\u00e7\u00e3o e protesto na escadaria do Campus Centro. Isto porque, no final de 2008, tanto professores como funcion\u00e1rios, em respeito aos alunos e seus pais, deixaram de recorrer [&hellip;]","og_url":"https:\/\/www.sinpro-rio.org.br\/principal\/procam-realiza-ato-publico\/","og_site_name":"Sinpro-Rio","article_published_time":"2009-01-01T00:00:00+00:00","author":"rafaelrjp","twitter_card":"summary_large_image","twitter_misc":{"Escrito por":"rafaelrjp","Est. tempo de leitura":"1 minuto"},"schema":{"@context":"https:\/\/schema.org","@graph":[{"@type":"WebPage","@id":"https:\/\/www.sinpro-rio.org.br\/principal\/procam-realiza-ato-publico\/","url":"https:\/\/www.sinpro-rio.org.br\/principal\/procam-realiza-ato-publico\/","name":"Procam realiza Ato P\u00fablico - Sinpro-Rio","isPartOf":{"@id":"https:\/\/www.sinpro-rio.org.br\/principal\/#website"},"datePublished":"2009-01-01T00:00:00+00:00","author":{"@id":"https:\/\/www.sinpro-rio.org.br\/principal\/#\/schema\/person\/49feb585a2f57a31a6bd9f16f78e5be6"},"breadcrumb":{"@id":"https:\/\/www.sinpro-rio.org.br\/principal\/procam-realiza-ato-publico\/#breadcrumb"},"inLanguage":"pt-BR","potentialAction":[{"@type":"ReadAction","target":["https:\/\/www.sinpro-rio.org.br\/principal\/procam-realiza-ato-publico\/"]}]},{"@type":"BreadcrumbList","@id":"https:\/\/www.sinpro-rio.org.br\/principal\/procam-realiza-ato-publico\/#breadcrumb","itemListElement":[{"@type":"ListItem","position":1,"name":"In\u00edcio","item":"https:\/\/www.sinpro-rio.org.br\/principal\/"},{"@type":"ListItem","position":2,"name":"Procam realiza Ato P\u00fablico"}]},{"@type":"WebSite","@id":"https:\/\/www.sinpro-rio.org.br\/principal\/#website","url":"https:\/\/www.sinpro-rio.org.br\/principal\/","name":"Sinpro-Rio","description":"Sindicato dos Professores do Munic\u00edpio do Rio de Janeiro e Regi\u00e3o","potentialAction":[{"@type":"SearchAction","target":{"@type":"EntryPoint","urlTemplate":"https:\/\/www.sinpro-rio.org.br\/principal\/?s={search_term_string}"},"query-input":{"@type":"PropertyValueSpecification","valueRequired":true,"valueName":"search_term_string"}}],"inLanguage":"pt-BR"},{"@type":"Person","@id":"https:\/\/www.sinpro-rio.org.br\/principal\/#\/schema\/person\/49feb585a2f57a31a6bd9f16f78e5be6","name":"rafaelrjp","image":{"@type":"ImageObject","inLanguage":"pt-BR","@id":"https:\/\/www.sinpro-rio.org.br\/principal\/#\/schema\/person\/image\/","url":"https:\/\/secure.gravatar.com\/avatar\/489371a0ba4655c340b519882c68cf68?s=96&d=mm&r=g","contentUrl":"https:\/\/secure.gravatar.com\/avatar\/489371a0ba4655c340b519882c68cf68?s=96&d=mm&r=g","caption":"rafaelrjp"},"url":"https:\/\/www.sinpro-rio.org.br\/principal\/author\/rafaelrjp\/"}]}},"_links":{"self":[{"href":"https:\/\/www.sinpro-rio.org.br\/principal\/wp-json\/wp\/v2\/posts\/21514","targetHints":{"allow":["GET"]}}],"collection":[{"href":"https:\/\/www.sinpro-rio.org.br\/principal\/wp-json\/wp\/v2\/posts"}],"about":[{"href":"https:\/\/www.sinpro-rio.org.br\/principal\/wp-json\/wp\/v2\/types\/post"}],"author":[{"embeddable":true,"href":"https:\/\/www.sinpro-rio.org.br\/principal\/wp-json\/wp\/v2\/users\/1"}],"replies":[{"embeddable":true,"href":"https:\/\/www.sinpro-rio.org.br\/principal\/wp-json\/wp\/v2\/comments?post=21514"}],"version-history":[{"count":0,"href":"https:\/\/www.sinpro-rio.org.br\/principal\/wp-json\/wp\/v2\/posts\/21514\/revisions"}],"wp:attachment":[{"href":"https:\/\/www.sinpro-rio.org.br\/principal\/wp-json\/wp\/v2\/media?parent=21514"}],"wp:term":[{"taxonomy":"category","embeddable":true,"href":"https:\/\/www.sinpro-rio.org.br\/principal\/wp-json\/wp\/v2\/categories?post=21514"},{"taxonomy":"post_tag","embeddable":true,"href":"https:\/\/www.sinpro-rio.org.br\/principal\/wp-json\/wp\/v2\/tags?post=21514"}],"curies":[{"name":"wp","href":"https:\/\/api.w.org\/{rel}","templated":true}]}}