{"id":21507,"date":"2009-01-01T00:00:00","date_gmt":"2009-01-01T00:00:00","guid":{"rendered":""},"modified":"-0001-11-30T00:00:00","modified_gmt":"-0001-11-30T03:00:00","slug":"ufrrj-recebe-inscric-es-para-pos-graduac-o-em-quimica","status":"publish","type":"post","link":"https:\/\/www.sinpro-rio.org.br\/principal\/ufrrj-recebe-inscric-es-para-pos-graduac-o-em-quimica\/","title":{"rendered":"UFRRJ recebe inscri\u00e7\u00f5es para p\u00f3s-gradua\u00e7\u00e3o em Qu\u00edmica"},"content":{"rendered":"<div class=\"alvo1\">\n<p>Est\u00e1 aberto, at\u00e9 o dia 13 de fevereiro, o processo de sele\u00e7\u00e3o para o Mestrado no Programa de P\u00f3s-gradua\u00e7\u00e3o em Qu\u00edmica da Universidade Federal Rural do Rio de Janeiro, com \u00eanfase em Qu\u00edmica Org\u00e2nica, F\u00edsico-qu\u00edmica e Qu\u00edmica Agr\u00e1ria. O valor da taxa de inscri\u00e7\u00e3o \u00e9 R$ 45 (quarenta e cinco reais). O processo seletivo inclui avalia\u00e7\u00e3o da documenta\u00e7\u00e3o, prova de conhecimentos espec\u00edficos (16\/2), prova de profici\u00eancia em ingl\u00eas e entrevista (17\/2).<\/p>\n<p>No ato da inscri\u00e7\u00e3o, o candidato dever\u00e1 apresentar a ficha de inscri\u00e7\u00e3o; c\u00f3pia do diploma ou declara\u00e7\u00e3o de conclus\u00e3o de curso de gradua\u00e7\u00e3o; Curriculum Vitae; c\u00f3pia do hist\u00f3rico escolar da gradua\u00e7\u00e3o; duas fotos 3&#215;4 e comprovante do pagamento da taxa de inscri\u00e7\u00e3o. O edital, a ficha de inscri\u00e7\u00e3o e o modelo da carta de recomenda\u00e7\u00e3o est\u00e3o dispon\u00edveis no site da Universidade.<\/p>\n<p>Para os interessados no Doutorado em Qu\u00edmica, vale ressaltar que o processo de inscri\u00e7\u00e3o \u00e9 de fluxo cont\u00ednuo, ou seja, est\u00e1 aberto durante todo o ano. Dentre os crit\u00e9rios de sele\u00e7\u00e3o destacam-se: avalia\u00e7\u00e3o da documenta\u00e7\u00e3o do candidato, apresenta\u00e7\u00e3o (escrita e oral) do Pr\u00e9-projeto de Tese e entrevista. O candidato para o Doutorado deve apresentar, al\u00e9m da documenta\u00e7\u00e3o b\u00e1sica necess\u00e1ria para inscri\u00e7\u00e3o, duas cartas de recomenda\u00e7\u00e3o e Pr\u00e9-projeto de Tese.<\/p>\n<p>Mais informa\u00e7\u00f5es em: www.ice.ufrrj.br\/posgrad <\/p>\n<\/div>\n","protected":false},"excerpt":{"rendered":"<p>Est\u00e1 aberto, at\u00e9 o dia 13 de fevereiro, o processo de sele\u00e7\u00e3o para o Mestrado no Programa de P\u00f3s-gradua\u00e7\u00e3o em Qu\u00edmica da Universidade Federal Rural do Rio de Janeiro, com \u00eanfase em Qu\u00edmica Org\u00e2nica, F\u00edsico-qu\u00edmica e Qu\u00edmica Agr\u00e1ria. O valor da taxa de inscri\u00e7\u00e3o \u00e9 R$ 45 (quarenta e cinco reais). O processo seletivo inclui [&hellip;]<\/p>\n","protected":false},"author":1,"featured_media":0,"comment_status":"closed","ping_status":"open","sticky":false,"template":"","format":"standard","meta":{"footnotes":""},"categories":[],"tags":[],"class_list":["post-21507","post","type-post","status-publish","format-standard","hentry"],"yoast_head":"<!-- This site is optimized with the Yoast SEO plugin v25.7 - https:\/\/yoast.com\/wordpress\/plugins\/seo\/ -->\n<title>UFRRJ recebe inscri\u00e7\u00f5es para p\u00f3s-gradua\u00e7\u00e3o em Qu\u00edmica - Sinpro-Rio<\/title>\n<meta name=\"robots\" content=\"index, follow, max-snippet:-1, max-image-preview:large, max-video-preview:-1\" \/>\n<link rel=\"canonical\" href=\"https:\/\/www.sinpro-rio.org.br\/principal\/ufrrj-recebe-inscric-es-para-pos-graduac-o-em-quimica\/\" \/>\n<meta property=\"og:locale\" content=\"pt_BR\" \/>\n<meta property=\"og:type\" content=\"article\" \/>\n<meta property=\"og:title\" content=\"UFRRJ recebe inscri\u00e7\u00f5es para p\u00f3s-gradua\u00e7\u00e3o em Qu\u00edmica - Sinpro-Rio\" \/>\n<meta property=\"og:description\" content=\"Est\u00e1 aberto, at\u00e9 o dia 13 de fevereiro, o processo de sele\u00e7\u00e3o para o Mestrado no Programa de P\u00f3s-gradua\u00e7\u00e3o em Qu\u00edmica da Universidade Federal Rural do Rio de Janeiro, com \u00eanfase em Qu\u00edmica Org\u00e2nica, F\u00edsico-qu\u00edmica e Qu\u00edmica Agr\u00e1ria. O valor da taxa de inscri\u00e7\u00e3o \u00e9 R$ 45 (quarenta e cinco reais). O processo seletivo inclui [&hellip;]\" \/>\n<meta property=\"og:url\" content=\"https:\/\/www.sinpro-rio.org.br\/principal\/ufrrj-recebe-inscric-es-para-pos-graduac-o-em-quimica\/\" \/>\n<meta property=\"og:site_name\" content=\"Sinpro-Rio\" \/>\n<meta property=\"article:published_time\" content=\"2009-01-01T00:00:00+00:00\" \/>\n<meta name=\"author\" content=\"rafaelrjp\" \/>\n<meta name=\"twitter:card\" content=\"summary_large_image\" \/>\n<meta name=\"twitter:label1\" content=\"Escrito por\" \/>\n\t<meta name=\"twitter:data1\" content=\"rafaelrjp\" \/>\n\t<meta name=\"twitter:label2\" content=\"Est. tempo de leitura\" \/>\n\t<meta name=\"twitter:data2\" content=\"1 minuto\" \/>\n<script type=\"application\/ld+json\" class=\"yoast-schema-graph\">{\"@context\":\"https:\/\/schema.org\",\"@graph\":[{\"@type\":\"WebPage\",\"@id\":\"https:\/\/www.sinpro-rio.org.br\/principal\/ufrrj-recebe-inscric-es-para-pos-graduac-o-em-quimica\/\",\"url\":\"https:\/\/www.sinpro-rio.org.br\/principal\/ufrrj-recebe-inscric-es-para-pos-graduac-o-em-quimica\/\",\"name\":\"UFRRJ recebe inscri\u00e7\u00f5es para p\u00f3s-gradua\u00e7\u00e3o em Qu\u00edmica - Sinpro-Rio\",\"isPartOf\":{\"@id\":\"https:\/\/www.sinpro-rio.org.br\/principal\/#website\"},\"datePublished\":\"2009-01-01T00:00:00+00:00\",\"author\":{\"@id\":\"https:\/\/www.sinpro-rio.org.br\/principal\/#\/schema\/person\/49feb585a2f57a31a6bd9f16f78e5be6\"},\"breadcrumb\":{\"@id\":\"https:\/\/www.sinpro-rio.org.br\/principal\/ufrrj-recebe-inscric-es-para-pos-graduac-o-em-quimica\/#breadcrumb\"},\"inLanguage\":\"pt-BR\",\"potentialAction\":[{\"@type\":\"ReadAction\",\"target\":[\"https:\/\/www.sinpro-rio.org.br\/principal\/ufrrj-recebe-inscric-es-para-pos-graduac-o-em-quimica\/\"]}]},{\"@type\":\"BreadcrumbList\",\"@id\":\"https:\/\/www.sinpro-rio.org.br\/principal\/ufrrj-recebe-inscric-es-para-pos-graduac-o-em-quimica\/#breadcrumb\",\"itemListElement\":[{\"@type\":\"ListItem\",\"position\":1,\"name\":\"In\u00edcio\",\"item\":\"https:\/\/www.sinpro-rio.org.br\/principal\/\"},{\"@type\":\"ListItem\",\"position\":2,\"name\":\"UFRRJ recebe inscri\u00e7\u00f5es para p\u00f3s-gradua\u00e7\u00e3o em Qu\u00edmica\"}]},{\"@type\":\"WebSite\",\"@id\":\"https:\/\/www.sinpro-rio.org.br\/principal\/#website\",\"url\":\"https:\/\/www.sinpro-rio.org.br\/principal\/\",\"name\":\"Sinpro-Rio\",\"description\":\"Sindicato dos Professores do Munic\u00edpio do Rio de Janeiro e Regi\u00e3o\",\"potentialAction\":[{\"@type\":\"SearchAction\",\"target\":{\"@type\":\"EntryPoint\",\"urlTemplate\":\"https:\/\/www.sinpro-rio.org.br\/principal\/?s={search_term_string}\"},\"query-input\":{\"@type\":\"PropertyValueSpecification\",\"valueRequired\":true,\"valueName\":\"search_term_string\"}}],\"inLanguage\":\"pt-BR\"},{\"@type\":\"Person\",\"@id\":\"https:\/\/www.sinpro-rio.org.br\/principal\/#\/schema\/person\/49feb585a2f57a31a6bd9f16f78e5be6\",\"name\":\"rafaelrjp\",\"image\":{\"@type\":\"ImageObject\",\"inLanguage\":\"pt-BR\",\"@id\":\"https:\/\/www.sinpro-rio.org.br\/principal\/#\/schema\/person\/image\/\",\"url\":\"https:\/\/secure.gravatar.com\/avatar\/489371a0ba4655c340b519882c68cf68?s=96&d=mm&r=g\",\"contentUrl\":\"https:\/\/secure.gravatar.com\/avatar\/489371a0ba4655c340b519882c68cf68?s=96&d=mm&r=g\",\"caption\":\"rafaelrjp\"},\"url\":\"https:\/\/www.sinpro-rio.org.br\/principal\/author\/rafaelrjp\/\"}]}<\/script>\n<!-- \/ Yoast SEO plugin. -->","yoast_head_json":{"title":"UFRRJ recebe inscri\u00e7\u00f5es para p\u00f3s-gradua\u00e7\u00e3o em Qu\u00edmica - Sinpro-Rio","robots":{"index":"index","follow":"follow","max-snippet":"max-snippet:-1","max-image-preview":"max-image-preview:large","max-video-preview":"max-video-preview:-1"},"canonical":"https:\/\/www.sinpro-rio.org.br\/principal\/ufrrj-recebe-inscric-es-para-pos-graduac-o-em-quimica\/","og_locale":"pt_BR","og_type":"article","og_title":"UFRRJ recebe inscri\u00e7\u00f5es para p\u00f3s-gradua\u00e7\u00e3o em Qu\u00edmica - Sinpro-Rio","og_description":"Est\u00e1 aberto, at\u00e9 o dia 13 de fevereiro, o processo de sele\u00e7\u00e3o para o Mestrado no Programa de P\u00f3s-gradua\u00e7\u00e3o em Qu\u00edmica da Universidade Federal Rural do Rio de Janeiro, com \u00eanfase em Qu\u00edmica Org\u00e2nica, F\u00edsico-qu\u00edmica e Qu\u00edmica Agr\u00e1ria. O valor da taxa de inscri\u00e7\u00e3o \u00e9 R$ 45 (quarenta e cinco reais). O processo seletivo inclui [&hellip;]","og_url":"https:\/\/www.sinpro-rio.org.br\/principal\/ufrrj-recebe-inscric-es-para-pos-graduac-o-em-quimica\/","og_site_name":"Sinpro-Rio","article_published_time":"2009-01-01T00:00:00+00:00","author":"rafaelrjp","twitter_card":"summary_large_image","twitter_misc":{"Escrito por":"rafaelrjp","Est. tempo de leitura":"1 minuto"},"schema":{"@context":"https:\/\/schema.org","@graph":[{"@type":"WebPage","@id":"https:\/\/www.sinpro-rio.org.br\/principal\/ufrrj-recebe-inscric-es-para-pos-graduac-o-em-quimica\/","url":"https:\/\/www.sinpro-rio.org.br\/principal\/ufrrj-recebe-inscric-es-para-pos-graduac-o-em-quimica\/","name":"UFRRJ recebe inscri\u00e7\u00f5es para p\u00f3s-gradua\u00e7\u00e3o em Qu\u00edmica - Sinpro-Rio","isPartOf":{"@id":"https:\/\/www.sinpro-rio.org.br\/principal\/#website"},"datePublished":"2009-01-01T00:00:00+00:00","author":{"@id":"https:\/\/www.sinpro-rio.org.br\/principal\/#\/schema\/person\/49feb585a2f57a31a6bd9f16f78e5be6"},"breadcrumb":{"@id":"https:\/\/www.sinpro-rio.org.br\/principal\/ufrrj-recebe-inscric-es-para-pos-graduac-o-em-quimica\/#breadcrumb"},"inLanguage":"pt-BR","potentialAction":[{"@type":"ReadAction","target":["https:\/\/www.sinpro-rio.org.br\/principal\/ufrrj-recebe-inscric-es-para-pos-graduac-o-em-quimica\/"]}]},{"@type":"BreadcrumbList","@id":"https:\/\/www.sinpro-rio.org.br\/principal\/ufrrj-recebe-inscric-es-para-pos-graduac-o-em-quimica\/#breadcrumb","itemListElement":[{"@type":"ListItem","position":1,"name":"In\u00edcio","item":"https:\/\/www.sinpro-rio.org.br\/principal\/"},{"@type":"ListItem","position":2,"name":"UFRRJ recebe inscri\u00e7\u00f5es para p\u00f3s-gradua\u00e7\u00e3o em Qu\u00edmica"}]},{"@type":"WebSite","@id":"https:\/\/www.sinpro-rio.org.br\/principal\/#website","url":"https:\/\/www.sinpro-rio.org.br\/principal\/","name":"Sinpro-Rio","description":"Sindicato dos Professores do Munic\u00edpio do Rio de Janeiro e Regi\u00e3o","potentialAction":[{"@type":"SearchAction","target":{"@type":"EntryPoint","urlTemplate":"https:\/\/www.sinpro-rio.org.br\/principal\/?s={search_term_string}"},"query-input":{"@type":"PropertyValueSpecification","valueRequired":true,"valueName":"search_term_string"}}],"inLanguage":"pt-BR"},{"@type":"Person","@id":"https:\/\/www.sinpro-rio.org.br\/principal\/#\/schema\/person\/49feb585a2f57a31a6bd9f16f78e5be6","name":"rafaelrjp","image":{"@type":"ImageObject","inLanguage":"pt-BR","@id":"https:\/\/www.sinpro-rio.org.br\/principal\/#\/schema\/person\/image\/","url":"https:\/\/secure.gravatar.com\/avatar\/489371a0ba4655c340b519882c68cf68?s=96&d=mm&r=g","contentUrl":"https:\/\/secure.gravatar.com\/avatar\/489371a0ba4655c340b519882c68cf68?s=96&d=mm&r=g","caption":"rafaelrjp"},"url":"https:\/\/www.sinpro-rio.org.br\/principal\/author\/rafaelrjp\/"}]}},"_links":{"self":[{"href":"https:\/\/www.sinpro-rio.org.br\/principal\/wp-json\/wp\/v2\/posts\/21507","targetHints":{"allow":["GET"]}}],"collection":[{"href":"https:\/\/www.sinpro-rio.org.br\/principal\/wp-json\/wp\/v2\/posts"}],"about":[{"href":"https:\/\/www.sinpro-rio.org.br\/principal\/wp-json\/wp\/v2\/types\/post"}],"author":[{"embeddable":true,"href":"https:\/\/www.sinpro-rio.org.br\/principal\/wp-json\/wp\/v2\/users\/1"}],"replies":[{"embeddable":true,"href":"https:\/\/www.sinpro-rio.org.br\/principal\/wp-json\/wp\/v2\/comments?post=21507"}],"version-history":[{"count":0,"href":"https:\/\/www.sinpro-rio.org.br\/principal\/wp-json\/wp\/v2\/posts\/21507\/revisions"}],"wp:attachment":[{"href":"https:\/\/www.sinpro-rio.org.br\/principal\/wp-json\/wp\/v2\/media?parent=21507"}],"wp:term":[{"taxonomy":"category","embeddable":true,"href":"https:\/\/www.sinpro-rio.org.br\/principal\/wp-json\/wp\/v2\/categories?post=21507"},{"taxonomy":"post_tag","embeddable":true,"href":"https:\/\/www.sinpro-rio.org.br\/principal\/wp-json\/wp\/v2\/tags?post=21507"}],"curies":[{"name":"wp","href":"https:\/\/api.w.org\/{rel}","templated":true}]}}