{"id":21506,"date":"2009-01-01T00:00:00","date_gmt":"2009-01-01T00:00:00","guid":{"rendered":""},"modified":"-0001-11-30T00:00:00","modified_gmt":"-0001-11-30T03:00:00","slug":"ufrrj-lanca-edital-para-o-pre-vestibular-comunitario","status":"publish","type":"post","link":"https:\/\/www.sinpro-rio.org.br\/principal\/ufrrj-lanca-edital-para-o-pre-vestibular-comunitario\/","title":{"rendered":"UFRRJ lan\u00e7a Edital para o Pr\u00e9-Vestibular Comunit\u00e1rio"},"content":{"rendered":"<div class=\"alvo1\">\n<p>A Universidade Federal Rural do Rio de Janeiro torna p\u00fablico o edital de inscri\u00e7\u00f5es para o Pr\u00e9-Vestibular Comunit\u00e1rio. O per\u00edodo para se inscrever ser\u00e1 entre os dias 9 e 20 de fevereiro, e de 2 a 6 de mar\u00e7o, no hor\u00e1rio entre 15h e 18h30, na sala 69 do Pavilh\u00e3o Central &#8211; campus Serop\u00e9dica.<\/p>\n<p>No ato da inscri\u00e7\u00e3o o candidato preencher\u00e1 os formul\u00e1rios de inscri\u00e7\u00e3o e de perfil socioecon\u00f4mico. \u00c9 necess\u00e1ria a apresenta\u00e7\u00e3o das c\u00f3pias da identidade, CPF, certificado de escolaridade, comprovante de renda de todos os que residem na casa e comprovante de resid\u00eancia do candidato, relativo ao m\u00eas de dezembro de 2008.<\/p>\n<p>A princ\u00edpio ser\u00e3o oferecidas 300 vagas e poder\u00e3o se inscrever os que j\u00e1 conclu\u00edram o ensino m\u00e9dio ou que concluam at\u00e9 o final de 2009. A lista com os nomes dos contemplados ser\u00e1 divulgada no dia 30 de mar\u00e7o. O per\u00edodo de matr\u00edcula acontece nos dias 1 e 2 de abril.<\/p>\n<p>O Pr\u00e9-Vestibular Comunit\u00e1rio funcionar\u00e1 de abril a dezembro de 2009, de segunda a sexta-feira, das 18h e 22h e aos s\u00e1bados, das 8h \u00e0s 12h. Durante a semana ser\u00e3o ministradas as aulas de conhecimentos espec\u00edficos. J\u00e1 aos s\u00e1bados, atividades do M\u00f3dulo de Educa\u00e7\u00e3o e Cidadania.<\/p>\n<p>Vale lembrar que s\u00e3o crit\u00e9rios de sele\u00e7\u00e3o a comprova\u00e7\u00e3o da car\u00eancia de recursos financeiros e preferencialmente ser morador de Serop\u00e9dica.<\/p>\n<p>A iniciativa \u00e9 do Decanato de Extens\u00e3o da UFRRJ. Mais informa\u00e7\u00f5es nos telefones (21) 2682-1210 ou 2682-1220 r.3162, 2682-1113, ou no edital, j\u00e1 dispon\u00edvel em www.ufrrj.br. <\/p>\n<\/div>\n","protected":false},"excerpt":{"rendered":"<p>A Universidade Federal Rural do Rio de Janeiro torna p\u00fablico o edital de inscri\u00e7\u00f5es para o Pr\u00e9-Vestibular Comunit\u00e1rio. O per\u00edodo para se inscrever ser\u00e1 entre os dias 9 e 20 de fevereiro, e de 2 a 6 de mar\u00e7o, no hor\u00e1rio entre 15h e 18h30, na sala 69 do Pavilh\u00e3o Central &#8211; campus Serop\u00e9dica. No [&hellip;]<\/p>\n","protected":false},"author":1,"featured_media":0,"comment_status":"closed","ping_status":"open","sticky":false,"template":"","format":"standard","meta":{"footnotes":""},"categories":[],"tags":[],"class_list":["post-21506","post","type-post","status-publish","format-standard","hentry"],"yoast_head":"<!-- This site is optimized with the Yoast SEO plugin v25.7 - https:\/\/yoast.com\/wordpress\/plugins\/seo\/ -->\n<title>UFRRJ lan\u00e7a Edital para o Pr\u00e9-Vestibular Comunit\u00e1rio - Sinpro-Rio<\/title>\n<meta name=\"robots\" content=\"index, follow, max-snippet:-1, max-image-preview:large, max-video-preview:-1\" \/>\n<link rel=\"canonical\" href=\"https:\/\/www.sinpro-rio.org.br\/principal\/ufrrj-lanca-edital-para-o-pre-vestibular-comunitario\/\" \/>\n<meta property=\"og:locale\" content=\"pt_BR\" \/>\n<meta property=\"og:type\" content=\"article\" \/>\n<meta property=\"og:title\" content=\"UFRRJ lan\u00e7a Edital para o Pr\u00e9-Vestibular Comunit\u00e1rio - Sinpro-Rio\" \/>\n<meta property=\"og:description\" content=\"A Universidade Federal Rural do Rio de Janeiro torna p\u00fablico o edital de inscri\u00e7\u00f5es para o Pr\u00e9-Vestibular Comunit\u00e1rio. O per\u00edodo para se inscrever ser\u00e1 entre os dias 9 e 20 de fevereiro, e de 2 a 6 de mar\u00e7o, no hor\u00e1rio entre 15h e 18h30, na sala 69 do Pavilh\u00e3o Central &#8211; campus Serop\u00e9dica. No [&hellip;]\" \/>\n<meta property=\"og:url\" content=\"https:\/\/www.sinpro-rio.org.br\/principal\/ufrrj-lanca-edital-para-o-pre-vestibular-comunitario\/\" \/>\n<meta property=\"og:site_name\" content=\"Sinpro-Rio\" \/>\n<meta property=\"article:published_time\" content=\"2009-01-01T00:00:00+00:00\" \/>\n<meta name=\"author\" content=\"rafaelrjp\" \/>\n<meta name=\"twitter:card\" content=\"summary_large_image\" \/>\n<meta name=\"twitter:label1\" content=\"Escrito por\" \/>\n\t<meta name=\"twitter:data1\" content=\"rafaelrjp\" \/>\n\t<meta name=\"twitter:label2\" content=\"Est. tempo de leitura\" \/>\n\t<meta name=\"twitter:data2\" content=\"1 minuto\" \/>\n<script type=\"application\/ld+json\" class=\"yoast-schema-graph\">{\"@context\":\"https:\/\/schema.org\",\"@graph\":[{\"@type\":\"WebPage\",\"@id\":\"https:\/\/www.sinpro-rio.org.br\/principal\/ufrrj-lanca-edital-para-o-pre-vestibular-comunitario\/\",\"url\":\"https:\/\/www.sinpro-rio.org.br\/principal\/ufrrj-lanca-edital-para-o-pre-vestibular-comunitario\/\",\"name\":\"UFRRJ lan\u00e7a Edital para o Pr\u00e9-Vestibular Comunit\u00e1rio - Sinpro-Rio\",\"isPartOf\":{\"@id\":\"https:\/\/www.sinpro-rio.org.br\/principal\/#website\"},\"datePublished\":\"2009-01-01T00:00:00+00:00\",\"author\":{\"@id\":\"https:\/\/www.sinpro-rio.org.br\/principal\/#\/schema\/person\/49feb585a2f57a31a6bd9f16f78e5be6\"},\"breadcrumb\":{\"@id\":\"https:\/\/www.sinpro-rio.org.br\/principal\/ufrrj-lanca-edital-para-o-pre-vestibular-comunitario\/#breadcrumb\"},\"inLanguage\":\"pt-BR\",\"potentialAction\":[{\"@type\":\"ReadAction\",\"target\":[\"https:\/\/www.sinpro-rio.org.br\/principal\/ufrrj-lanca-edital-para-o-pre-vestibular-comunitario\/\"]}]},{\"@type\":\"BreadcrumbList\",\"@id\":\"https:\/\/www.sinpro-rio.org.br\/principal\/ufrrj-lanca-edital-para-o-pre-vestibular-comunitario\/#breadcrumb\",\"itemListElement\":[{\"@type\":\"ListItem\",\"position\":1,\"name\":\"In\u00edcio\",\"item\":\"https:\/\/www.sinpro-rio.org.br\/principal\/\"},{\"@type\":\"ListItem\",\"position\":2,\"name\":\"UFRRJ lan\u00e7a Edital para o Pr\u00e9-Vestibular Comunit\u00e1rio\"}]},{\"@type\":\"WebSite\",\"@id\":\"https:\/\/www.sinpro-rio.org.br\/principal\/#website\",\"url\":\"https:\/\/www.sinpro-rio.org.br\/principal\/\",\"name\":\"Sinpro-Rio\",\"description\":\"Sindicato dos Professores do Munic\u00edpio do Rio de Janeiro e Regi\u00e3o\",\"potentialAction\":[{\"@type\":\"SearchAction\",\"target\":{\"@type\":\"EntryPoint\",\"urlTemplate\":\"https:\/\/www.sinpro-rio.org.br\/principal\/?s={search_term_string}\"},\"query-input\":{\"@type\":\"PropertyValueSpecification\",\"valueRequired\":true,\"valueName\":\"search_term_string\"}}],\"inLanguage\":\"pt-BR\"},{\"@type\":\"Person\",\"@id\":\"https:\/\/www.sinpro-rio.org.br\/principal\/#\/schema\/person\/49feb585a2f57a31a6bd9f16f78e5be6\",\"name\":\"rafaelrjp\",\"image\":{\"@type\":\"ImageObject\",\"inLanguage\":\"pt-BR\",\"@id\":\"https:\/\/www.sinpro-rio.org.br\/principal\/#\/schema\/person\/image\/\",\"url\":\"https:\/\/secure.gravatar.com\/avatar\/489371a0ba4655c340b519882c68cf68?s=96&d=mm&r=g\",\"contentUrl\":\"https:\/\/secure.gravatar.com\/avatar\/489371a0ba4655c340b519882c68cf68?s=96&d=mm&r=g\",\"caption\":\"rafaelrjp\"},\"url\":\"https:\/\/www.sinpro-rio.org.br\/principal\/author\/rafaelrjp\/\"}]}<\/script>\n<!-- \/ Yoast SEO plugin. -->","yoast_head_json":{"title":"UFRRJ lan\u00e7a Edital para o Pr\u00e9-Vestibular Comunit\u00e1rio - Sinpro-Rio","robots":{"index":"index","follow":"follow","max-snippet":"max-snippet:-1","max-image-preview":"max-image-preview:large","max-video-preview":"max-video-preview:-1"},"canonical":"https:\/\/www.sinpro-rio.org.br\/principal\/ufrrj-lanca-edital-para-o-pre-vestibular-comunitario\/","og_locale":"pt_BR","og_type":"article","og_title":"UFRRJ lan\u00e7a Edital para o Pr\u00e9-Vestibular Comunit\u00e1rio - Sinpro-Rio","og_description":"A Universidade Federal Rural do Rio de Janeiro torna p\u00fablico o edital de inscri\u00e7\u00f5es para o Pr\u00e9-Vestibular Comunit\u00e1rio. O per\u00edodo para se inscrever ser\u00e1 entre os dias 9 e 20 de fevereiro, e de 2 a 6 de mar\u00e7o, no hor\u00e1rio entre 15h e 18h30, na sala 69 do Pavilh\u00e3o Central &#8211; campus Serop\u00e9dica. No [&hellip;]","og_url":"https:\/\/www.sinpro-rio.org.br\/principal\/ufrrj-lanca-edital-para-o-pre-vestibular-comunitario\/","og_site_name":"Sinpro-Rio","article_published_time":"2009-01-01T00:00:00+00:00","author":"rafaelrjp","twitter_card":"summary_large_image","twitter_misc":{"Escrito por":"rafaelrjp","Est. tempo de leitura":"1 minuto"},"schema":{"@context":"https:\/\/schema.org","@graph":[{"@type":"WebPage","@id":"https:\/\/www.sinpro-rio.org.br\/principal\/ufrrj-lanca-edital-para-o-pre-vestibular-comunitario\/","url":"https:\/\/www.sinpro-rio.org.br\/principal\/ufrrj-lanca-edital-para-o-pre-vestibular-comunitario\/","name":"UFRRJ lan\u00e7a Edital para o Pr\u00e9-Vestibular Comunit\u00e1rio - Sinpro-Rio","isPartOf":{"@id":"https:\/\/www.sinpro-rio.org.br\/principal\/#website"},"datePublished":"2009-01-01T00:00:00+00:00","author":{"@id":"https:\/\/www.sinpro-rio.org.br\/principal\/#\/schema\/person\/49feb585a2f57a31a6bd9f16f78e5be6"},"breadcrumb":{"@id":"https:\/\/www.sinpro-rio.org.br\/principal\/ufrrj-lanca-edital-para-o-pre-vestibular-comunitario\/#breadcrumb"},"inLanguage":"pt-BR","potentialAction":[{"@type":"ReadAction","target":["https:\/\/www.sinpro-rio.org.br\/principal\/ufrrj-lanca-edital-para-o-pre-vestibular-comunitario\/"]}]},{"@type":"BreadcrumbList","@id":"https:\/\/www.sinpro-rio.org.br\/principal\/ufrrj-lanca-edital-para-o-pre-vestibular-comunitario\/#breadcrumb","itemListElement":[{"@type":"ListItem","position":1,"name":"In\u00edcio","item":"https:\/\/www.sinpro-rio.org.br\/principal\/"},{"@type":"ListItem","position":2,"name":"UFRRJ lan\u00e7a Edital para o Pr\u00e9-Vestibular Comunit\u00e1rio"}]},{"@type":"WebSite","@id":"https:\/\/www.sinpro-rio.org.br\/principal\/#website","url":"https:\/\/www.sinpro-rio.org.br\/principal\/","name":"Sinpro-Rio","description":"Sindicato dos Professores do Munic\u00edpio do Rio de Janeiro e Regi\u00e3o","potentialAction":[{"@type":"SearchAction","target":{"@type":"EntryPoint","urlTemplate":"https:\/\/www.sinpro-rio.org.br\/principal\/?s={search_term_string}"},"query-input":{"@type":"PropertyValueSpecification","valueRequired":true,"valueName":"search_term_string"}}],"inLanguage":"pt-BR"},{"@type":"Person","@id":"https:\/\/www.sinpro-rio.org.br\/principal\/#\/schema\/person\/49feb585a2f57a31a6bd9f16f78e5be6","name":"rafaelrjp","image":{"@type":"ImageObject","inLanguage":"pt-BR","@id":"https:\/\/www.sinpro-rio.org.br\/principal\/#\/schema\/person\/image\/","url":"https:\/\/secure.gravatar.com\/avatar\/489371a0ba4655c340b519882c68cf68?s=96&d=mm&r=g","contentUrl":"https:\/\/secure.gravatar.com\/avatar\/489371a0ba4655c340b519882c68cf68?s=96&d=mm&r=g","caption":"rafaelrjp"},"url":"https:\/\/www.sinpro-rio.org.br\/principal\/author\/rafaelrjp\/"}]}},"_links":{"self":[{"href":"https:\/\/www.sinpro-rio.org.br\/principal\/wp-json\/wp\/v2\/posts\/21506","targetHints":{"allow":["GET"]}}],"collection":[{"href":"https:\/\/www.sinpro-rio.org.br\/principal\/wp-json\/wp\/v2\/posts"}],"about":[{"href":"https:\/\/www.sinpro-rio.org.br\/principal\/wp-json\/wp\/v2\/types\/post"}],"author":[{"embeddable":true,"href":"https:\/\/www.sinpro-rio.org.br\/principal\/wp-json\/wp\/v2\/users\/1"}],"replies":[{"embeddable":true,"href":"https:\/\/www.sinpro-rio.org.br\/principal\/wp-json\/wp\/v2\/comments?post=21506"}],"version-history":[{"count":0,"href":"https:\/\/www.sinpro-rio.org.br\/principal\/wp-json\/wp\/v2\/posts\/21506\/revisions"}],"wp:attachment":[{"href":"https:\/\/www.sinpro-rio.org.br\/principal\/wp-json\/wp\/v2\/media?parent=21506"}],"wp:term":[{"taxonomy":"category","embeddable":true,"href":"https:\/\/www.sinpro-rio.org.br\/principal\/wp-json\/wp\/v2\/categories?post=21506"},{"taxonomy":"post_tag","embeddable":true,"href":"https:\/\/www.sinpro-rio.org.br\/principal\/wp-json\/wp\/v2\/tags?post=21506"}],"curies":[{"name":"wp","href":"https:\/\/api.w.org\/{rel}","templated":true}]}}