{"id":21505,"date":"2009-01-01T00:00:00","date_gmt":"2009-01-01T00:00:00","guid":{"rendered":""},"modified":"-0001-11-30T00:00:00","modified_gmt":"-0001-11-30T03:00:00","slug":"a-campanha-salarial-2009-ja-esta-na-rua","status":"publish","type":"post","link":"https:\/\/www.sinpro-rio.org.br\/principal\/a-campanha-salarial-2009-ja-esta-na-rua\/","title":{"rendered":"A Campanha Salarial 2009 j\u00e1 est\u00e1 na rua"},"content":{"rendered":"<div class=\"alvo1\">\n<p>Come\u00e7ou est\u00e1 semana a veicula\u00e7\u00e3o das Campanhas Salariais de 2009 do Sinpro-Rio, atrav\u00e9s de publicidade em \u00f4nibus (busdoor). Durante a campanha, nos meses de mar\u00e7o, abril e maio, o Sindicato prev\u00ea realiza\u00e7\u00e3o de 19 assembleias para formata\u00e7\u00e3o das pautas de reivindica\u00e7\u00f5es. A Diretoria do Sinpro-Rio defender\u00e1 que elas obede\u00e7am aos seguintes princ\u00edpios:<\/p>\n<p>1 &#8211; reajuste salarial no valor do INPC, acrescido de ganho real; <br \/>\n\t\t\t  2 &#8211; manuten\u00e7\u00e3o das cl\u00e1usulas sociais constantes das atuais Conven\u00e7\u00f5es e Acordos Coletivos; <br \/>\n\t\t\t  3 &#8211; inclus\u00e3o de novas cl\u00e1usulas referentes \u00e0s condi\u00e7\u00f5es de trabalho e sa\u00fade docente*.<\/p>\n<p>Professor(a), <br \/>\n\t\t\t  O an\u00fancio da Campanha Salarial 2009 pode ser visto nas linhas de \u00f4nibus: <br \/>\n\t\t\t  175, 179, 298, 324, 350, 385, 409, 410, 422, 434, 435, 455, 474, 636, 689, 701, 786 e 910.<\/p>\n<p>Confira aqui o Calend\u00e1rio das Assembleias de pauta. <\/p>\n<\/div>\n","protected":false},"excerpt":{"rendered":"<p>Come\u00e7ou est\u00e1 semana a veicula\u00e7\u00e3o das Campanhas Salariais de 2009 do Sinpro-Rio, atrav\u00e9s de publicidade em \u00f4nibus (busdoor). Durante a campanha, nos meses de mar\u00e7o, abril e maio, o Sindicato prev\u00ea realiza\u00e7\u00e3o de 19 assembleias para formata\u00e7\u00e3o das pautas de reivindica\u00e7\u00f5es. A Diretoria do Sinpro-Rio defender\u00e1 que elas obede\u00e7am aos seguintes princ\u00edpios: 1 &#8211; reajuste [&hellip;]<\/p>\n","protected":false},"author":1,"featured_media":0,"comment_status":"closed","ping_status":"open","sticky":false,"template":"","format":"standard","meta":{"footnotes":""},"categories":[],"tags":[],"class_list":["post-21505","post","type-post","status-publish","format-standard","hentry"],"yoast_head":"<!-- This site is optimized with the Yoast SEO plugin v25.7 - https:\/\/yoast.com\/wordpress\/plugins\/seo\/ -->\n<title>A Campanha Salarial 2009 j\u00e1 est\u00e1 na rua - Sinpro-Rio<\/title>\n<meta name=\"robots\" content=\"index, follow, max-snippet:-1, max-image-preview:large, max-video-preview:-1\" \/>\n<link rel=\"canonical\" href=\"https:\/\/www.sinpro-rio.org.br\/principal\/a-campanha-salarial-2009-ja-esta-na-rua\/\" \/>\n<meta property=\"og:locale\" content=\"pt_BR\" \/>\n<meta property=\"og:type\" content=\"article\" \/>\n<meta property=\"og:title\" content=\"A Campanha Salarial 2009 j\u00e1 est\u00e1 na rua - Sinpro-Rio\" \/>\n<meta property=\"og:description\" content=\"Come\u00e7ou est\u00e1 semana a veicula\u00e7\u00e3o das Campanhas Salariais de 2009 do Sinpro-Rio, atrav\u00e9s de publicidade em \u00f4nibus (busdoor). Durante a campanha, nos meses de mar\u00e7o, abril e maio, o Sindicato prev\u00ea realiza\u00e7\u00e3o de 19 assembleias para formata\u00e7\u00e3o das pautas de reivindica\u00e7\u00f5es. A Diretoria do Sinpro-Rio defender\u00e1 que elas obede\u00e7am aos seguintes princ\u00edpios: 1 &#8211; reajuste [&hellip;]\" \/>\n<meta property=\"og:url\" content=\"https:\/\/www.sinpro-rio.org.br\/principal\/a-campanha-salarial-2009-ja-esta-na-rua\/\" \/>\n<meta property=\"og:site_name\" content=\"Sinpro-Rio\" \/>\n<meta property=\"article:published_time\" content=\"2009-01-01T00:00:00+00:00\" \/>\n<meta name=\"author\" content=\"rafaelrjp\" \/>\n<meta name=\"twitter:card\" content=\"summary_large_image\" \/>\n<meta name=\"twitter:label1\" content=\"Escrito por\" \/>\n\t<meta name=\"twitter:data1\" content=\"rafaelrjp\" \/>\n\t<meta name=\"twitter:label2\" content=\"Est. tempo de leitura\" \/>\n\t<meta name=\"twitter:data2\" content=\"1 minuto\" \/>\n<script type=\"application\/ld+json\" class=\"yoast-schema-graph\">{\"@context\":\"https:\/\/schema.org\",\"@graph\":[{\"@type\":\"WebPage\",\"@id\":\"https:\/\/www.sinpro-rio.org.br\/principal\/a-campanha-salarial-2009-ja-esta-na-rua\/\",\"url\":\"https:\/\/www.sinpro-rio.org.br\/principal\/a-campanha-salarial-2009-ja-esta-na-rua\/\",\"name\":\"A Campanha Salarial 2009 j\u00e1 est\u00e1 na rua - Sinpro-Rio\",\"isPartOf\":{\"@id\":\"https:\/\/www.sinpro-rio.org.br\/principal\/#website\"},\"datePublished\":\"2009-01-01T00:00:00+00:00\",\"author\":{\"@id\":\"https:\/\/www.sinpro-rio.org.br\/principal\/#\/schema\/person\/49feb585a2f57a31a6bd9f16f78e5be6\"},\"breadcrumb\":{\"@id\":\"https:\/\/www.sinpro-rio.org.br\/principal\/a-campanha-salarial-2009-ja-esta-na-rua\/#breadcrumb\"},\"inLanguage\":\"pt-BR\",\"potentialAction\":[{\"@type\":\"ReadAction\",\"target\":[\"https:\/\/www.sinpro-rio.org.br\/principal\/a-campanha-salarial-2009-ja-esta-na-rua\/\"]}]},{\"@type\":\"BreadcrumbList\",\"@id\":\"https:\/\/www.sinpro-rio.org.br\/principal\/a-campanha-salarial-2009-ja-esta-na-rua\/#breadcrumb\",\"itemListElement\":[{\"@type\":\"ListItem\",\"position\":1,\"name\":\"In\u00edcio\",\"item\":\"https:\/\/www.sinpro-rio.org.br\/principal\/\"},{\"@type\":\"ListItem\",\"position\":2,\"name\":\"A Campanha Salarial 2009 j\u00e1 est\u00e1 na rua\"}]},{\"@type\":\"WebSite\",\"@id\":\"https:\/\/www.sinpro-rio.org.br\/principal\/#website\",\"url\":\"https:\/\/www.sinpro-rio.org.br\/principal\/\",\"name\":\"Sinpro-Rio\",\"description\":\"Sindicato dos Professores do Munic\u00edpio do Rio de Janeiro e Regi\u00e3o\",\"potentialAction\":[{\"@type\":\"SearchAction\",\"target\":{\"@type\":\"EntryPoint\",\"urlTemplate\":\"https:\/\/www.sinpro-rio.org.br\/principal\/?s={search_term_string}\"},\"query-input\":{\"@type\":\"PropertyValueSpecification\",\"valueRequired\":true,\"valueName\":\"search_term_string\"}}],\"inLanguage\":\"pt-BR\"},{\"@type\":\"Person\",\"@id\":\"https:\/\/www.sinpro-rio.org.br\/principal\/#\/schema\/person\/49feb585a2f57a31a6bd9f16f78e5be6\",\"name\":\"rafaelrjp\",\"image\":{\"@type\":\"ImageObject\",\"inLanguage\":\"pt-BR\",\"@id\":\"https:\/\/www.sinpro-rio.org.br\/principal\/#\/schema\/person\/image\/\",\"url\":\"https:\/\/secure.gravatar.com\/avatar\/489371a0ba4655c340b519882c68cf68?s=96&d=mm&r=g\",\"contentUrl\":\"https:\/\/secure.gravatar.com\/avatar\/489371a0ba4655c340b519882c68cf68?s=96&d=mm&r=g\",\"caption\":\"rafaelrjp\"},\"url\":\"https:\/\/www.sinpro-rio.org.br\/principal\/author\/rafaelrjp\/\"}]}<\/script>\n<!-- \/ Yoast SEO plugin. -->","yoast_head_json":{"title":"A Campanha Salarial 2009 j\u00e1 est\u00e1 na rua - Sinpro-Rio","robots":{"index":"index","follow":"follow","max-snippet":"max-snippet:-1","max-image-preview":"max-image-preview:large","max-video-preview":"max-video-preview:-1"},"canonical":"https:\/\/www.sinpro-rio.org.br\/principal\/a-campanha-salarial-2009-ja-esta-na-rua\/","og_locale":"pt_BR","og_type":"article","og_title":"A Campanha Salarial 2009 j\u00e1 est\u00e1 na rua - Sinpro-Rio","og_description":"Come\u00e7ou est\u00e1 semana a veicula\u00e7\u00e3o das Campanhas Salariais de 2009 do Sinpro-Rio, atrav\u00e9s de publicidade em \u00f4nibus (busdoor). Durante a campanha, nos meses de mar\u00e7o, abril e maio, o Sindicato prev\u00ea realiza\u00e7\u00e3o de 19 assembleias para formata\u00e7\u00e3o das pautas de reivindica\u00e7\u00f5es. A Diretoria do Sinpro-Rio defender\u00e1 que elas obede\u00e7am aos seguintes princ\u00edpios: 1 &#8211; reajuste [&hellip;]","og_url":"https:\/\/www.sinpro-rio.org.br\/principal\/a-campanha-salarial-2009-ja-esta-na-rua\/","og_site_name":"Sinpro-Rio","article_published_time":"2009-01-01T00:00:00+00:00","author":"rafaelrjp","twitter_card":"summary_large_image","twitter_misc":{"Escrito por":"rafaelrjp","Est. tempo de leitura":"1 minuto"},"schema":{"@context":"https:\/\/schema.org","@graph":[{"@type":"WebPage","@id":"https:\/\/www.sinpro-rio.org.br\/principal\/a-campanha-salarial-2009-ja-esta-na-rua\/","url":"https:\/\/www.sinpro-rio.org.br\/principal\/a-campanha-salarial-2009-ja-esta-na-rua\/","name":"A Campanha Salarial 2009 j\u00e1 est\u00e1 na rua - Sinpro-Rio","isPartOf":{"@id":"https:\/\/www.sinpro-rio.org.br\/principal\/#website"},"datePublished":"2009-01-01T00:00:00+00:00","author":{"@id":"https:\/\/www.sinpro-rio.org.br\/principal\/#\/schema\/person\/49feb585a2f57a31a6bd9f16f78e5be6"},"breadcrumb":{"@id":"https:\/\/www.sinpro-rio.org.br\/principal\/a-campanha-salarial-2009-ja-esta-na-rua\/#breadcrumb"},"inLanguage":"pt-BR","potentialAction":[{"@type":"ReadAction","target":["https:\/\/www.sinpro-rio.org.br\/principal\/a-campanha-salarial-2009-ja-esta-na-rua\/"]}]},{"@type":"BreadcrumbList","@id":"https:\/\/www.sinpro-rio.org.br\/principal\/a-campanha-salarial-2009-ja-esta-na-rua\/#breadcrumb","itemListElement":[{"@type":"ListItem","position":1,"name":"In\u00edcio","item":"https:\/\/www.sinpro-rio.org.br\/principal\/"},{"@type":"ListItem","position":2,"name":"A Campanha Salarial 2009 j\u00e1 est\u00e1 na rua"}]},{"@type":"WebSite","@id":"https:\/\/www.sinpro-rio.org.br\/principal\/#website","url":"https:\/\/www.sinpro-rio.org.br\/principal\/","name":"Sinpro-Rio","description":"Sindicato dos Professores do Munic\u00edpio do Rio de Janeiro e Regi\u00e3o","potentialAction":[{"@type":"SearchAction","target":{"@type":"EntryPoint","urlTemplate":"https:\/\/www.sinpro-rio.org.br\/principal\/?s={search_term_string}"},"query-input":{"@type":"PropertyValueSpecification","valueRequired":true,"valueName":"search_term_string"}}],"inLanguage":"pt-BR"},{"@type":"Person","@id":"https:\/\/www.sinpro-rio.org.br\/principal\/#\/schema\/person\/49feb585a2f57a31a6bd9f16f78e5be6","name":"rafaelrjp","image":{"@type":"ImageObject","inLanguage":"pt-BR","@id":"https:\/\/www.sinpro-rio.org.br\/principal\/#\/schema\/person\/image\/","url":"https:\/\/secure.gravatar.com\/avatar\/489371a0ba4655c340b519882c68cf68?s=96&d=mm&r=g","contentUrl":"https:\/\/secure.gravatar.com\/avatar\/489371a0ba4655c340b519882c68cf68?s=96&d=mm&r=g","caption":"rafaelrjp"},"url":"https:\/\/www.sinpro-rio.org.br\/principal\/author\/rafaelrjp\/"}]}},"_links":{"self":[{"href":"https:\/\/www.sinpro-rio.org.br\/principal\/wp-json\/wp\/v2\/posts\/21505","targetHints":{"allow":["GET"]}}],"collection":[{"href":"https:\/\/www.sinpro-rio.org.br\/principal\/wp-json\/wp\/v2\/posts"}],"about":[{"href":"https:\/\/www.sinpro-rio.org.br\/principal\/wp-json\/wp\/v2\/types\/post"}],"author":[{"embeddable":true,"href":"https:\/\/www.sinpro-rio.org.br\/principal\/wp-json\/wp\/v2\/users\/1"}],"replies":[{"embeddable":true,"href":"https:\/\/www.sinpro-rio.org.br\/principal\/wp-json\/wp\/v2\/comments?post=21505"}],"version-history":[{"count":0,"href":"https:\/\/www.sinpro-rio.org.br\/principal\/wp-json\/wp\/v2\/posts\/21505\/revisions"}],"wp:attachment":[{"href":"https:\/\/www.sinpro-rio.org.br\/principal\/wp-json\/wp\/v2\/media?parent=21505"}],"wp:term":[{"taxonomy":"category","embeddable":true,"href":"https:\/\/www.sinpro-rio.org.br\/principal\/wp-json\/wp\/v2\/categories?post=21505"},{"taxonomy":"post_tag","embeddable":true,"href":"https:\/\/www.sinpro-rio.org.br\/principal\/wp-json\/wp\/v2\/tags?post=21505"}],"curies":[{"name":"wp","href":"https:\/\/api.w.org\/{rel}","templated":true}]}}