{"id":21319,"date":"2009-01-01T00:00:00","date_gmt":"2009-01-01T00:00:00","guid":{"rendered":""},"modified":"-0001-11-30T00:00:00","modified_gmt":"-0001-11-30T03:00:00","slug":"educac-o-dos-paises-ibero-americanos-e-discutido-em-brasilia","status":"publish","type":"post","link":"https:\/\/www.sinpro-rio.org.br\/principal\/educac-o-dos-paises-ibero-americanos-e-discutido-em-brasilia\/","title":{"rendered":"Educa\u00e7\u00e3o dos pa\u00edses ibero-americanos \u00e9 discutido em Bras\u00edlia"},"content":{"rendered":"<div class=\"alvo1\">\n<p>Ministros da Educa\u00e7\u00e3o dos pa\u00edses ibero-americanos estiveram reunidos nesta ter\u00e7a-feira em Bras\u00edlia. A discu\u00e7\u00f5es ficaram em torno do conjunto de 21 metas, aprovadas na edi\u00e7\u00e3o anterior do evento, que ocorreu ano passado em El Salvador. Essa metas devem ser cumpridas at\u00e9 2021. As principais delas s\u00e3o: aumentar a oferta de educa\u00e7\u00e3o infantil, universalizar e melhorar a qualidade do ensino fundamental e m\u00e9dio, al\u00e9m de fortalecer a profiss\u00e3o docente.<\/p>\n<p>Para isso, ser\u00e1 criado um fundo entre esses pa\u00edses para oferecer subs\u00eddios financeiros aos pa\u00edses mais pobres para que eles consigam cumprir as metas. A ideia \u00e9 que o fundo seja de US$ 3 bilh\u00f5es, dinheiro que vir\u00e1 dos pa\u00edses mais ricos da regi\u00e3o. \n<\/p>\n<\/div>\n","protected":false},"excerpt":{"rendered":"<p>Ministros da Educa\u00e7\u00e3o dos pa\u00edses ibero-americanos estiveram reunidos nesta ter\u00e7a-feira em Bras\u00edlia. A discu\u00e7\u00f5es ficaram em torno do conjunto de 21 metas, aprovadas na edi\u00e7\u00e3o anterior do evento, que ocorreu ano passado em El Salvador. Essa metas devem ser cumpridas at\u00e9 2021. As principais delas s\u00e3o: aumentar a oferta de educa\u00e7\u00e3o infantil, universalizar e melhorar [&hellip;]<\/p>\n","protected":false},"author":1,"featured_media":0,"comment_status":"closed","ping_status":"open","sticky":false,"template":"","format":"standard","meta":{"footnotes":""},"categories":[],"tags":[],"class_list":["post-21319","post","type-post","status-publish","format-standard","hentry"],"yoast_head":"<!-- This site is optimized with the Yoast SEO plugin v25.7 - https:\/\/yoast.com\/wordpress\/plugins\/seo\/ -->\n<title>Educa\u00e7\u00e3o dos pa\u00edses ibero-americanos \u00e9 discutido em Bras\u00edlia - Sinpro-Rio<\/title>\n<meta name=\"robots\" content=\"index, follow, max-snippet:-1, max-image-preview:large, max-video-preview:-1\" \/>\n<link rel=\"canonical\" href=\"https:\/\/www.sinpro-rio.org.br\/principal\/educac-o-dos-paises-ibero-americanos-e-discutido-em-brasilia\/\" \/>\n<meta property=\"og:locale\" content=\"pt_BR\" \/>\n<meta property=\"og:type\" content=\"article\" \/>\n<meta property=\"og:title\" content=\"Educa\u00e7\u00e3o dos pa\u00edses ibero-americanos \u00e9 discutido em Bras\u00edlia - Sinpro-Rio\" \/>\n<meta property=\"og:description\" content=\"Ministros da Educa\u00e7\u00e3o dos pa\u00edses ibero-americanos estiveram reunidos nesta ter\u00e7a-feira em Bras\u00edlia. A discu\u00e7\u00f5es ficaram em torno do conjunto de 21 metas, aprovadas na edi\u00e7\u00e3o anterior do evento, que ocorreu ano passado em El Salvador. Essa metas devem ser cumpridas at\u00e9 2021. As principais delas s\u00e3o: aumentar a oferta de educa\u00e7\u00e3o infantil, universalizar e melhorar [&hellip;]\" \/>\n<meta property=\"og:url\" content=\"https:\/\/www.sinpro-rio.org.br\/principal\/educac-o-dos-paises-ibero-americanos-e-discutido-em-brasilia\/\" \/>\n<meta property=\"og:site_name\" content=\"Sinpro-Rio\" \/>\n<meta property=\"article:published_time\" content=\"2009-01-01T00:00:00+00:00\" \/>\n<meta name=\"author\" content=\"rafaelrjp\" \/>\n<meta name=\"twitter:card\" content=\"summary_large_image\" \/>\n<meta name=\"twitter:label1\" content=\"Escrito por\" \/>\n\t<meta name=\"twitter:data1\" content=\"rafaelrjp\" \/>\n\t<meta name=\"twitter:label2\" content=\"Est. tempo de leitura\" \/>\n\t<meta name=\"twitter:data2\" content=\"1 minuto\" \/>\n<script type=\"application\/ld+json\" class=\"yoast-schema-graph\">{\"@context\":\"https:\/\/schema.org\",\"@graph\":[{\"@type\":\"WebPage\",\"@id\":\"https:\/\/www.sinpro-rio.org.br\/principal\/educac-o-dos-paises-ibero-americanos-e-discutido-em-brasilia\/\",\"url\":\"https:\/\/www.sinpro-rio.org.br\/principal\/educac-o-dos-paises-ibero-americanos-e-discutido-em-brasilia\/\",\"name\":\"Educa\u00e7\u00e3o dos pa\u00edses ibero-americanos \u00e9 discutido em Bras\u00edlia - Sinpro-Rio\",\"isPartOf\":{\"@id\":\"https:\/\/www.sinpro-rio.org.br\/principal\/#website\"},\"datePublished\":\"2009-01-01T00:00:00+00:00\",\"author\":{\"@id\":\"https:\/\/www.sinpro-rio.org.br\/principal\/#\/schema\/person\/49feb585a2f57a31a6bd9f16f78e5be6\"},\"breadcrumb\":{\"@id\":\"https:\/\/www.sinpro-rio.org.br\/principal\/educac-o-dos-paises-ibero-americanos-e-discutido-em-brasilia\/#breadcrumb\"},\"inLanguage\":\"pt-BR\",\"potentialAction\":[{\"@type\":\"ReadAction\",\"target\":[\"https:\/\/www.sinpro-rio.org.br\/principal\/educac-o-dos-paises-ibero-americanos-e-discutido-em-brasilia\/\"]}]},{\"@type\":\"BreadcrumbList\",\"@id\":\"https:\/\/www.sinpro-rio.org.br\/principal\/educac-o-dos-paises-ibero-americanos-e-discutido-em-brasilia\/#breadcrumb\",\"itemListElement\":[{\"@type\":\"ListItem\",\"position\":1,\"name\":\"In\u00edcio\",\"item\":\"https:\/\/www.sinpro-rio.org.br\/principal\/\"},{\"@type\":\"ListItem\",\"position\":2,\"name\":\"Educa\u00e7\u00e3o dos pa\u00edses ibero-americanos \u00e9 discutido em Bras\u00edlia\"}]},{\"@type\":\"WebSite\",\"@id\":\"https:\/\/www.sinpro-rio.org.br\/principal\/#website\",\"url\":\"https:\/\/www.sinpro-rio.org.br\/principal\/\",\"name\":\"Sinpro-Rio\",\"description\":\"Sindicato dos Professores do Munic\u00edpio do Rio de Janeiro e Regi\u00e3o\",\"potentialAction\":[{\"@type\":\"SearchAction\",\"target\":{\"@type\":\"EntryPoint\",\"urlTemplate\":\"https:\/\/www.sinpro-rio.org.br\/principal\/?s={search_term_string}\"},\"query-input\":{\"@type\":\"PropertyValueSpecification\",\"valueRequired\":true,\"valueName\":\"search_term_string\"}}],\"inLanguage\":\"pt-BR\"},{\"@type\":\"Person\",\"@id\":\"https:\/\/www.sinpro-rio.org.br\/principal\/#\/schema\/person\/49feb585a2f57a31a6bd9f16f78e5be6\",\"name\":\"rafaelrjp\",\"image\":{\"@type\":\"ImageObject\",\"inLanguage\":\"pt-BR\",\"@id\":\"https:\/\/www.sinpro-rio.org.br\/principal\/#\/schema\/person\/image\/\",\"url\":\"https:\/\/secure.gravatar.com\/avatar\/489371a0ba4655c340b519882c68cf68?s=96&d=mm&r=g\",\"contentUrl\":\"https:\/\/secure.gravatar.com\/avatar\/489371a0ba4655c340b519882c68cf68?s=96&d=mm&r=g\",\"caption\":\"rafaelrjp\"},\"url\":\"https:\/\/www.sinpro-rio.org.br\/principal\/author\/rafaelrjp\/\"}]}<\/script>\n<!-- \/ Yoast SEO plugin. -->","yoast_head_json":{"title":"Educa\u00e7\u00e3o dos pa\u00edses ibero-americanos \u00e9 discutido em Bras\u00edlia - Sinpro-Rio","robots":{"index":"index","follow":"follow","max-snippet":"max-snippet:-1","max-image-preview":"max-image-preview:large","max-video-preview":"max-video-preview:-1"},"canonical":"https:\/\/www.sinpro-rio.org.br\/principal\/educac-o-dos-paises-ibero-americanos-e-discutido-em-brasilia\/","og_locale":"pt_BR","og_type":"article","og_title":"Educa\u00e7\u00e3o dos pa\u00edses ibero-americanos \u00e9 discutido em Bras\u00edlia - Sinpro-Rio","og_description":"Ministros da Educa\u00e7\u00e3o dos pa\u00edses ibero-americanos estiveram reunidos nesta ter\u00e7a-feira em Bras\u00edlia. A discu\u00e7\u00f5es ficaram em torno do conjunto de 21 metas, aprovadas na edi\u00e7\u00e3o anterior do evento, que ocorreu ano passado em El Salvador. Essa metas devem ser cumpridas at\u00e9 2021. As principais delas s\u00e3o: aumentar a oferta de educa\u00e7\u00e3o infantil, universalizar e melhorar [&hellip;]","og_url":"https:\/\/www.sinpro-rio.org.br\/principal\/educac-o-dos-paises-ibero-americanos-e-discutido-em-brasilia\/","og_site_name":"Sinpro-Rio","article_published_time":"2009-01-01T00:00:00+00:00","author":"rafaelrjp","twitter_card":"summary_large_image","twitter_misc":{"Escrito por":"rafaelrjp","Est. tempo de leitura":"1 minuto"},"schema":{"@context":"https:\/\/schema.org","@graph":[{"@type":"WebPage","@id":"https:\/\/www.sinpro-rio.org.br\/principal\/educac-o-dos-paises-ibero-americanos-e-discutido-em-brasilia\/","url":"https:\/\/www.sinpro-rio.org.br\/principal\/educac-o-dos-paises-ibero-americanos-e-discutido-em-brasilia\/","name":"Educa\u00e7\u00e3o dos pa\u00edses ibero-americanos \u00e9 discutido em Bras\u00edlia - Sinpro-Rio","isPartOf":{"@id":"https:\/\/www.sinpro-rio.org.br\/principal\/#website"},"datePublished":"2009-01-01T00:00:00+00:00","author":{"@id":"https:\/\/www.sinpro-rio.org.br\/principal\/#\/schema\/person\/49feb585a2f57a31a6bd9f16f78e5be6"},"breadcrumb":{"@id":"https:\/\/www.sinpro-rio.org.br\/principal\/educac-o-dos-paises-ibero-americanos-e-discutido-em-brasilia\/#breadcrumb"},"inLanguage":"pt-BR","potentialAction":[{"@type":"ReadAction","target":["https:\/\/www.sinpro-rio.org.br\/principal\/educac-o-dos-paises-ibero-americanos-e-discutido-em-brasilia\/"]}]},{"@type":"BreadcrumbList","@id":"https:\/\/www.sinpro-rio.org.br\/principal\/educac-o-dos-paises-ibero-americanos-e-discutido-em-brasilia\/#breadcrumb","itemListElement":[{"@type":"ListItem","position":1,"name":"In\u00edcio","item":"https:\/\/www.sinpro-rio.org.br\/principal\/"},{"@type":"ListItem","position":2,"name":"Educa\u00e7\u00e3o dos pa\u00edses ibero-americanos \u00e9 discutido em Bras\u00edlia"}]},{"@type":"WebSite","@id":"https:\/\/www.sinpro-rio.org.br\/principal\/#website","url":"https:\/\/www.sinpro-rio.org.br\/principal\/","name":"Sinpro-Rio","description":"Sindicato dos Professores do Munic\u00edpio do Rio de Janeiro e Regi\u00e3o","potentialAction":[{"@type":"SearchAction","target":{"@type":"EntryPoint","urlTemplate":"https:\/\/www.sinpro-rio.org.br\/principal\/?s={search_term_string}"},"query-input":{"@type":"PropertyValueSpecification","valueRequired":true,"valueName":"search_term_string"}}],"inLanguage":"pt-BR"},{"@type":"Person","@id":"https:\/\/www.sinpro-rio.org.br\/principal\/#\/schema\/person\/49feb585a2f57a31a6bd9f16f78e5be6","name":"rafaelrjp","image":{"@type":"ImageObject","inLanguage":"pt-BR","@id":"https:\/\/www.sinpro-rio.org.br\/principal\/#\/schema\/person\/image\/","url":"https:\/\/secure.gravatar.com\/avatar\/489371a0ba4655c340b519882c68cf68?s=96&d=mm&r=g","contentUrl":"https:\/\/secure.gravatar.com\/avatar\/489371a0ba4655c340b519882c68cf68?s=96&d=mm&r=g","caption":"rafaelrjp"},"url":"https:\/\/www.sinpro-rio.org.br\/principal\/author\/rafaelrjp\/"}]}},"_links":{"self":[{"href":"https:\/\/www.sinpro-rio.org.br\/principal\/wp-json\/wp\/v2\/posts\/21319","targetHints":{"allow":["GET"]}}],"collection":[{"href":"https:\/\/www.sinpro-rio.org.br\/principal\/wp-json\/wp\/v2\/posts"}],"about":[{"href":"https:\/\/www.sinpro-rio.org.br\/principal\/wp-json\/wp\/v2\/types\/post"}],"author":[{"embeddable":true,"href":"https:\/\/www.sinpro-rio.org.br\/principal\/wp-json\/wp\/v2\/users\/1"}],"replies":[{"embeddable":true,"href":"https:\/\/www.sinpro-rio.org.br\/principal\/wp-json\/wp\/v2\/comments?post=21319"}],"version-history":[{"count":0,"href":"https:\/\/www.sinpro-rio.org.br\/principal\/wp-json\/wp\/v2\/posts\/21319\/revisions"}],"wp:attachment":[{"href":"https:\/\/www.sinpro-rio.org.br\/principal\/wp-json\/wp\/v2\/media?parent=21319"}],"wp:term":[{"taxonomy":"category","embeddable":true,"href":"https:\/\/www.sinpro-rio.org.br\/principal\/wp-json\/wp\/v2\/categories?post=21319"},{"taxonomy":"post_tag","embeddable":true,"href":"https:\/\/www.sinpro-rio.org.br\/principal\/wp-json\/wp\/v2\/tags?post=21319"}],"curies":[{"name":"wp","href":"https:\/\/api.w.org\/{rel}","templated":true}]}}