{"id":21312,"date":"2009-01-01T00:00:00","date_gmt":"2009-01-01T00:00:00","guid":{"rendered":""},"modified":"-0001-11-30T00:00:00","modified_gmt":"-0001-11-30T03:00:00","slug":"projeto-de-lei-297-09-e-debatido-na-c-mara-dos-vereadores","status":"publish","type":"post","link":"https:\/\/www.sinpro-rio.org.br\/principal\/projeto-de-lei-297-09-e-debatido-na-c-mara-dos-vereadores\/","title":{"rendered":"Projeto de Lei 297\/09 \u00e9 debatido na C\u00e2mara dos Vereadores"},"content":{"rendered":"<div class=\"alvo1\">\n<p>O Projeto de Lei 297\/09, que institui o calend\u00e1rio escolar unificado na cidade do Rio de Janeiro foi tema de uma mesa-redonda na C\u00e2mara Municipal, no dia 3 de setembro, com a presen\u00e7a do vereador Reimont , presidente da Comiss\u00e3o de Educa\u00e7\u00e3o e Cultura da Casa; e o presidente do Sinpro-Rio, Wanderley Qu\u00eado. Horas antes do encontro, o PL havia sido aprovado em primeira discuss\u00e3o no plen\u00e1rio.<\/p>\n<p>Para Reimont, a aprova\u00e7\u00e3o gera ganhos para a educa\u00e7\u00e3o e a sociedade, al\u00e9m, \u00e9 claro, dos professores, pr\u00f3ximos ao esgotamento f\u00edsico e mental, traduzido em excessivo afastamento de profissionais dos locais de trabalho para tratamentos e readapta\u00e7\u00f5es.<\/p>\n<p>Segundo Wanderley, a discuss\u00e3o do PL 297\/09 na Casa \u00e9 um momento especial da campanha Condi\u00e7\u00f5es de Trabalho e Sa\u00fade do Professor, que, em um primeiro momento, conseguiu fazer com que a categoria refletisse sob a influencia do ambiente de trabalho na sua sa\u00fade; e conseguiu pautar na sociedade a discuss\u00e3o do calend\u00e1rio \u00fanico, que \u00e9 de interesse p\u00fablico.<\/p>\n<p>Reimont e Wanderley destacaram a import\u00e2ncia da parceria com o Sindicato Estadual dos Profissionais de Educa\u00e7\u00e3o (Sepe-RJ), a Associa\u00e7\u00e3o de Escolas Cat\u00f3licas (AEC-RJ), a Associa\u00e7\u00e3o de Educadores e de Estabelecimentos (Escolas-Rio), o Sindicato dos Estabelecimentos Particulares de Ensino (Sinepe-Rio) e a Associa\u00e7\u00e3o Municipal de Estudantes Secundaristas (Ames), convidadas para integrarem uma comiss\u00e3o plural para discutir e finalizar o calend\u00e1rio escolar \u00fanico.<\/p>\n<p>O encontro contou com a presen\u00e7a de representantes do Sepe, da Associa\u00e7\u00e3o de Pais de Alunos da Rede P\u00fablica e do Conselho Municipal de Educa\u00e7\u00e3o.<\/p>\n<p>Confira as fotos aqui. \n<\/p>\n<\/div>\n","protected":false},"excerpt":{"rendered":"<p>O Projeto de Lei 297\/09, que institui o calend\u00e1rio escolar unificado na cidade do Rio de Janeiro foi tema de uma mesa-redonda na C\u00e2mara Municipal, no dia 3 de setembro, com a presen\u00e7a do vereador Reimont , presidente da Comiss\u00e3o de Educa\u00e7\u00e3o e Cultura da Casa; e o presidente do Sinpro-Rio, Wanderley Qu\u00eado. Horas antes [&hellip;]<\/p>\n","protected":false},"author":1,"featured_media":0,"comment_status":"closed","ping_status":"open","sticky":false,"template":"","format":"standard","meta":{"footnotes":""},"categories":[],"tags":[],"class_list":["post-21312","post","type-post","status-publish","format-standard","hentry"],"yoast_head":"<!-- This site is optimized with the Yoast SEO plugin v25.7 - https:\/\/yoast.com\/wordpress\/plugins\/seo\/ -->\n<title>Projeto de Lei 297\/09 \u00e9 debatido na C\u00e2mara dos Vereadores - Sinpro-Rio<\/title>\n<meta name=\"robots\" content=\"index, follow, max-snippet:-1, max-image-preview:large, max-video-preview:-1\" \/>\n<link rel=\"canonical\" href=\"https:\/\/www.sinpro-rio.org.br\/principal\/projeto-de-lei-297-09-e-debatido-na-c-mara-dos-vereadores\/\" \/>\n<meta property=\"og:locale\" content=\"pt_BR\" \/>\n<meta property=\"og:type\" content=\"article\" \/>\n<meta property=\"og:title\" content=\"Projeto de Lei 297\/09 \u00e9 debatido na C\u00e2mara dos Vereadores - Sinpro-Rio\" \/>\n<meta property=\"og:description\" content=\"O Projeto de Lei 297\/09, que institui o calend\u00e1rio escolar unificado na cidade do Rio de Janeiro foi tema de uma mesa-redonda na C\u00e2mara Municipal, no dia 3 de setembro, com a presen\u00e7a do vereador Reimont , presidente da Comiss\u00e3o de Educa\u00e7\u00e3o e Cultura da Casa; e o presidente do Sinpro-Rio, Wanderley Qu\u00eado. Horas antes [&hellip;]\" \/>\n<meta property=\"og:url\" content=\"https:\/\/www.sinpro-rio.org.br\/principal\/projeto-de-lei-297-09-e-debatido-na-c-mara-dos-vereadores\/\" \/>\n<meta property=\"og:site_name\" content=\"Sinpro-Rio\" \/>\n<meta property=\"article:published_time\" content=\"2009-01-01T00:00:00+00:00\" \/>\n<meta name=\"author\" content=\"rafaelrjp\" \/>\n<meta name=\"twitter:card\" content=\"summary_large_image\" \/>\n<meta name=\"twitter:label1\" content=\"Escrito por\" \/>\n\t<meta name=\"twitter:data1\" content=\"rafaelrjp\" \/>\n\t<meta name=\"twitter:label2\" content=\"Est. tempo de leitura\" \/>\n\t<meta name=\"twitter:data2\" content=\"1 minuto\" \/>\n<script type=\"application\/ld+json\" class=\"yoast-schema-graph\">{\"@context\":\"https:\/\/schema.org\",\"@graph\":[{\"@type\":\"WebPage\",\"@id\":\"https:\/\/www.sinpro-rio.org.br\/principal\/projeto-de-lei-297-09-e-debatido-na-c-mara-dos-vereadores\/\",\"url\":\"https:\/\/www.sinpro-rio.org.br\/principal\/projeto-de-lei-297-09-e-debatido-na-c-mara-dos-vereadores\/\",\"name\":\"Projeto de Lei 297\/09 \u00e9 debatido na C\u00e2mara dos Vereadores - Sinpro-Rio\",\"isPartOf\":{\"@id\":\"https:\/\/www.sinpro-rio.org.br\/principal\/#website\"},\"datePublished\":\"2009-01-01T00:00:00+00:00\",\"author\":{\"@id\":\"https:\/\/www.sinpro-rio.org.br\/principal\/#\/schema\/person\/49feb585a2f57a31a6bd9f16f78e5be6\"},\"breadcrumb\":{\"@id\":\"https:\/\/www.sinpro-rio.org.br\/principal\/projeto-de-lei-297-09-e-debatido-na-c-mara-dos-vereadores\/#breadcrumb\"},\"inLanguage\":\"pt-BR\",\"potentialAction\":[{\"@type\":\"ReadAction\",\"target\":[\"https:\/\/www.sinpro-rio.org.br\/principal\/projeto-de-lei-297-09-e-debatido-na-c-mara-dos-vereadores\/\"]}]},{\"@type\":\"BreadcrumbList\",\"@id\":\"https:\/\/www.sinpro-rio.org.br\/principal\/projeto-de-lei-297-09-e-debatido-na-c-mara-dos-vereadores\/#breadcrumb\",\"itemListElement\":[{\"@type\":\"ListItem\",\"position\":1,\"name\":\"In\u00edcio\",\"item\":\"https:\/\/www.sinpro-rio.org.br\/principal\/\"},{\"@type\":\"ListItem\",\"position\":2,\"name\":\"Projeto de Lei 297\/09 \u00e9 debatido na C\u00e2mara dos Vereadores\"}]},{\"@type\":\"WebSite\",\"@id\":\"https:\/\/www.sinpro-rio.org.br\/principal\/#website\",\"url\":\"https:\/\/www.sinpro-rio.org.br\/principal\/\",\"name\":\"Sinpro-Rio\",\"description\":\"Sindicato dos Professores do Munic\u00edpio do Rio de Janeiro e Regi\u00e3o\",\"potentialAction\":[{\"@type\":\"SearchAction\",\"target\":{\"@type\":\"EntryPoint\",\"urlTemplate\":\"https:\/\/www.sinpro-rio.org.br\/principal\/?s={search_term_string}\"},\"query-input\":{\"@type\":\"PropertyValueSpecification\",\"valueRequired\":true,\"valueName\":\"search_term_string\"}}],\"inLanguage\":\"pt-BR\"},{\"@type\":\"Person\",\"@id\":\"https:\/\/www.sinpro-rio.org.br\/principal\/#\/schema\/person\/49feb585a2f57a31a6bd9f16f78e5be6\",\"name\":\"rafaelrjp\",\"image\":{\"@type\":\"ImageObject\",\"inLanguage\":\"pt-BR\",\"@id\":\"https:\/\/www.sinpro-rio.org.br\/principal\/#\/schema\/person\/image\/\",\"url\":\"https:\/\/secure.gravatar.com\/avatar\/489371a0ba4655c340b519882c68cf68?s=96&d=mm&r=g\",\"contentUrl\":\"https:\/\/secure.gravatar.com\/avatar\/489371a0ba4655c340b519882c68cf68?s=96&d=mm&r=g\",\"caption\":\"rafaelrjp\"},\"url\":\"https:\/\/www.sinpro-rio.org.br\/principal\/author\/rafaelrjp\/\"}]}<\/script>\n<!-- \/ Yoast SEO plugin. -->","yoast_head_json":{"title":"Projeto de Lei 297\/09 \u00e9 debatido na C\u00e2mara dos Vereadores - Sinpro-Rio","robots":{"index":"index","follow":"follow","max-snippet":"max-snippet:-1","max-image-preview":"max-image-preview:large","max-video-preview":"max-video-preview:-1"},"canonical":"https:\/\/www.sinpro-rio.org.br\/principal\/projeto-de-lei-297-09-e-debatido-na-c-mara-dos-vereadores\/","og_locale":"pt_BR","og_type":"article","og_title":"Projeto de Lei 297\/09 \u00e9 debatido na C\u00e2mara dos Vereadores - Sinpro-Rio","og_description":"O Projeto de Lei 297\/09, que institui o calend\u00e1rio escolar unificado na cidade do Rio de Janeiro foi tema de uma mesa-redonda na C\u00e2mara Municipal, no dia 3 de setembro, com a presen\u00e7a do vereador Reimont , presidente da Comiss\u00e3o de Educa\u00e7\u00e3o e Cultura da Casa; e o presidente do Sinpro-Rio, Wanderley Qu\u00eado. Horas antes [&hellip;]","og_url":"https:\/\/www.sinpro-rio.org.br\/principal\/projeto-de-lei-297-09-e-debatido-na-c-mara-dos-vereadores\/","og_site_name":"Sinpro-Rio","article_published_time":"2009-01-01T00:00:00+00:00","author":"rafaelrjp","twitter_card":"summary_large_image","twitter_misc":{"Escrito por":"rafaelrjp","Est. tempo de leitura":"1 minuto"},"schema":{"@context":"https:\/\/schema.org","@graph":[{"@type":"WebPage","@id":"https:\/\/www.sinpro-rio.org.br\/principal\/projeto-de-lei-297-09-e-debatido-na-c-mara-dos-vereadores\/","url":"https:\/\/www.sinpro-rio.org.br\/principal\/projeto-de-lei-297-09-e-debatido-na-c-mara-dos-vereadores\/","name":"Projeto de Lei 297\/09 \u00e9 debatido na C\u00e2mara dos Vereadores - Sinpro-Rio","isPartOf":{"@id":"https:\/\/www.sinpro-rio.org.br\/principal\/#website"},"datePublished":"2009-01-01T00:00:00+00:00","author":{"@id":"https:\/\/www.sinpro-rio.org.br\/principal\/#\/schema\/person\/49feb585a2f57a31a6bd9f16f78e5be6"},"breadcrumb":{"@id":"https:\/\/www.sinpro-rio.org.br\/principal\/projeto-de-lei-297-09-e-debatido-na-c-mara-dos-vereadores\/#breadcrumb"},"inLanguage":"pt-BR","potentialAction":[{"@type":"ReadAction","target":["https:\/\/www.sinpro-rio.org.br\/principal\/projeto-de-lei-297-09-e-debatido-na-c-mara-dos-vereadores\/"]}]},{"@type":"BreadcrumbList","@id":"https:\/\/www.sinpro-rio.org.br\/principal\/projeto-de-lei-297-09-e-debatido-na-c-mara-dos-vereadores\/#breadcrumb","itemListElement":[{"@type":"ListItem","position":1,"name":"In\u00edcio","item":"https:\/\/www.sinpro-rio.org.br\/principal\/"},{"@type":"ListItem","position":2,"name":"Projeto de Lei 297\/09 \u00e9 debatido na C\u00e2mara dos Vereadores"}]},{"@type":"WebSite","@id":"https:\/\/www.sinpro-rio.org.br\/principal\/#website","url":"https:\/\/www.sinpro-rio.org.br\/principal\/","name":"Sinpro-Rio","description":"Sindicato dos Professores do Munic\u00edpio do Rio de Janeiro e Regi\u00e3o","potentialAction":[{"@type":"SearchAction","target":{"@type":"EntryPoint","urlTemplate":"https:\/\/www.sinpro-rio.org.br\/principal\/?s={search_term_string}"},"query-input":{"@type":"PropertyValueSpecification","valueRequired":true,"valueName":"search_term_string"}}],"inLanguage":"pt-BR"},{"@type":"Person","@id":"https:\/\/www.sinpro-rio.org.br\/principal\/#\/schema\/person\/49feb585a2f57a31a6bd9f16f78e5be6","name":"rafaelrjp","image":{"@type":"ImageObject","inLanguage":"pt-BR","@id":"https:\/\/www.sinpro-rio.org.br\/principal\/#\/schema\/person\/image\/","url":"https:\/\/secure.gravatar.com\/avatar\/489371a0ba4655c340b519882c68cf68?s=96&d=mm&r=g","contentUrl":"https:\/\/secure.gravatar.com\/avatar\/489371a0ba4655c340b519882c68cf68?s=96&d=mm&r=g","caption":"rafaelrjp"},"url":"https:\/\/www.sinpro-rio.org.br\/principal\/author\/rafaelrjp\/"}]}},"_links":{"self":[{"href":"https:\/\/www.sinpro-rio.org.br\/principal\/wp-json\/wp\/v2\/posts\/21312","targetHints":{"allow":["GET"]}}],"collection":[{"href":"https:\/\/www.sinpro-rio.org.br\/principal\/wp-json\/wp\/v2\/posts"}],"about":[{"href":"https:\/\/www.sinpro-rio.org.br\/principal\/wp-json\/wp\/v2\/types\/post"}],"author":[{"embeddable":true,"href":"https:\/\/www.sinpro-rio.org.br\/principal\/wp-json\/wp\/v2\/users\/1"}],"replies":[{"embeddable":true,"href":"https:\/\/www.sinpro-rio.org.br\/principal\/wp-json\/wp\/v2\/comments?post=21312"}],"version-history":[{"count":0,"href":"https:\/\/www.sinpro-rio.org.br\/principal\/wp-json\/wp\/v2\/posts\/21312\/revisions"}],"wp:attachment":[{"href":"https:\/\/www.sinpro-rio.org.br\/principal\/wp-json\/wp\/v2\/media?parent=21312"}],"wp:term":[{"taxonomy":"category","embeddable":true,"href":"https:\/\/www.sinpro-rio.org.br\/principal\/wp-json\/wp\/v2\/categories?post=21312"},{"taxonomy":"post_tag","embeddable":true,"href":"https:\/\/www.sinpro-rio.org.br\/principal\/wp-json\/wp\/v2\/tags?post=21312"}],"curies":[{"name":"wp","href":"https:\/\/api.w.org\/{rel}","templated":true}]}}