{"id":21305,"date":"2009-01-01T00:00:00","date_gmt":"2009-01-01T00:00:00","guid":{"rendered":""},"modified":"-0001-11-30T00:00:00","modified_gmt":"-0001-11-30T03:00:00","slug":"pl-297-09-sobre-calendario-escolar-unificado-e-votado-na-c-mara","status":"publish","type":"post","link":"https:\/\/www.sinpro-rio.org.br\/principal\/pl-297-09-sobre-calendario-escolar-unificado-e-votado-na-c-mara\/","title":{"rendered":"PL 297\/09, sobre calend\u00e1rio escolar unificado , \u00e9 votado na C\u00e2mara"},"content":{"rendered":"<div class=\"alvo1\">\n<p>Ser\u00e1 votado amanh\u00e3, dia 22 de semtembro, na C\u00e2mara Municipal do Rio, o Projeto de Lei 297\/2009, que institui o calend\u00e1rio unificado para escolas p\u00fablicas e privadas da cidade. De autoria do presidente da Comiss\u00e3o de Educa\u00e7\u00e3o e Cultura da C\u00e2mara, o vereador Reimont, o projeto, que j\u00e1 foi aprovado em primeira discuss\u00e3o no dia 3, foi feito ap\u00f3s uma discuss\u00e3o com o Sindicato dos Professores do Munic\u00edpio do Rio de Janeiro (SinproRio) e tem o objetivo de &#8220;garantir a simultaneidade e integralidade das f\u00e9rias escolares&#8221; de todos os profissionais de educa\u00e7\u00e3o.<\/p>\n<p>A falta de um calend\u00e1rio escolar unificado tem levado a categoria, tanto na rede p\u00fablica quanto na particular, ao esgotamento f\u00edsico e mental, traduzido em excessivo afastamento de profissionais dos locais de trabalho para tratamentos e readapta\u00e7\u00f5es. &#8211; Esta lei vai beneficiar a educa\u00e7\u00e3o como um todo e os que nela trabalham, al\u00e9m das fam\u00edlias e os alunos &#8211; afirmou Reimont, que recebeu, atrav\u00e9s da Comiss\u00e3o, v\u00e1rias reclama\u00e7\u00f5es de professores sobre doen\u00e7as no trabalho. \n<\/p>\n<\/div>\n","protected":false},"excerpt":{"rendered":"<p>Ser\u00e1 votado amanh\u00e3, dia 22 de semtembro, na C\u00e2mara Municipal do Rio, o Projeto de Lei 297\/2009, que institui o calend\u00e1rio unificado para escolas p\u00fablicas e privadas da cidade. De autoria do presidente da Comiss\u00e3o de Educa\u00e7\u00e3o e Cultura da C\u00e2mara, o vereador Reimont, o projeto, que j\u00e1 foi aprovado em primeira discuss\u00e3o no dia [&hellip;]<\/p>\n","protected":false},"author":1,"featured_media":0,"comment_status":"closed","ping_status":"open","sticky":false,"template":"","format":"standard","meta":{"footnotes":""},"categories":[],"tags":[],"class_list":["post-21305","post","type-post","status-publish","format-standard","hentry"],"yoast_head":"<!-- This site is optimized with the Yoast SEO plugin v25.7 - https:\/\/yoast.com\/wordpress\/plugins\/seo\/ -->\n<title>PL 297\/09, sobre calend\u00e1rio escolar unificado , \u00e9 votado na C\u00e2mara - Sinpro-Rio<\/title>\n<meta name=\"robots\" content=\"index, follow, max-snippet:-1, max-image-preview:large, max-video-preview:-1\" \/>\n<link rel=\"canonical\" href=\"https:\/\/www.sinpro-rio.org.br\/principal\/pl-297-09-sobre-calendario-escolar-unificado-e-votado-na-c-mara\/\" \/>\n<meta property=\"og:locale\" content=\"pt_BR\" \/>\n<meta property=\"og:type\" content=\"article\" \/>\n<meta property=\"og:title\" content=\"PL 297\/09, sobre calend\u00e1rio escolar unificado , \u00e9 votado na C\u00e2mara - Sinpro-Rio\" \/>\n<meta property=\"og:description\" content=\"Ser\u00e1 votado amanh\u00e3, dia 22 de semtembro, na C\u00e2mara Municipal do Rio, o Projeto de Lei 297\/2009, que institui o calend\u00e1rio unificado para escolas p\u00fablicas e privadas da cidade. De autoria do presidente da Comiss\u00e3o de Educa\u00e7\u00e3o e Cultura da C\u00e2mara, o vereador Reimont, o projeto, que j\u00e1 foi aprovado em primeira discuss\u00e3o no dia [&hellip;]\" \/>\n<meta property=\"og:url\" content=\"https:\/\/www.sinpro-rio.org.br\/principal\/pl-297-09-sobre-calendario-escolar-unificado-e-votado-na-c-mara\/\" \/>\n<meta property=\"og:site_name\" content=\"Sinpro-Rio\" \/>\n<meta property=\"article:published_time\" content=\"2009-01-01T00:00:00+00:00\" \/>\n<meta name=\"author\" content=\"rafaelrjp\" \/>\n<meta name=\"twitter:card\" content=\"summary_large_image\" \/>\n<meta name=\"twitter:label1\" content=\"Escrito por\" \/>\n\t<meta name=\"twitter:data1\" content=\"rafaelrjp\" \/>\n\t<meta name=\"twitter:label2\" content=\"Est. tempo de leitura\" \/>\n\t<meta name=\"twitter:data2\" content=\"1 minuto\" \/>\n<script type=\"application\/ld+json\" class=\"yoast-schema-graph\">{\"@context\":\"https:\/\/schema.org\",\"@graph\":[{\"@type\":\"WebPage\",\"@id\":\"https:\/\/www.sinpro-rio.org.br\/principal\/pl-297-09-sobre-calendario-escolar-unificado-e-votado-na-c-mara\/\",\"url\":\"https:\/\/www.sinpro-rio.org.br\/principal\/pl-297-09-sobre-calendario-escolar-unificado-e-votado-na-c-mara\/\",\"name\":\"PL 297\/09, sobre calend\u00e1rio escolar unificado , \u00e9 votado na C\u00e2mara - Sinpro-Rio\",\"isPartOf\":{\"@id\":\"https:\/\/www.sinpro-rio.org.br\/principal\/#website\"},\"datePublished\":\"2009-01-01T00:00:00+00:00\",\"author\":{\"@id\":\"https:\/\/www.sinpro-rio.org.br\/principal\/#\/schema\/person\/49feb585a2f57a31a6bd9f16f78e5be6\"},\"breadcrumb\":{\"@id\":\"https:\/\/www.sinpro-rio.org.br\/principal\/pl-297-09-sobre-calendario-escolar-unificado-e-votado-na-c-mara\/#breadcrumb\"},\"inLanguage\":\"pt-BR\",\"potentialAction\":[{\"@type\":\"ReadAction\",\"target\":[\"https:\/\/www.sinpro-rio.org.br\/principal\/pl-297-09-sobre-calendario-escolar-unificado-e-votado-na-c-mara\/\"]}]},{\"@type\":\"BreadcrumbList\",\"@id\":\"https:\/\/www.sinpro-rio.org.br\/principal\/pl-297-09-sobre-calendario-escolar-unificado-e-votado-na-c-mara\/#breadcrumb\",\"itemListElement\":[{\"@type\":\"ListItem\",\"position\":1,\"name\":\"In\u00edcio\",\"item\":\"https:\/\/www.sinpro-rio.org.br\/principal\/\"},{\"@type\":\"ListItem\",\"position\":2,\"name\":\"PL 297\/09, sobre calend\u00e1rio escolar unificado , \u00e9 votado na C\u00e2mara\"}]},{\"@type\":\"WebSite\",\"@id\":\"https:\/\/www.sinpro-rio.org.br\/principal\/#website\",\"url\":\"https:\/\/www.sinpro-rio.org.br\/principal\/\",\"name\":\"Sinpro-Rio\",\"description\":\"Sindicato dos Professores do Munic\u00edpio do Rio de Janeiro e Regi\u00e3o\",\"potentialAction\":[{\"@type\":\"SearchAction\",\"target\":{\"@type\":\"EntryPoint\",\"urlTemplate\":\"https:\/\/www.sinpro-rio.org.br\/principal\/?s={search_term_string}\"},\"query-input\":{\"@type\":\"PropertyValueSpecification\",\"valueRequired\":true,\"valueName\":\"search_term_string\"}}],\"inLanguage\":\"pt-BR\"},{\"@type\":\"Person\",\"@id\":\"https:\/\/www.sinpro-rio.org.br\/principal\/#\/schema\/person\/49feb585a2f57a31a6bd9f16f78e5be6\",\"name\":\"rafaelrjp\",\"image\":{\"@type\":\"ImageObject\",\"inLanguage\":\"pt-BR\",\"@id\":\"https:\/\/www.sinpro-rio.org.br\/principal\/#\/schema\/person\/image\/\",\"url\":\"https:\/\/secure.gravatar.com\/avatar\/489371a0ba4655c340b519882c68cf68?s=96&d=mm&r=g\",\"contentUrl\":\"https:\/\/secure.gravatar.com\/avatar\/489371a0ba4655c340b519882c68cf68?s=96&d=mm&r=g\",\"caption\":\"rafaelrjp\"},\"url\":\"https:\/\/www.sinpro-rio.org.br\/principal\/author\/rafaelrjp\/\"}]}<\/script>\n<!-- \/ Yoast SEO plugin. -->","yoast_head_json":{"title":"PL 297\/09, sobre calend\u00e1rio escolar unificado , \u00e9 votado na C\u00e2mara - Sinpro-Rio","robots":{"index":"index","follow":"follow","max-snippet":"max-snippet:-1","max-image-preview":"max-image-preview:large","max-video-preview":"max-video-preview:-1"},"canonical":"https:\/\/www.sinpro-rio.org.br\/principal\/pl-297-09-sobre-calendario-escolar-unificado-e-votado-na-c-mara\/","og_locale":"pt_BR","og_type":"article","og_title":"PL 297\/09, sobre calend\u00e1rio escolar unificado , \u00e9 votado na C\u00e2mara - Sinpro-Rio","og_description":"Ser\u00e1 votado amanh\u00e3, dia 22 de semtembro, na C\u00e2mara Municipal do Rio, o Projeto de Lei 297\/2009, que institui o calend\u00e1rio unificado para escolas p\u00fablicas e privadas da cidade. De autoria do presidente da Comiss\u00e3o de Educa\u00e7\u00e3o e Cultura da C\u00e2mara, o vereador Reimont, o projeto, que j\u00e1 foi aprovado em primeira discuss\u00e3o no dia [&hellip;]","og_url":"https:\/\/www.sinpro-rio.org.br\/principal\/pl-297-09-sobre-calendario-escolar-unificado-e-votado-na-c-mara\/","og_site_name":"Sinpro-Rio","article_published_time":"2009-01-01T00:00:00+00:00","author":"rafaelrjp","twitter_card":"summary_large_image","twitter_misc":{"Escrito por":"rafaelrjp","Est. tempo de leitura":"1 minuto"},"schema":{"@context":"https:\/\/schema.org","@graph":[{"@type":"WebPage","@id":"https:\/\/www.sinpro-rio.org.br\/principal\/pl-297-09-sobre-calendario-escolar-unificado-e-votado-na-c-mara\/","url":"https:\/\/www.sinpro-rio.org.br\/principal\/pl-297-09-sobre-calendario-escolar-unificado-e-votado-na-c-mara\/","name":"PL 297\/09, sobre calend\u00e1rio escolar unificado , \u00e9 votado na C\u00e2mara - Sinpro-Rio","isPartOf":{"@id":"https:\/\/www.sinpro-rio.org.br\/principal\/#website"},"datePublished":"2009-01-01T00:00:00+00:00","author":{"@id":"https:\/\/www.sinpro-rio.org.br\/principal\/#\/schema\/person\/49feb585a2f57a31a6bd9f16f78e5be6"},"breadcrumb":{"@id":"https:\/\/www.sinpro-rio.org.br\/principal\/pl-297-09-sobre-calendario-escolar-unificado-e-votado-na-c-mara\/#breadcrumb"},"inLanguage":"pt-BR","potentialAction":[{"@type":"ReadAction","target":["https:\/\/www.sinpro-rio.org.br\/principal\/pl-297-09-sobre-calendario-escolar-unificado-e-votado-na-c-mara\/"]}]},{"@type":"BreadcrumbList","@id":"https:\/\/www.sinpro-rio.org.br\/principal\/pl-297-09-sobre-calendario-escolar-unificado-e-votado-na-c-mara\/#breadcrumb","itemListElement":[{"@type":"ListItem","position":1,"name":"In\u00edcio","item":"https:\/\/www.sinpro-rio.org.br\/principal\/"},{"@type":"ListItem","position":2,"name":"PL 297\/09, sobre calend\u00e1rio escolar unificado , \u00e9 votado na C\u00e2mara"}]},{"@type":"WebSite","@id":"https:\/\/www.sinpro-rio.org.br\/principal\/#website","url":"https:\/\/www.sinpro-rio.org.br\/principal\/","name":"Sinpro-Rio","description":"Sindicato dos Professores do Munic\u00edpio do Rio de Janeiro e Regi\u00e3o","potentialAction":[{"@type":"SearchAction","target":{"@type":"EntryPoint","urlTemplate":"https:\/\/www.sinpro-rio.org.br\/principal\/?s={search_term_string}"},"query-input":{"@type":"PropertyValueSpecification","valueRequired":true,"valueName":"search_term_string"}}],"inLanguage":"pt-BR"},{"@type":"Person","@id":"https:\/\/www.sinpro-rio.org.br\/principal\/#\/schema\/person\/49feb585a2f57a31a6bd9f16f78e5be6","name":"rafaelrjp","image":{"@type":"ImageObject","inLanguage":"pt-BR","@id":"https:\/\/www.sinpro-rio.org.br\/principal\/#\/schema\/person\/image\/","url":"https:\/\/secure.gravatar.com\/avatar\/489371a0ba4655c340b519882c68cf68?s=96&d=mm&r=g","contentUrl":"https:\/\/secure.gravatar.com\/avatar\/489371a0ba4655c340b519882c68cf68?s=96&d=mm&r=g","caption":"rafaelrjp"},"url":"https:\/\/www.sinpro-rio.org.br\/principal\/author\/rafaelrjp\/"}]}},"_links":{"self":[{"href":"https:\/\/www.sinpro-rio.org.br\/principal\/wp-json\/wp\/v2\/posts\/21305","targetHints":{"allow":["GET"]}}],"collection":[{"href":"https:\/\/www.sinpro-rio.org.br\/principal\/wp-json\/wp\/v2\/posts"}],"about":[{"href":"https:\/\/www.sinpro-rio.org.br\/principal\/wp-json\/wp\/v2\/types\/post"}],"author":[{"embeddable":true,"href":"https:\/\/www.sinpro-rio.org.br\/principal\/wp-json\/wp\/v2\/users\/1"}],"replies":[{"embeddable":true,"href":"https:\/\/www.sinpro-rio.org.br\/principal\/wp-json\/wp\/v2\/comments?post=21305"}],"version-history":[{"count":0,"href":"https:\/\/www.sinpro-rio.org.br\/principal\/wp-json\/wp\/v2\/posts\/21305\/revisions"}],"wp:attachment":[{"href":"https:\/\/www.sinpro-rio.org.br\/principal\/wp-json\/wp\/v2\/media?parent=21305"}],"wp:term":[{"taxonomy":"category","embeddable":true,"href":"https:\/\/www.sinpro-rio.org.br\/principal\/wp-json\/wp\/v2\/categories?post=21305"},{"taxonomy":"post_tag","embeddable":true,"href":"https:\/\/www.sinpro-rio.org.br\/principal\/wp-json\/wp\/v2\/tags?post=21305"}],"curies":[{"name":"wp","href":"https:\/\/api.w.org\/{rel}","templated":true}]}}