{"id":21294,"date":"2009-01-01T00:00:00","date_gmt":"2009-01-01T00:00:00","guid":{"rendered":""},"modified":"-0001-11-30T00:00:00","modified_gmt":"-0001-11-30T03:00:00","slug":"subsede-de-madureira-completa-dois-anos","status":"publish","type":"post","link":"https:\/\/www.sinpro-rio.org.br\/principal\/subsede-de-madureira-completa-dois-anos\/","title":{"rendered":"Subsede de Madureira completa dois anos"},"content":{"rendered":"<div class=\"alvo1\">\n<p>Com dois anos de atendimento \u00e0s demandas da categoria da regi\u00e3o, a Subsede de Madureira comemorou a data com uma festa, realizada dia 3 de outubro, no clube Casa de Viseu, na Vila da Penha.<\/p>\n<p>A festividade teve in\u00edcio com os professores Jos\u00e9 Cloves Praxedes, Wanderley Qu\u00eado e Francilio Paes Leme, que lembraram dos anos de trabalho de base anteriores \u00e0 Madureira, e como, partir da descentraliza\u00e7\u00e3o do trabalho pol\u00edtico do Sindicato, com a abertura das subsedes, o acesso aos professores se deu da melhor maneira.<\/p>\n<p>Valqu\u00edria Juncken, coordenadora da comiss\u00e3o &#8220;Condi\u00e7\u00f5es de Trabalho e Sa\u00fade do Professor&#8221;, parabenizou a subsede pelos seus dois anos e explicou que a o trabalho teve in\u00edcio com a Campanha da Voz, quando foi constatado que 45% dos docentes tinham problemas vocais e que, na maioria das vezes, a causa era emocional. Assim, o Sinpro-Rio entendeu que era preciso cuidar n\u00e3o s\u00f3 da voz dos profissionais, mas tamb\u00e9m de sua sa\u00fade emocional, o que passa tamb\u00e9m pelas suas condi\u00e7\u00f5es de trabalho.<\/p>\n<p>A categoria tamb\u00e9m p\u00f4de assistir \u00e0 palestra sobre &#8220;Condi\u00e7\u00f5es de Trabalho e Sa\u00fade do Professor&#8221; com as psic\u00f3logas Elaine Juncken e Sandra Korman. Al\u00e9m disso, a psicanalista e atriz Dinah Kleve apresentou um esquete mostrando a realidade de uma professora com sintomas da S\u00edndrome de Burnout para, ent\u00e3o, Elaine e Sandra falarem sobre as demandas dos professores e todo seu estresse laboral, que podem desencadear a doen\u00e7a.<\/p>\n<p>Ap\u00f3s as falas os presentes, puderam se divertir ao som do m\u00fasico Mozah, que animou a festa com seu repert\u00f3rio de m\u00fasicas brasileiras.<\/p>\n<p>Confira depoimentos sobre a import\u00e2ncia da Subsede de Madureira:<\/p>\n<p>&#8220;A Subsede de Madureira foi uma luta de muitos anos da categoria da regi\u00e3o, que agora podem fazer cursos, obter informa\u00e7\u00f5es e estar mais pr\u00f3ximo do Sindicato. Essa subsede s\u00f3 foi poss\u00edvel porque juntos demos for\u00e7a e acreditamos&#8221; <br \/>\n\t\t\t  Professora Vera Lucia Pereira<\/p>\n<p>&#8220;Atrav\u00e9s do trabalho de base de diretores do Sindicato em minha faculdade me convenci a participar mais ativamente para ampliar a voz dos professores nessa \u00e1rea; e a para isso a inaugura\u00e7\u00e3o da Subsede de Madureira foi providencial&#8221; <br \/>\n\t\t\t  Professor F\u00e1bio Conde<\/p>\n<p>Veja aqui fotos do evento. \n<\/p>\n<\/div>\n","protected":false},"excerpt":{"rendered":"<p>Com dois anos de atendimento \u00e0s demandas da categoria da regi\u00e3o, a Subsede de Madureira comemorou a data com uma festa, realizada dia 3 de outubro, no clube Casa de Viseu, na Vila da Penha. A festividade teve in\u00edcio com os professores Jos\u00e9 Cloves Praxedes, Wanderley Qu\u00eado e Francilio Paes Leme, que lembraram dos anos [&hellip;]<\/p>\n","protected":false},"author":1,"featured_media":0,"comment_status":"closed","ping_status":"open","sticky":false,"template":"","format":"standard","meta":{"footnotes":""},"categories":[],"tags":[],"class_list":["post-21294","post","type-post","status-publish","format-standard","hentry"],"yoast_head":"<!-- This site is optimized with the Yoast SEO plugin v25.7 - https:\/\/yoast.com\/wordpress\/plugins\/seo\/ -->\n<title>Subsede de Madureira completa dois anos - Sinpro-Rio<\/title>\n<meta name=\"robots\" content=\"index, follow, max-snippet:-1, max-image-preview:large, max-video-preview:-1\" \/>\n<link rel=\"canonical\" href=\"https:\/\/www.sinpro-rio.org.br\/principal\/subsede-de-madureira-completa-dois-anos\/\" \/>\n<meta property=\"og:locale\" content=\"pt_BR\" \/>\n<meta property=\"og:type\" content=\"article\" \/>\n<meta property=\"og:title\" content=\"Subsede de Madureira completa dois anos - Sinpro-Rio\" \/>\n<meta property=\"og:description\" content=\"Com dois anos de atendimento \u00e0s demandas da categoria da regi\u00e3o, a Subsede de Madureira comemorou a data com uma festa, realizada dia 3 de outubro, no clube Casa de Viseu, na Vila da Penha. A festividade teve in\u00edcio com os professores Jos\u00e9 Cloves Praxedes, Wanderley Qu\u00eado e Francilio Paes Leme, que lembraram dos anos [&hellip;]\" \/>\n<meta property=\"og:url\" content=\"https:\/\/www.sinpro-rio.org.br\/principal\/subsede-de-madureira-completa-dois-anos\/\" \/>\n<meta property=\"og:site_name\" content=\"Sinpro-Rio\" \/>\n<meta property=\"article:published_time\" content=\"2009-01-01T00:00:00+00:00\" \/>\n<meta name=\"author\" content=\"rafaelrjp\" \/>\n<meta name=\"twitter:card\" content=\"summary_large_image\" \/>\n<meta name=\"twitter:label1\" content=\"Escrito por\" \/>\n\t<meta name=\"twitter:data1\" content=\"rafaelrjp\" \/>\n\t<meta name=\"twitter:label2\" content=\"Est. tempo de leitura\" \/>\n\t<meta name=\"twitter:data2\" content=\"2 minutos\" \/>\n<script type=\"application\/ld+json\" class=\"yoast-schema-graph\">{\"@context\":\"https:\/\/schema.org\",\"@graph\":[{\"@type\":\"WebPage\",\"@id\":\"https:\/\/www.sinpro-rio.org.br\/principal\/subsede-de-madureira-completa-dois-anos\/\",\"url\":\"https:\/\/www.sinpro-rio.org.br\/principal\/subsede-de-madureira-completa-dois-anos\/\",\"name\":\"Subsede de Madureira completa dois anos - Sinpro-Rio\",\"isPartOf\":{\"@id\":\"https:\/\/www.sinpro-rio.org.br\/principal\/#website\"},\"datePublished\":\"2009-01-01T00:00:00+00:00\",\"author\":{\"@id\":\"https:\/\/www.sinpro-rio.org.br\/principal\/#\/schema\/person\/49feb585a2f57a31a6bd9f16f78e5be6\"},\"breadcrumb\":{\"@id\":\"https:\/\/www.sinpro-rio.org.br\/principal\/subsede-de-madureira-completa-dois-anos\/#breadcrumb\"},\"inLanguage\":\"pt-BR\",\"potentialAction\":[{\"@type\":\"ReadAction\",\"target\":[\"https:\/\/www.sinpro-rio.org.br\/principal\/subsede-de-madureira-completa-dois-anos\/\"]}]},{\"@type\":\"BreadcrumbList\",\"@id\":\"https:\/\/www.sinpro-rio.org.br\/principal\/subsede-de-madureira-completa-dois-anos\/#breadcrumb\",\"itemListElement\":[{\"@type\":\"ListItem\",\"position\":1,\"name\":\"In\u00edcio\",\"item\":\"https:\/\/www.sinpro-rio.org.br\/principal\/\"},{\"@type\":\"ListItem\",\"position\":2,\"name\":\"Subsede de Madureira completa dois anos\"}]},{\"@type\":\"WebSite\",\"@id\":\"https:\/\/www.sinpro-rio.org.br\/principal\/#website\",\"url\":\"https:\/\/www.sinpro-rio.org.br\/principal\/\",\"name\":\"Sinpro-Rio\",\"description\":\"Sindicato dos Professores do Munic\u00edpio do Rio de Janeiro e Regi\u00e3o\",\"potentialAction\":[{\"@type\":\"SearchAction\",\"target\":{\"@type\":\"EntryPoint\",\"urlTemplate\":\"https:\/\/www.sinpro-rio.org.br\/principal\/?s={search_term_string}\"},\"query-input\":{\"@type\":\"PropertyValueSpecification\",\"valueRequired\":true,\"valueName\":\"search_term_string\"}}],\"inLanguage\":\"pt-BR\"},{\"@type\":\"Person\",\"@id\":\"https:\/\/www.sinpro-rio.org.br\/principal\/#\/schema\/person\/49feb585a2f57a31a6bd9f16f78e5be6\",\"name\":\"rafaelrjp\",\"image\":{\"@type\":\"ImageObject\",\"inLanguage\":\"pt-BR\",\"@id\":\"https:\/\/www.sinpro-rio.org.br\/principal\/#\/schema\/person\/image\/\",\"url\":\"https:\/\/secure.gravatar.com\/avatar\/489371a0ba4655c340b519882c68cf68?s=96&d=mm&r=g\",\"contentUrl\":\"https:\/\/secure.gravatar.com\/avatar\/489371a0ba4655c340b519882c68cf68?s=96&d=mm&r=g\",\"caption\":\"rafaelrjp\"},\"url\":\"https:\/\/www.sinpro-rio.org.br\/principal\/author\/rafaelrjp\/\"}]}<\/script>\n<!-- \/ Yoast SEO plugin. -->","yoast_head_json":{"title":"Subsede de Madureira completa dois anos - Sinpro-Rio","robots":{"index":"index","follow":"follow","max-snippet":"max-snippet:-1","max-image-preview":"max-image-preview:large","max-video-preview":"max-video-preview:-1"},"canonical":"https:\/\/www.sinpro-rio.org.br\/principal\/subsede-de-madureira-completa-dois-anos\/","og_locale":"pt_BR","og_type":"article","og_title":"Subsede de Madureira completa dois anos - Sinpro-Rio","og_description":"Com dois anos de atendimento \u00e0s demandas da categoria da regi\u00e3o, a Subsede de Madureira comemorou a data com uma festa, realizada dia 3 de outubro, no clube Casa de Viseu, na Vila da Penha. A festividade teve in\u00edcio com os professores Jos\u00e9 Cloves Praxedes, Wanderley Qu\u00eado e Francilio Paes Leme, que lembraram dos anos [&hellip;]","og_url":"https:\/\/www.sinpro-rio.org.br\/principal\/subsede-de-madureira-completa-dois-anos\/","og_site_name":"Sinpro-Rio","article_published_time":"2009-01-01T00:00:00+00:00","author":"rafaelrjp","twitter_card":"summary_large_image","twitter_misc":{"Escrito por":"rafaelrjp","Est. tempo de leitura":"2 minutos"},"schema":{"@context":"https:\/\/schema.org","@graph":[{"@type":"WebPage","@id":"https:\/\/www.sinpro-rio.org.br\/principal\/subsede-de-madureira-completa-dois-anos\/","url":"https:\/\/www.sinpro-rio.org.br\/principal\/subsede-de-madureira-completa-dois-anos\/","name":"Subsede de Madureira completa dois anos - Sinpro-Rio","isPartOf":{"@id":"https:\/\/www.sinpro-rio.org.br\/principal\/#website"},"datePublished":"2009-01-01T00:00:00+00:00","author":{"@id":"https:\/\/www.sinpro-rio.org.br\/principal\/#\/schema\/person\/49feb585a2f57a31a6bd9f16f78e5be6"},"breadcrumb":{"@id":"https:\/\/www.sinpro-rio.org.br\/principal\/subsede-de-madureira-completa-dois-anos\/#breadcrumb"},"inLanguage":"pt-BR","potentialAction":[{"@type":"ReadAction","target":["https:\/\/www.sinpro-rio.org.br\/principal\/subsede-de-madureira-completa-dois-anos\/"]}]},{"@type":"BreadcrumbList","@id":"https:\/\/www.sinpro-rio.org.br\/principal\/subsede-de-madureira-completa-dois-anos\/#breadcrumb","itemListElement":[{"@type":"ListItem","position":1,"name":"In\u00edcio","item":"https:\/\/www.sinpro-rio.org.br\/principal\/"},{"@type":"ListItem","position":2,"name":"Subsede de Madureira completa dois anos"}]},{"@type":"WebSite","@id":"https:\/\/www.sinpro-rio.org.br\/principal\/#website","url":"https:\/\/www.sinpro-rio.org.br\/principal\/","name":"Sinpro-Rio","description":"Sindicato dos Professores do Munic\u00edpio do Rio de Janeiro e Regi\u00e3o","potentialAction":[{"@type":"SearchAction","target":{"@type":"EntryPoint","urlTemplate":"https:\/\/www.sinpro-rio.org.br\/principal\/?s={search_term_string}"},"query-input":{"@type":"PropertyValueSpecification","valueRequired":true,"valueName":"search_term_string"}}],"inLanguage":"pt-BR"},{"@type":"Person","@id":"https:\/\/www.sinpro-rio.org.br\/principal\/#\/schema\/person\/49feb585a2f57a31a6bd9f16f78e5be6","name":"rafaelrjp","image":{"@type":"ImageObject","inLanguage":"pt-BR","@id":"https:\/\/www.sinpro-rio.org.br\/principal\/#\/schema\/person\/image\/","url":"https:\/\/secure.gravatar.com\/avatar\/489371a0ba4655c340b519882c68cf68?s=96&d=mm&r=g","contentUrl":"https:\/\/secure.gravatar.com\/avatar\/489371a0ba4655c340b519882c68cf68?s=96&d=mm&r=g","caption":"rafaelrjp"},"url":"https:\/\/www.sinpro-rio.org.br\/principal\/author\/rafaelrjp\/"}]}},"_links":{"self":[{"href":"https:\/\/www.sinpro-rio.org.br\/principal\/wp-json\/wp\/v2\/posts\/21294","targetHints":{"allow":["GET"]}}],"collection":[{"href":"https:\/\/www.sinpro-rio.org.br\/principal\/wp-json\/wp\/v2\/posts"}],"about":[{"href":"https:\/\/www.sinpro-rio.org.br\/principal\/wp-json\/wp\/v2\/types\/post"}],"author":[{"embeddable":true,"href":"https:\/\/www.sinpro-rio.org.br\/principal\/wp-json\/wp\/v2\/users\/1"}],"replies":[{"embeddable":true,"href":"https:\/\/www.sinpro-rio.org.br\/principal\/wp-json\/wp\/v2\/comments?post=21294"}],"version-history":[{"count":0,"href":"https:\/\/www.sinpro-rio.org.br\/principal\/wp-json\/wp\/v2\/posts\/21294\/revisions"}],"wp:attachment":[{"href":"https:\/\/www.sinpro-rio.org.br\/principal\/wp-json\/wp\/v2\/media?parent=21294"}],"wp:term":[{"taxonomy":"category","embeddable":true,"href":"https:\/\/www.sinpro-rio.org.br\/principal\/wp-json\/wp\/v2\/categories?post=21294"},{"taxonomy":"post_tag","embeddable":true,"href":"https:\/\/www.sinpro-rio.org.br\/principal\/wp-json\/wp\/v2\/tags?post=21294"}],"curies":[{"name":"wp","href":"https:\/\/api.w.org\/{rel}","templated":true}]}}