{"id":21289,"date":"2009-01-01T00:00:00","date_gmt":"2009-01-01T00:00:00","guid":{"rendered":""},"modified":"-0001-11-30T00:00:00","modified_gmt":"-0001-11-30T03:00:00","slug":"sinpro-rio-participa-de-evento-em-homenagem-ao-mestre-no-c-e-julia-kubitschek","status":"publish","type":"post","link":"https:\/\/www.sinpro-rio.org.br\/principal\/sinpro-rio-participa-de-evento-em-homenagem-ao-mestre-no-c-e-julia-kubitschek\/","title":{"rendered":"Sinpro-Rio participa de evento em homenagem ao mestre no C.E. Julia Kubitschek"},"content":{"rendered":"<div class=\"alvo1\">\n<p>No dia 14 de outubro, v\u00e9spera do Dia do Mestre, Col\u00e9gio Estadual Julia Kubitschek realizou um evento comemorativo com a presen\u00e7a do Sinpro-Rio e do Sepe para debater os valores, a paix\u00e3o e a realidade dos professores.<\/p>\n<p>Primeiramente, os alunos tiveram a oportunidade de assistirem a um esquete &#8211; apresentado pela atriz e psicanalista Dinah Kleve &#8211; mostrando a realidade de uma professora com sintomas da S\u00edndrome de Burnout. Ap\u00f3s, a psic\u00f3loga Elaine Juncken falou sobre as demandas dos professores, dos alunos, dos pais, da coordena\u00e7\u00e3o; sal\u00e1rio incompat\u00edveis com sua forma\u00e7\u00e3o e jornadas elevadas de trabalho; viol\u00eancia e o desrespeito em sala de aula, que levam a um estresse laboral, que podem desencadear a S\u00edndrome de Burnout.<\/p>\n<p>As diretoras do Sinpro-Rio Adalgiza Burity, Mariza Muniz, Rosi Menescal e Valqu\u00edria Juncken falaram sobre o poder de transforma\u00e7\u00e3o e contribui\u00e7\u00e3o para a sociedade do professor, explicaram o papel do Sindicato, a conven\u00e7\u00e3o coletiva, o trabalho do Departamento Jur\u00eddico e da Escola do Professor e a import\u00e2ncia de se sindicalizar: <br \/>\n\t\t\t  &#8211; Junto a gente transforma. Sozinho a gente s\u00f3 sonha &#8211; encerrou Rosi.<\/p>\n<p>W\u00edria Alc\u00e2ntara, coordenadora do Sepe, lembrou que longe de ser como um sacerdote ou um dom, o ato do ensinar \u00e9 uma milit\u00e2ncia; os professores cumprem com uma s\u00e9rie de demandas di\u00e1rias vindas n\u00e3o s\u00f3 dos alunos, como dos pais, da dire\u00e7\u00e3o e da sociedade. Para W\u00edria, a luta deve ser constante: <br \/>\n\t\t\t  &#8211; Muitos de voc\u00eas estar\u00e3o conosco deste lado da trincheira dentro em breve &#8211; finalizou. \n<\/p>\n<\/div>\n","protected":false},"excerpt":{"rendered":"<p>No dia 14 de outubro, v\u00e9spera do Dia do Mestre, Col\u00e9gio Estadual Julia Kubitschek realizou um evento comemorativo com a presen\u00e7a do Sinpro-Rio e do Sepe para debater os valores, a paix\u00e3o e a realidade dos professores. Primeiramente, os alunos tiveram a oportunidade de assistirem a um esquete &#8211; apresentado pela atriz e psicanalista Dinah [&hellip;]<\/p>\n","protected":false},"author":1,"featured_media":0,"comment_status":"closed","ping_status":"open","sticky":false,"template":"","format":"standard","meta":{"footnotes":""},"categories":[],"tags":[],"class_list":["post-21289","post","type-post","status-publish","format-standard","hentry"],"yoast_head":"<!-- This site is optimized with the Yoast SEO plugin v25.7 - https:\/\/yoast.com\/wordpress\/plugins\/seo\/ -->\n<title>Sinpro-Rio participa de evento em homenagem ao mestre no C.E. Julia Kubitschek - Sinpro-Rio<\/title>\n<meta name=\"robots\" content=\"index, follow, max-snippet:-1, max-image-preview:large, max-video-preview:-1\" \/>\n<link rel=\"canonical\" href=\"https:\/\/www.sinpro-rio.org.br\/principal\/sinpro-rio-participa-de-evento-em-homenagem-ao-mestre-no-c-e-julia-kubitschek\/\" \/>\n<meta property=\"og:locale\" content=\"pt_BR\" \/>\n<meta property=\"og:type\" content=\"article\" \/>\n<meta property=\"og:title\" content=\"Sinpro-Rio participa de evento em homenagem ao mestre no C.E. Julia Kubitschek - Sinpro-Rio\" \/>\n<meta property=\"og:description\" content=\"No dia 14 de outubro, v\u00e9spera do Dia do Mestre, Col\u00e9gio Estadual Julia Kubitschek realizou um evento comemorativo com a presen\u00e7a do Sinpro-Rio e do Sepe para debater os valores, a paix\u00e3o e a realidade dos professores. Primeiramente, os alunos tiveram a oportunidade de assistirem a um esquete &#8211; apresentado pela atriz e psicanalista Dinah [&hellip;]\" \/>\n<meta property=\"og:url\" content=\"https:\/\/www.sinpro-rio.org.br\/principal\/sinpro-rio-participa-de-evento-em-homenagem-ao-mestre-no-c-e-julia-kubitschek\/\" \/>\n<meta property=\"og:site_name\" content=\"Sinpro-Rio\" \/>\n<meta property=\"article:published_time\" content=\"2009-01-01T00:00:00+00:00\" \/>\n<meta name=\"author\" content=\"rafaelrjp\" \/>\n<meta name=\"twitter:card\" content=\"summary_large_image\" \/>\n<meta name=\"twitter:label1\" content=\"Escrito por\" \/>\n\t<meta name=\"twitter:data1\" content=\"rafaelrjp\" \/>\n\t<meta name=\"twitter:label2\" content=\"Est. tempo de leitura\" \/>\n\t<meta name=\"twitter:data2\" content=\"1 minuto\" \/>\n<script type=\"application\/ld+json\" class=\"yoast-schema-graph\">{\"@context\":\"https:\/\/schema.org\",\"@graph\":[{\"@type\":\"WebPage\",\"@id\":\"https:\/\/www.sinpro-rio.org.br\/principal\/sinpro-rio-participa-de-evento-em-homenagem-ao-mestre-no-c-e-julia-kubitschek\/\",\"url\":\"https:\/\/www.sinpro-rio.org.br\/principal\/sinpro-rio-participa-de-evento-em-homenagem-ao-mestre-no-c-e-julia-kubitschek\/\",\"name\":\"Sinpro-Rio participa de evento em homenagem ao mestre no C.E. Julia Kubitschek - Sinpro-Rio\",\"isPartOf\":{\"@id\":\"https:\/\/www.sinpro-rio.org.br\/principal\/#website\"},\"datePublished\":\"2009-01-01T00:00:00+00:00\",\"author\":{\"@id\":\"https:\/\/www.sinpro-rio.org.br\/principal\/#\/schema\/person\/49feb585a2f57a31a6bd9f16f78e5be6\"},\"breadcrumb\":{\"@id\":\"https:\/\/www.sinpro-rio.org.br\/principal\/sinpro-rio-participa-de-evento-em-homenagem-ao-mestre-no-c-e-julia-kubitschek\/#breadcrumb\"},\"inLanguage\":\"pt-BR\",\"potentialAction\":[{\"@type\":\"ReadAction\",\"target\":[\"https:\/\/www.sinpro-rio.org.br\/principal\/sinpro-rio-participa-de-evento-em-homenagem-ao-mestre-no-c-e-julia-kubitschek\/\"]}]},{\"@type\":\"BreadcrumbList\",\"@id\":\"https:\/\/www.sinpro-rio.org.br\/principal\/sinpro-rio-participa-de-evento-em-homenagem-ao-mestre-no-c-e-julia-kubitschek\/#breadcrumb\",\"itemListElement\":[{\"@type\":\"ListItem\",\"position\":1,\"name\":\"In\u00edcio\",\"item\":\"https:\/\/www.sinpro-rio.org.br\/principal\/\"},{\"@type\":\"ListItem\",\"position\":2,\"name\":\"Sinpro-Rio participa de evento em homenagem ao mestre no C.E. Julia Kubitschek\"}]},{\"@type\":\"WebSite\",\"@id\":\"https:\/\/www.sinpro-rio.org.br\/principal\/#website\",\"url\":\"https:\/\/www.sinpro-rio.org.br\/principal\/\",\"name\":\"Sinpro-Rio\",\"description\":\"Sindicato dos Professores do Munic\u00edpio do Rio de Janeiro e Regi\u00e3o\",\"potentialAction\":[{\"@type\":\"SearchAction\",\"target\":{\"@type\":\"EntryPoint\",\"urlTemplate\":\"https:\/\/www.sinpro-rio.org.br\/principal\/?s={search_term_string}\"},\"query-input\":{\"@type\":\"PropertyValueSpecification\",\"valueRequired\":true,\"valueName\":\"search_term_string\"}}],\"inLanguage\":\"pt-BR\"},{\"@type\":\"Person\",\"@id\":\"https:\/\/www.sinpro-rio.org.br\/principal\/#\/schema\/person\/49feb585a2f57a31a6bd9f16f78e5be6\",\"name\":\"rafaelrjp\",\"image\":{\"@type\":\"ImageObject\",\"inLanguage\":\"pt-BR\",\"@id\":\"https:\/\/www.sinpro-rio.org.br\/principal\/#\/schema\/person\/image\/\",\"url\":\"https:\/\/secure.gravatar.com\/avatar\/489371a0ba4655c340b519882c68cf68?s=96&d=mm&r=g\",\"contentUrl\":\"https:\/\/secure.gravatar.com\/avatar\/489371a0ba4655c340b519882c68cf68?s=96&d=mm&r=g\",\"caption\":\"rafaelrjp\"},\"url\":\"https:\/\/www.sinpro-rio.org.br\/principal\/author\/rafaelrjp\/\"}]}<\/script>\n<!-- \/ Yoast SEO plugin. -->","yoast_head_json":{"title":"Sinpro-Rio participa de evento em homenagem ao mestre no C.E. Julia Kubitschek - Sinpro-Rio","robots":{"index":"index","follow":"follow","max-snippet":"max-snippet:-1","max-image-preview":"max-image-preview:large","max-video-preview":"max-video-preview:-1"},"canonical":"https:\/\/www.sinpro-rio.org.br\/principal\/sinpro-rio-participa-de-evento-em-homenagem-ao-mestre-no-c-e-julia-kubitschek\/","og_locale":"pt_BR","og_type":"article","og_title":"Sinpro-Rio participa de evento em homenagem ao mestre no C.E. Julia Kubitschek - Sinpro-Rio","og_description":"No dia 14 de outubro, v\u00e9spera do Dia do Mestre, Col\u00e9gio Estadual Julia Kubitschek realizou um evento comemorativo com a presen\u00e7a do Sinpro-Rio e do Sepe para debater os valores, a paix\u00e3o e a realidade dos professores. Primeiramente, os alunos tiveram a oportunidade de assistirem a um esquete &#8211; apresentado pela atriz e psicanalista Dinah [&hellip;]","og_url":"https:\/\/www.sinpro-rio.org.br\/principal\/sinpro-rio-participa-de-evento-em-homenagem-ao-mestre-no-c-e-julia-kubitschek\/","og_site_name":"Sinpro-Rio","article_published_time":"2009-01-01T00:00:00+00:00","author":"rafaelrjp","twitter_card":"summary_large_image","twitter_misc":{"Escrito por":"rafaelrjp","Est. tempo de leitura":"1 minuto"},"schema":{"@context":"https:\/\/schema.org","@graph":[{"@type":"WebPage","@id":"https:\/\/www.sinpro-rio.org.br\/principal\/sinpro-rio-participa-de-evento-em-homenagem-ao-mestre-no-c-e-julia-kubitschek\/","url":"https:\/\/www.sinpro-rio.org.br\/principal\/sinpro-rio-participa-de-evento-em-homenagem-ao-mestre-no-c-e-julia-kubitschek\/","name":"Sinpro-Rio participa de evento em homenagem ao mestre no C.E. Julia Kubitschek - Sinpro-Rio","isPartOf":{"@id":"https:\/\/www.sinpro-rio.org.br\/principal\/#website"},"datePublished":"2009-01-01T00:00:00+00:00","author":{"@id":"https:\/\/www.sinpro-rio.org.br\/principal\/#\/schema\/person\/49feb585a2f57a31a6bd9f16f78e5be6"},"breadcrumb":{"@id":"https:\/\/www.sinpro-rio.org.br\/principal\/sinpro-rio-participa-de-evento-em-homenagem-ao-mestre-no-c-e-julia-kubitschek\/#breadcrumb"},"inLanguage":"pt-BR","potentialAction":[{"@type":"ReadAction","target":["https:\/\/www.sinpro-rio.org.br\/principal\/sinpro-rio-participa-de-evento-em-homenagem-ao-mestre-no-c-e-julia-kubitschek\/"]}]},{"@type":"BreadcrumbList","@id":"https:\/\/www.sinpro-rio.org.br\/principal\/sinpro-rio-participa-de-evento-em-homenagem-ao-mestre-no-c-e-julia-kubitschek\/#breadcrumb","itemListElement":[{"@type":"ListItem","position":1,"name":"In\u00edcio","item":"https:\/\/www.sinpro-rio.org.br\/principal\/"},{"@type":"ListItem","position":2,"name":"Sinpro-Rio participa de evento em homenagem ao mestre no C.E. Julia Kubitschek"}]},{"@type":"WebSite","@id":"https:\/\/www.sinpro-rio.org.br\/principal\/#website","url":"https:\/\/www.sinpro-rio.org.br\/principal\/","name":"Sinpro-Rio","description":"Sindicato dos Professores do Munic\u00edpio do Rio de Janeiro e Regi\u00e3o","potentialAction":[{"@type":"SearchAction","target":{"@type":"EntryPoint","urlTemplate":"https:\/\/www.sinpro-rio.org.br\/principal\/?s={search_term_string}"},"query-input":{"@type":"PropertyValueSpecification","valueRequired":true,"valueName":"search_term_string"}}],"inLanguage":"pt-BR"},{"@type":"Person","@id":"https:\/\/www.sinpro-rio.org.br\/principal\/#\/schema\/person\/49feb585a2f57a31a6bd9f16f78e5be6","name":"rafaelrjp","image":{"@type":"ImageObject","inLanguage":"pt-BR","@id":"https:\/\/www.sinpro-rio.org.br\/principal\/#\/schema\/person\/image\/","url":"https:\/\/secure.gravatar.com\/avatar\/489371a0ba4655c340b519882c68cf68?s=96&d=mm&r=g","contentUrl":"https:\/\/secure.gravatar.com\/avatar\/489371a0ba4655c340b519882c68cf68?s=96&d=mm&r=g","caption":"rafaelrjp"},"url":"https:\/\/www.sinpro-rio.org.br\/principal\/author\/rafaelrjp\/"}]}},"_links":{"self":[{"href":"https:\/\/www.sinpro-rio.org.br\/principal\/wp-json\/wp\/v2\/posts\/21289","targetHints":{"allow":["GET"]}}],"collection":[{"href":"https:\/\/www.sinpro-rio.org.br\/principal\/wp-json\/wp\/v2\/posts"}],"about":[{"href":"https:\/\/www.sinpro-rio.org.br\/principal\/wp-json\/wp\/v2\/types\/post"}],"author":[{"embeddable":true,"href":"https:\/\/www.sinpro-rio.org.br\/principal\/wp-json\/wp\/v2\/users\/1"}],"replies":[{"embeddable":true,"href":"https:\/\/www.sinpro-rio.org.br\/principal\/wp-json\/wp\/v2\/comments?post=21289"}],"version-history":[{"count":0,"href":"https:\/\/www.sinpro-rio.org.br\/principal\/wp-json\/wp\/v2\/posts\/21289\/revisions"}],"wp:attachment":[{"href":"https:\/\/www.sinpro-rio.org.br\/principal\/wp-json\/wp\/v2\/media?parent=21289"}],"wp:term":[{"taxonomy":"category","embeddable":true,"href":"https:\/\/www.sinpro-rio.org.br\/principal\/wp-json\/wp\/v2\/categories?post=21289"},{"taxonomy":"post_tag","embeddable":true,"href":"https:\/\/www.sinpro-rio.org.br\/principal\/wp-json\/wp\/v2\/tags?post=21289"}],"curies":[{"name":"wp","href":"https:\/\/api.w.org\/{rel}","templated":true}]}}