{"id":21287,"date":"2009-01-01T00:00:00","date_gmt":"2009-01-01T00:00:00","guid":{"rendered":""},"modified":"-0001-11-30T00:00:00","modified_gmt":"-0001-11-30T03:00:00","slug":"trt-rj-suspende-audi-ncias-na-semana-de-26-a-29-10","status":"publish","type":"post","link":"https:\/\/www.sinpro-rio.org.br\/principal\/trt-rj-suspende-audi-ncias-na-semana-de-26-a-29-10\/","title":{"rendered":"TRT-RJ suspende audi\u00eancias na semana de 26 a 29\/10"},"content":{"rendered":"<div class=\"alvo1\">\n<p>Atrav\u00e9s do Ato n\u00ba 67\/2009, o presidente do Tribunal Regional do Trabalho do Rio de Janeiro (TRT-RJ), desembargador Aloysio Santos, suspendeu todas as audi\u00eancias previamente agendadas para a semana de 26 a 29 de outubro de 2009.<\/p>\n<p>Assim, t\u00e3o logo a nova pauta de audi\u00eancias com a remarca\u00e7\u00e3o dessas audi\u00eancias forem liberadas pelo TRT-RJ, o Departamento Jur\u00eddico tomar\u00e1 as provid\u00eancias necess\u00e1rias para informar ao professor suas novas datas.<\/p>\n<p>Prof. Marcio Fialho <br \/>\n\t\t\t  Diretor &#8211; Procurador do Sinpro-Rio \n<\/p>\n<\/div>\n","protected":false},"excerpt":{"rendered":"<p>Atrav\u00e9s do Ato n\u00ba 67\/2009, o presidente do Tribunal Regional do Trabalho do Rio de Janeiro (TRT-RJ), desembargador Aloysio Santos, suspendeu todas as audi\u00eancias previamente agendadas para a semana de 26 a 29 de outubro de 2009. Assim, t\u00e3o logo a nova pauta de audi\u00eancias com a remarca\u00e7\u00e3o dessas audi\u00eancias forem liberadas pelo TRT-RJ, o [&hellip;]<\/p>\n","protected":false},"author":1,"featured_media":0,"comment_status":"closed","ping_status":"open","sticky":false,"template":"","format":"standard","meta":{"footnotes":""},"categories":[],"tags":[],"class_list":["post-21287","post","type-post","status-publish","format-standard","hentry"],"yoast_head":"<!-- This site is optimized with the Yoast SEO plugin v25.7 - https:\/\/yoast.com\/wordpress\/plugins\/seo\/ -->\n<title>TRT-RJ suspende audi\u00eancias na semana de 26 a 29\/10 - Sinpro-Rio<\/title>\n<meta name=\"robots\" content=\"index, follow, max-snippet:-1, max-image-preview:large, max-video-preview:-1\" \/>\n<link rel=\"canonical\" href=\"https:\/\/www.sinpro-rio.org.br\/principal\/trt-rj-suspende-audi-ncias-na-semana-de-26-a-29-10\/\" \/>\n<meta property=\"og:locale\" content=\"pt_BR\" \/>\n<meta property=\"og:type\" content=\"article\" \/>\n<meta property=\"og:title\" content=\"TRT-RJ suspende audi\u00eancias na semana de 26 a 29\/10 - Sinpro-Rio\" \/>\n<meta property=\"og:description\" content=\"Atrav\u00e9s do Ato n\u00ba 67\/2009, o presidente do Tribunal Regional do Trabalho do Rio de Janeiro (TRT-RJ), desembargador Aloysio Santos, suspendeu todas as audi\u00eancias previamente agendadas para a semana de 26 a 29 de outubro de 2009. Assim, t\u00e3o logo a nova pauta de audi\u00eancias com a remarca\u00e7\u00e3o dessas audi\u00eancias forem liberadas pelo TRT-RJ, o [&hellip;]\" \/>\n<meta property=\"og:url\" content=\"https:\/\/www.sinpro-rio.org.br\/principal\/trt-rj-suspende-audi-ncias-na-semana-de-26-a-29-10\/\" \/>\n<meta property=\"og:site_name\" content=\"Sinpro-Rio\" \/>\n<meta property=\"article:published_time\" content=\"2009-01-01T00:00:00+00:00\" \/>\n<meta name=\"author\" content=\"rafaelrjp\" \/>\n<meta name=\"twitter:card\" content=\"summary_large_image\" \/>\n<meta name=\"twitter:label1\" content=\"Escrito por\" \/>\n\t<meta name=\"twitter:data1\" content=\"rafaelrjp\" \/>\n<script type=\"application\/ld+json\" class=\"yoast-schema-graph\">{\"@context\":\"https:\/\/schema.org\",\"@graph\":[{\"@type\":\"WebPage\",\"@id\":\"https:\/\/www.sinpro-rio.org.br\/principal\/trt-rj-suspende-audi-ncias-na-semana-de-26-a-29-10\/\",\"url\":\"https:\/\/www.sinpro-rio.org.br\/principal\/trt-rj-suspende-audi-ncias-na-semana-de-26-a-29-10\/\",\"name\":\"TRT-RJ suspende audi\u00eancias na semana de 26 a 29\/10 - Sinpro-Rio\",\"isPartOf\":{\"@id\":\"https:\/\/www.sinpro-rio.org.br\/principal\/#website\"},\"datePublished\":\"2009-01-01T00:00:00+00:00\",\"author\":{\"@id\":\"https:\/\/www.sinpro-rio.org.br\/principal\/#\/schema\/person\/49feb585a2f57a31a6bd9f16f78e5be6\"},\"breadcrumb\":{\"@id\":\"https:\/\/www.sinpro-rio.org.br\/principal\/trt-rj-suspende-audi-ncias-na-semana-de-26-a-29-10\/#breadcrumb\"},\"inLanguage\":\"pt-BR\",\"potentialAction\":[{\"@type\":\"ReadAction\",\"target\":[\"https:\/\/www.sinpro-rio.org.br\/principal\/trt-rj-suspende-audi-ncias-na-semana-de-26-a-29-10\/\"]}]},{\"@type\":\"BreadcrumbList\",\"@id\":\"https:\/\/www.sinpro-rio.org.br\/principal\/trt-rj-suspende-audi-ncias-na-semana-de-26-a-29-10\/#breadcrumb\",\"itemListElement\":[{\"@type\":\"ListItem\",\"position\":1,\"name\":\"In\u00edcio\",\"item\":\"https:\/\/www.sinpro-rio.org.br\/principal\/\"},{\"@type\":\"ListItem\",\"position\":2,\"name\":\"TRT-RJ suspende audi\u00eancias na semana de 26 a 29\/10\"}]},{\"@type\":\"WebSite\",\"@id\":\"https:\/\/www.sinpro-rio.org.br\/principal\/#website\",\"url\":\"https:\/\/www.sinpro-rio.org.br\/principal\/\",\"name\":\"Sinpro-Rio\",\"description\":\"Sindicato dos Professores do Munic\u00edpio do Rio de Janeiro e Regi\u00e3o\",\"potentialAction\":[{\"@type\":\"SearchAction\",\"target\":{\"@type\":\"EntryPoint\",\"urlTemplate\":\"https:\/\/www.sinpro-rio.org.br\/principal\/?s={search_term_string}\"},\"query-input\":{\"@type\":\"PropertyValueSpecification\",\"valueRequired\":true,\"valueName\":\"search_term_string\"}}],\"inLanguage\":\"pt-BR\"},{\"@type\":\"Person\",\"@id\":\"https:\/\/www.sinpro-rio.org.br\/principal\/#\/schema\/person\/49feb585a2f57a31a6bd9f16f78e5be6\",\"name\":\"rafaelrjp\",\"image\":{\"@type\":\"ImageObject\",\"inLanguage\":\"pt-BR\",\"@id\":\"https:\/\/www.sinpro-rio.org.br\/principal\/#\/schema\/person\/image\/\",\"url\":\"https:\/\/secure.gravatar.com\/avatar\/489371a0ba4655c340b519882c68cf68?s=96&d=mm&r=g\",\"contentUrl\":\"https:\/\/secure.gravatar.com\/avatar\/489371a0ba4655c340b519882c68cf68?s=96&d=mm&r=g\",\"caption\":\"rafaelrjp\"},\"url\":\"https:\/\/www.sinpro-rio.org.br\/principal\/author\/rafaelrjp\/\"}]}<\/script>\n<!-- \/ Yoast SEO plugin. -->","yoast_head_json":{"title":"TRT-RJ suspende audi\u00eancias na semana de 26 a 29\/10 - Sinpro-Rio","robots":{"index":"index","follow":"follow","max-snippet":"max-snippet:-1","max-image-preview":"max-image-preview:large","max-video-preview":"max-video-preview:-1"},"canonical":"https:\/\/www.sinpro-rio.org.br\/principal\/trt-rj-suspende-audi-ncias-na-semana-de-26-a-29-10\/","og_locale":"pt_BR","og_type":"article","og_title":"TRT-RJ suspende audi\u00eancias na semana de 26 a 29\/10 - Sinpro-Rio","og_description":"Atrav\u00e9s do Ato n\u00ba 67\/2009, o presidente do Tribunal Regional do Trabalho do Rio de Janeiro (TRT-RJ), desembargador Aloysio Santos, suspendeu todas as audi\u00eancias previamente agendadas para a semana de 26 a 29 de outubro de 2009. Assim, t\u00e3o logo a nova pauta de audi\u00eancias com a remarca\u00e7\u00e3o dessas audi\u00eancias forem liberadas pelo TRT-RJ, o [&hellip;]","og_url":"https:\/\/www.sinpro-rio.org.br\/principal\/trt-rj-suspende-audi-ncias-na-semana-de-26-a-29-10\/","og_site_name":"Sinpro-Rio","article_published_time":"2009-01-01T00:00:00+00:00","author":"rafaelrjp","twitter_card":"summary_large_image","twitter_misc":{"Escrito por":"rafaelrjp"},"schema":{"@context":"https:\/\/schema.org","@graph":[{"@type":"WebPage","@id":"https:\/\/www.sinpro-rio.org.br\/principal\/trt-rj-suspende-audi-ncias-na-semana-de-26-a-29-10\/","url":"https:\/\/www.sinpro-rio.org.br\/principal\/trt-rj-suspende-audi-ncias-na-semana-de-26-a-29-10\/","name":"TRT-RJ suspende audi\u00eancias na semana de 26 a 29\/10 - Sinpro-Rio","isPartOf":{"@id":"https:\/\/www.sinpro-rio.org.br\/principal\/#website"},"datePublished":"2009-01-01T00:00:00+00:00","author":{"@id":"https:\/\/www.sinpro-rio.org.br\/principal\/#\/schema\/person\/49feb585a2f57a31a6bd9f16f78e5be6"},"breadcrumb":{"@id":"https:\/\/www.sinpro-rio.org.br\/principal\/trt-rj-suspende-audi-ncias-na-semana-de-26-a-29-10\/#breadcrumb"},"inLanguage":"pt-BR","potentialAction":[{"@type":"ReadAction","target":["https:\/\/www.sinpro-rio.org.br\/principal\/trt-rj-suspende-audi-ncias-na-semana-de-26-a-29-10\/"]}]},{"@type":"BreadcrumbList","@id":"https:\/\/www.sinpro-rio.org.br\/principal\/trt-rj-suspende-audi-ncias-na-semana-de-26-a-29-10\/#breadcrumb","itemListElement":[{"@type":"ListItem","position":1,"name":"In\u00edcio","item":"https:\/\/www.sinpro-rio.org.br\/principal\/"},{"@type":"ListItem","position":2,"name":"TRT-RJ suspende audi\u00eancias na semana de 26 a 29\/10"}]},{"@type":"WebSite","@id":"https:\/\/www.sinpro-rio.org.br\/principal\/#website","url":"https:\/\/www.sinpro-rio.org.br\/principal\/","name":"Sinpro-Rio","description":"Sindicato dos Professores do Munic\u00edpio do Rio de Janeiro e Regi\u00e3o","potentialAction":[{"@type":"SearchAction","target":{"@type":"EntryPoint","urlTemplate":"https:\/\/www.sinpro-rio.org.br\/principal\/?s={search_term_string}"},"query-input":{"@type":"PropertyValueSpecification","valueRequired":true,"valueName":"search_term_string"}}],"inLanguage":"pt-BR"},{"@type":"Person","@id":"https:\/\/www.sinpro-rio.org.br\/principal\/#\/schema\/person\/49feb585a2f57a31a6bd9f16f78e5be6","name":"rafaelrjp","image":{"@type":"ImageObject","inLanguage":"pt-BR","@id":"https:\/\/www.sinpro-rio.org.br\/principal\/#\/schema\/person\/image\/","url":"https:\/\/secure.gravatar.com\/avatar\/489371a0ba4655c340b519882c68cf68?s=96&d=mm&r=g","contentUrl":"https:\/\/secure.gravatar.com\/avatar\/489371a0ba4655c340b519882c68cf68?s=96&d=mm&r=g","caption":"rafaelrjp"},"url":"https:\/\/www.sinpro-rio.org.br\/principal\/author\/rafaelrjp\/"}]}},"_links":{"self":[{"href":"https:\/\/www.sinpro-rio.org.br\/principal\/wp-json\/wp\/v2\/posts\/21287","targetHints":{"allow":["GET"]}}],"collection":[{"href":"https:\/\/www.sinpro-rio.org.br\/principal\/wp-json\/wp\/v2\/posts"}],"about":[{"href":"https:\/\/www.sinpro-rio.org.br\/principal\/wp-json\/wp\/v2\/types\/post"}],"author":[{"embeddable":true,"href":"https:\/\/www.sinpro-rio.org.br\/principal\/wp-json\/wp\/v2\/users\/1"}],"replies":[{"embeddable":true,"href":"https:\/\/www.sinpro-rio.org.br\/principal\/wp-json\/wp\/v2\/comments?post=21287"}],"version-history":[{"count":0,"href":"https:\/\/www.sinpro-rio.org.br\/principal\/wp-json\/wp\/v2\/posts\/21287\/revisions"}],"wp:attachment":[{"href":"https:\/\/www.sinpro-rio.org.br\/principal\/wp-json\/wp\/v2\/media?parent=21287"}],"wp:term":[{"taxonomy":"category","embeddable":true,"href":"https:\/\/www.sinpro-rio.org.br\/principal\/wp-json\/wp\/v2\/categories?post=21287"},{"taxonomy":"post_tag","embeddable":true,"href":"https:\/\/www.sinpro-rio.org.br\/principal\/wp-json\/wp\/v2\/tags?post=21287"}],"curies":[{"name":"wp","href":"https:\/\/api.w.org\/{rel}","templated":true}]}}