{"id":21269,"date":"2009-01-01T00:00:00","date_gmt":"2009-01-01T00:00:00","guid":{"rendered":""},"modified":"-0001-11-30T00:00:00","modified_gmt":"-0001-11-30T03:00:00","slug":"prefeito-veta-calendario-escolar-unificado","status":"publish","type":"post","link":"https:\/\/www.sinpro-rio.org.br\/principal\/prefeito-veta-calendario-escolar-unificado\/","title":{"rendered":"Prefeito veta Calend\u00e1rio Escolar Unificado"},"content":{"rendered":"<div class=\"alvo1\">\n<p>Vereadores podem derrubar o referendo de Eduardo Paes<\/p>\n<p>Pensando na sa\u00fade do profissional educador e na acelera\u00e7\u00e3o do turismo no per\u00edodo de f\u00e9rias escolares, o vereador Reimont, presidente da Comiss\u00e3o de Educa\u00e7\u00e3o e Cultura da C\u00e2mara Municipal do Rio, apresentou o Projeto de Lei (PL) n\u00ba 297\/2009 na Casa Legislativa, que institui o calend\u00e1rio escolar unificado no munic\u00edpio do Rio de Janeiro. O PL foi aprovado em primeira discuss\u00e3o no dia 03\/09 e em segunda discuss\u00e3o no dia 22\/09. O Prefeito Eduardo Paes vetou o projeto, atrav\u00e9s de of\u00edcio, no dia 12\/11. No dia 17\/11, o projeto seguiu para a Comiss\u00e3o de Justi\u00e7a e Reda\u00e7\u00e3o da C\u00e2mara Municipal para aprecia\u00e7\u00e3o da legalidade. A vota\u00e7\u00e3o do veto do prefeito j\u00e1 esteve em pauta em caiu nos dias 09 e 15\/12. Amanh\u00e3, 17\/12, dever\u00e1 ser, enfim, votado. Na vota\u00e7\u00e3o, o veto de Eduardo Paes pode ser derrubado.<\/p>\n<p>O autor do projeto, com a aprova\u00e7\u00e3o do PL, quer garantir a simultaneidade e integralidade das f\u00e9rias escolares dos profissionais da educa\u00e7\u00e3o nos meses de julho e janeiro nos estabelecimentos de ensino p\u00fablico e privado. &#8220;O texto garante um m\u00eas de f\u00e9rias em janeiro e quinze dias de recesso em julho para os professores&#8221;, explica Reimont. Se o projeto for aprovado, uma comiss\u00e3o plural, composta de representantes do Poder Executivo, do Legislativo, do Sinpro-Rio, do Sindicato Estadual dos Profissionais de Educa\u00e7\u00e3o (SEPE-RJ), da Associa\u00e7\u00e3o de Escolas Cat\u00f3licas (AEC-RJ), da Associa\u00e7\u00e3o de Educadores e de Estabelecimentos (Escolas-Rio), do Sindicato dos Estabelecimentos Particulares de Ensino (Sinepe-Rio) e da Associa\u00e7\u00e3o Municipal de Estudantes Secundaristas (AMES), proceder\u00e1 a formata\u00e7\u00e3o deste calend\u00e1rio at\u00e9 o final do ano para que seja implantado no ano letivo de 2010.<\/p>\n<p>&#8220;N\u00e3o ter um calend\u00e1rio escolar unificado tem levado a categoria, tanto na rede p\u00fablica quanto na privada, ao esgotamento f\u00edsico e mental, traduzido em excessivo afastamento de profissionais dos locais de trabalho para tratamentos e readapta\u00e7\u00f5es. Esta lei vai beneficiar a educa\u00e7\u00e3o como um todo e os que nela trabalham, al\u00e9m das fam\u00edlias e os alunos, bem como o turismo&#8221;, completou Reimont. O parlamentar recebeu, atrav\u00e9s da Comiss\u00e3o, diversas reclama\u00e7\u00f5es de professores sobre doen\u00e7as no trabalho. De acordo com o Sindicato dos Professores do Munic\u00edpio do Rio de Janeiro e Regi\u00e3o (Sinpro-Rio), atualmente, 45% dos professores cariocas t\u00eam problemas de voz, a maioria causados por problemas emocionais, e 50% das licen\u00e7as m\u00e9dicas no trabalho t\u00eam origem em causas psicol\u00f3gicas.<\/p>\n<p>Pela Lei de Diretrizes e Bases da Educa\u00e7\u00e3o (LDB, Lei 9394\/96), estados e munic\u00edpios t\u00eam o poder de definir o calend\u00e1rio escolar, com base nas caracter\u00edsticas da regi\u00e3o. Assim, em um mesmo estado, pode haver dois munic\u00edpios com per\u00edodos letivos diferentes. No Esp\u00edrito santo, 2009 \u00e9 o quarto ano consecutivo que a Secretaria de Estado da Educa\u00e7\u00e3o (Sedu) mant\u00e9m um calend\u00e1rio unificado, pelo qual todas as escolas da rede iniciam e terminam o ano letivo na mesma data.. Para este ano, s\u00e3o 204 dias letivos previstos, sendo tr\u00eas s\u00e3o disponibilizados para feriado municipal e ponto facultativo e um reservado para o Congresso do Sindicato. J\u00e1 em santa Catarina, 37 munic\u00edpios catarinenses adotam o calend\u00e1rio unificado. Um debate realizado este ano pela Comiss\u00e3o de Turismo e Desporto da C\u00e2mara dos Deputados, em Bras\u00edlia, debateu a unifica\u00e7\u00e3o do calend\u00e1rio escolar no pa\u00eds, sendo definida que a decis\u00e3o depender\u00e1 de cada Estado ou munic\u00edpio brasileiro. \n<\/p>\n<\/div>\n","protected":false},"excerpt":{"rendered":"<p>Vereadores podem derrubar o referendo de Eduardo Paes Pensando na sa\u00fade do profissional educador e na acelera\u00e7\u00e3o do turismo no per\u00edodo de f\u00e9rias escolares, o vereador Reimont, presidente da Comiss\u00e3o de Educa\u00e7\u00e3o e Cultura da C\u00e2mara Municipal do Rio, apresentou o Projeto de Lei (PL) n\u00ba 297\/2009 na Casa Legislativa, que institui o calend\u00e1rio escolar [&hellip;]<\/p>\n","protected":false},"author":1,"featured_media":0,"comment_status":"closed","ping_status":"open","sticky":false,"template":"","format":"standard","meta":{"footnotes":""},"categories":[],"tags":[],"class_list":["post-21269","post","type-post","status-publish","format-standard","hentry"],"yoast_head":"<!-- This site is optimized with the Yoast SEO plugin v25.7 - https:\/\/yoast.com\/wordpress\/plugins\/seo\/ -->\n<title>Prefeito veta Calend\u00e1rio Escolar Unificado - Sinpro-Rio<\/title>\n<meta name=\"robots\" content=\"index, follow, max-snippet:-1, max-image-preview:large, max-video-preview:-1\" \/>\n<link rel=\"canonical\" href=\"https:\/\/www.sinpro-rio.org.br\/principal\/prefeito-veta-calendario-escolar-unificado\/\" \/>\n<meta property=\"og:locale\" content=\"pt_BR\" \/>\n<meta property=\"og:type\" content=\"article\" \/>\n<meta property=\"og:title\" content=\"Prefeito veta Calend\u00e1rio Escolar Unificado - Sinpro-Rio\" \/>\n<meta property=\"og:description\" content=\"Vereadores podem derrubar o referendo de Eduardo Paes Pensando na sa\u00fade do profissional educador e na acelera\u00e7\u00e3o do turismo no per\u00edodo de f\u00e9rias escolares, o vereador Reimont, presidente da Comiss\u00e3o de Educa\u00e7\u00e3o e Cultura da C\u00e2mara Municipal do Rio, apresentou o Projeto de Lei (PL) n\u00ba 297\/2009 na Casa Legislativa, que institui o calend\u00e1rio escolar [&hellip;]\" \/>\n<meta property=\"og:url\" content=\"https:\/\/www.sinpro-rio.org.br\/principal\/prefeito-veta-calendario-escolar-unificado\/\" \/>\n<meta property=\"og:site_name\" content=\"Sinpro-Rio\" \/>\n<meta property=\"article:published_time\" content=\"2009-01-01T00:00:00+00:00\" \/>\n<meta name=\"author\" content=\"rafaelrjp\" \/>\n<meta name=\"twitter:card\" content=\"summary_large_image\" \/>\n<meta name=\"twitter:label1\" content=\"Escrito por\" \/>\n\t<meta name=\"twitter:data1\" content=\"rafaelrjp\" \/>\n\t<meta name=\"twitter:label2\" content=\"Est. tempo de leitura\" \/>\n\t<meta name=\"twitter:data2\" content=\"3 minutos\" \/>\n<script type=\"application\/ld+json\" class=\"yoast-schema-graph\">{\"@context\":\"https:\/\/schema.org\",\"@graph\":[{\"@type\":\"WebPage\",\"@id\":\"https:\/\/www.sinpro-rio.org.br\/principal\/prefeito-veta-calendario-escolar-unificado\/\",\"url\":\"https:\/\/www.sinpro-rio.org.br\/principal\/prefeito-veta-calendario-escolar-unificado\/\",\"name\":\"Prefeito veta Calend\u00e1rio Escolar Unificado - Sinpro-Rio\",\"isPartOf\":{\"@id\":\"https:\/\/www.sinpro-rio.org.br\/principal\/#website\"},\"datePublished\":\"2009-01-01T00:00:00+00:00\",\"author\":{\"@id\":\"https:\/\/www.sinpro-rio.org.br\/principal\/#\/schema\/person\/49feb585a2f57a31a6bd9f16f78e5be6\"},\"breadcrumb\":{\"@id\":\"https:\/\/www.sinpro-rio.org.br\/principal\/prefeito-veta-calendario-escolar-unificado\/#breadcrumb\"},\"inLanguage\":\"pt-BR\",\"potentialAction\":[{\"@type\":\"ReadAction\",\"target\":[\"https:\/\/www.sinpro-rio.org.br\/principal\/prefeito-veta-calendario-escolar-unificado\/\"]}]},{\"@type\":\"BreadcrumbList\",\"@id\":\"https:\/\/www.sinpro-rio.org.br\/principal\/prefeito-veta-calendario-escolar-unificado\/#breadcrumb\",\"itemListElement\":[{\"@type\":\"ListItem\",\"position\":1,\"name\":\"In\u00edcio\",\"item\":\"https:\/\/www.sinpro-rio.org.br\/principal\/\"},{\"@type\":\"ListItem\",\"position\":2,\"name\":\"Prefeito veta Calend\u00e1rio Escolar Unificado\"}]},{\"@type\":\"WebSite\",\"@id\":\"https:\/\/www.sinpro-rio.org.br\/principal\/#website\",\"url\":\"https:\/\/www.sinpro-rio.org.br\/principal\/\",\"name\":\"Sinpro-Rio\",\"description\":\"Sindicato dos Professores do Munic\u00edpio do Rio de Janeiro e Regi\u00e3o\",\"potentialAction\":[{\"@type\":\"SearchAction\",\"target\":{\"@type\":\"EntryPoint\",\"urlTemplate\":\"https:\/\/www.sinpro-rio.org.br\/principal\/?s={search_term_string}\"},\"query-input\":{\"@type\":\"PropertyValueSpecification\",\"valueRequired\":true,\"valueName\":\"search_term_string\"}}],\"inLanguage\":\"pt-BR\"},{\"@type\":\"Person\",\"@id\":\"https:\/\/www.sinpro-rio.org.br\/principal\/#\/schema\/person\/49feb585a2f57a31a6bd9f16f78e5be6\",\"name\":\"rafaelrjp\",\"image\":{\"@type\":\"ImageObject\",\"inLanguage\":\"pt-BR\",\"@id\":\"https:\/\/www.sinpro-rio.org.br\/principal\/#\/schema\/person\/image\/\",\"url\":\"https:\/\/secure.gravatar.com\/avatar\/489371a0ba4655c340b519882c68cf68?s=96&d=mm&r=g\",\"contentUrl\":\"https:\/\/secure.gravatar.com\/avatar\/489371a0ba4655c340b519882c68cf68?s=96&d=mm&r=g\",\"caption\":\"rafaelrjp\"},\"url\":\"https:\/\/www.sinpro-rio.org.br\/principal\/author\/rafaelrjp\/\"}]}<\/script>\n<!-- \/ Yoast SEO plugin. -->","yoast_head_json":{"title":"Prefeito veta Calend\u00e1rio Escolar Unificado - Sinpro-Rio","robots":{"index":"index","follow":"follow","max-snippet":"max-snippet:-1","max-image-preview":"max-image-preview:large","max-video-preview":"max-video-preview:-1"},"canonical":"https:\/\/www.sinpro-rio.org.br\/principal\/prefeito-veta-calendario-escolar-unificado\/","og_locale":"pt_BR","og_type":"article","og_title":"Prefeito veta Calend\u00e1rio Escolar Unificado - Sinpro-Rio","og_description":"Vereadores podem derrubar o referendo de Eduardo Paes Pensando na sa\u00fade do profissional educador e na acelera\u00e7\u00e3o do turismo no per\u00edodo de f\u00e9rias escolares, o vereador Reimont, presidente da Comiss\u00e3o de Educa\u00e7\u00e3o e Cultura da C\u00e2mara Municipal do Rio, apresentou o Projeto de Lei (PL) n\u00ba 297\/2009 na Casa Legislativa, que institui o calend\u00e1rio escolar [&hellip;]","og_url":"https:\/\/www.sinpro-rio.org.br\/principal\/prefeito-veta-calendario-escolar-unificado\/","og_site_name":"Sinpro-Rio","article_published_time":"2009-01-01T00:00:00+00:00","author":"rafaelrjp","twitter_card":"summary_large_image","twitter_misc":{"Escrito por":"rafaelrjp","Est. tempo de leitura":"3 minutos"},"schema":{"@context":"https:\/\/schema.org","@graph":[{"@type":"WebPage","@id":"https:\/\/www.sinpro-rio.org.br\/principal\/prefeito-veta-calendario-escolar-unificado\/","url":"https:\/\/www.sinpro-rio.org.br\/principal\/prefeito-veta-calendario-escolar-unificado\/","name":"Prefeito veta Calend\u00e1rio Escolar Unificado - Sinpro-Rio","isPartOf":{"@id":"https:\/\/www.sinpro-rio.org.br\/principal\/#website"},"datePublished":"2009-01-01T00:00:00+00:00","author":{"@id":"https:\/\/www.sinpro-rio.org.br\/principal\/#\/schema\/person\/49feb585a2f57a31a6bd9f16f78e5be6"},"breadcrumb":{"@id":"https:\/\/www.sinpro-rio.org.br\/principal\/prefeito-veta-calendario-escolar-unificado\/#breadcrumb"},"inLanguage":"pt-BR","potentialAction":[{"@type":"ReadAction","target":["https:\/\/www.sinpro-rio.org.br\/principal\/prefeito-veta-calendario-escolar-unificado\/"]}]},{"@type":"BreadcrumbList","@id":"https:\/\/www.sinpro-rio.org.br\/principal\/prefeito-veta-calendario-escolar-unificado\/#breadcrumb","itemListElement":[{"@type":"ListItem","position":1,"name":"In\u00edcio","item":"https:\/\/www.sinpro-rio.org.br\/principal\/"},{"@type":"ListItem","position":2,"name":"Prefeito veta Calend\u00e1rio Escolar Unificado"}]},{"@type":"WebSite","@id":"https:\/\/www.sinpro-rio.org.br\/principal\/#website","url":"https:\/\/www.sinpro-rio.org.br\/principal\/","name":"Sinpro-Rio","description":"Sindicato dos Professores do Munic\u00edpio do Rio de Janeiro e Regi\u00e3o","potentialAction":[{"@type":"SearchAction","target":{"@type":"EntryPoint","urlTemplate":"https:\/\/www.sinpro-rio.org.br\/principal\/?s={search_term_string}"},"query-input":{"@type":"PropertyValueSpecification","valueRequired":true,"valueName":"search_term_string"}}],"inLanguage":"pt-BR"},{"@type":"Person","@id":"https:\/\/www.sinpro-rio.org.br\/principal\/#\/schema\/person\/49feb585a2f57a31a6bd9f16f78e5be6","name":"rafaelrjp","image":{"@type":"ImageObject","inLanguage":"pt-BR","@id":"https:\/\/www.sinpro-rio.org.br\/principal\/#\/schema\/person\/image\/","url":"https:\/\/secure.gravatar.com\/avatar\/489371a0ba4655c340b519882c68cf68?s=96&d=mm&r=g","contentUrl":"https:\/\/secure.gravatar.com\/avatar\/489371a0ba4655c340b519882c68cf68?s=96&d=mm&r=g","caption":"rafaelrjp"},"url":"https:\/\/www.sinpro-rio.org.br\/principal\/author\/rafaelrjp\/"}]}},"_links":{"self":[{"href":"https:\/\/www.sinpro-rio.org.br\/principal\/wp-json\/wp\/v2\/posts\/21269","targetHints":{"allow":["GET"]}}],"collection":[{"href":"https:\/\/www.sinpro-rio.org.br\/principal\/wp-json\/wp\/v2\/posts"}],"about":[{"href":"https:\/\/www.sinpro-rio.org.br\/principal\/wp-json\/wp\/v2\/types\/post"}],"author":[{"embeddable":true,"href":"https:\/\/www.sinpro-rio.org.br\/principal\/wp-json\/wp\/v2\/users\/1"}],"replies":[{"embeddable":true,"href":"https:\/\/www.sinpro-rio.org.br\/principal\/wp-json\/wp\/v2\/comments?post=21269"}],"version-history":[{"count":0,"href":"https:\/\/www.sinpro-rio.org.br\/principal\/wp-json\/wp\/v2\/posts\/21269\/revisions"}],"wp:attachment":[{"href":"https:\/\/www.sinpro-rio.org.br\/principal\/wp-json\/wp\/v2\/media?parent=21269"}],"wp:term":[{"taxonomy":"category","embeddable":true,"href":"https:\/\/www.sinpro-rio.org.br\/principal\/wp-json\/wp\/v2\/categories?post=21269"},{"taxonomy":"post_tag","embeddable":true,"href":"https:\/\/www.sinpro-rio.org.br\/principal\/wp-json\/wp\/v2\/tags?post=21269"}],"curies":[{"name":"wp","href":"https:\/\/api.w.org\/{rel}","templated":true}]}}