{"id":21268,"date":"2009-01-01T00:00:00","date_gmt":"2009-01-01T00:00:00","guid":{"rendered":""},"modified":"-0001-11-30T00:00:00","modified_gmt":"-0001-11-30T03:00:00","slug":"conae-rj-etapa-estadual-dias-27-28-e-29-de-novembro","status":"publish","type":"post","link":"https:\/\/www.sinpro-rio.org.br\/principal\/conae-rj-etapa-estadual-dias-27-28-e-29-de-novembro\/","title":{"rendered":"Conae\/RJ &#8211; Etapa Estadual dias 27, 28 e 29 de novembro"},"content":{"rendered":"<div class=\"alvo1\">\n<p>A etapa Estadual da Conae\/RJ ser\u00e1 realizada dias 27, 28 e 29 de novembro, no Col\u00e9gio Pedro II, unidade S\u00e3o Cristov\u00e3o (Campo de S\u00e3o Crist\u00f3v\u00e3o, n\u00ba 177). Os 284 delegados, eleitos na etapa Municipal, ser\u00e3o distribu\u00eddos por segmentos e setores de atua\u00e7\u00e3o, para discutir os seis eixos tem\u00e1ticos do documento refer\u00eancia, que ser\u00e3o ponto de partida para debates e propostas:<\/p>\n<p>I &#8211; Papel do Estado na Garantia do Direito \u00e0 Educa\u00e7\u00e3o de Qualidade: Organiza\u00e7\u00e3o e Regula\u00e7\u00e3o da Educa\u00e7\u00e3o Nacional. <br \/>\n\t\t\t  II &#8211; Qualidade da Educa\u00e7\u00e3o, Gest\u00e3o Democr\u00e1tica e Avalia\u00e7\u00e3o. <br \/>\n\t\t\t  III &#8211; Democratiza\u00e7\u00e3o do Acesso, Perman\u00eancia e Sucesso Escolar. <br \/>\n\t\t\t  IV &#8211; Forma\u00e7\u00e3o e Valoriza\u00e7\u00e3o dos Profissionais da Educa\u00e7\u00e3o. <br \/>\n\t\t\t  V &#8211; Financiamento da Educa\u00e7\u00e3o e Controle Social. <br \/>\n\t\t\t  VI &#8211; Justi\u00e7a Social, Educa\u00e7\u00e3o e Trabalho: Inclus\u00e3o, Diversidade e Igualdade.<\/p>\n<p>Confira a programa\u00e7\u00e3o:<\/p>\n<p>27 de novembro (6\u00aafeira) <br \/>\n\t\t\t  8h &#8211; In\u00edcio do credenciamento <br \/>\n\t\t\t  9 \u00e0s 10h &#8211; Abertura <br \/>\n\t\t\t  10 \u00e0s 12h &#8211; Aprova\u00e7\u00e3o do Regimento <br \/>\n\t\t\t  12 \u00e0s 13h &#8211; Almo\u00e7o <br \/>\n\t\t\t  13h30 \u00e0s 19h30 &#8211; Discuss\u00e3o dos Eixos (por salas) <br \/>\n\t\t\t  13h30 \u00e0s 14h30 &#8211; Col\u00f3quios <br \/>\n\t\t\t  16h30 &#8211; Coffee break <br \/>\n\t\t\t  19h30 &#8211; Jantar<\/p>\n<p>28 de novembro (s\u00e1bado) <br \/>\n\t\t\t  8 \u00e0s 10h30 &#8211; Plen\u00e1ria do EIXO I <br \/>\n\t\t\t  10h30 \u00e0s 13h &#8211; Plen\u00e1ria do EIXO II <br \/>\n\t\t\t  13 \u00e0s 14h &#8211; Almo\u00e7o <br \/>\n\t\t\t  14 \u00e0s 16h30 &#8211; Plen\u00e1ria do EIXO III <br \/>\n\t\t\t  16h30 &#8211; Coffee break <br \/>\n\t\t\t  17 \u00e0s 19h30 &#8211; Plen\u00e1ria do EIXO IV <br \/>\n\t\t\t  19h30 &#8211; Jantar<\/p>\n<p>29 de novembro (domingo) <br \/>\n\t\t\t  8 \u00e0s 10h30 &#8211; Plen\u00e1ria do EIXO V <br \/>\n\t\t\t  10h30 \u00e0s 13h &#8211; Plen\u00e1ria do EIXO VI <br \/>\n\t\t\t  13 \u00e0s 14h &#8211; Almo\u00e7o <br \/>\n\t\t\t  14 \u00e0s 15h30 &#8211; Elei\u00e7\u00f5es dos delegados por setores e segmentos <br \/>\n\t\t\t  16h &#8211; Plen\u00e1ria final com homologa\u00e7\u00e3o dos delegados <br \/>\n\t\t\t  17h &#8211; Encerramento<\/p>\n<p>Veja as listas de delegados: <br \/>\n\t\t\t  Por setores <br \/>\n\t\t\t  Da Educa\u00e7\u00e3o Superior<\/p>\n<p>Para mais informa\u00e7\u00f5es acesse: http:\/\/conae.mec.gov.br\/index.php ou www.rio.rj.gov.br\/sme \n<\/p>\n<\/div>\n","protected":false},"excerpt":{"rendered":"<p>A etapa Estadual da Conae\/RJ ser\u00e1 realizada dias 27, 28 e 29 de novembro, no Col\u00e9gio Pedro II, unidade S\u00e3o Cristov\u00e3o (Campo de S\u00e3o Crist\u00f3v\u00e3o, n\u00ba 177). Os 284 delegados, eleitos na etapa Municipal, ser\u00e3o distribu\u00eddos por segmentos e setores de atua\u00e7\u00e3o, para discutir os seis eixos tem\u00e1ticos do documento refer\u00eancia, que ser\u00e3o ponto de [&hellip;]<\/p>\n","protected":false},"author":1,"featured_media":0,"comment_status":"closed","ping_status":"open","sticky":false,"template":"","format":"standard","meta":{"footnotes":""},"categories":[],"tags":[],"class_list":["post-21268","post","type-post","status-publish","format-standard","hentry"],"yoast_head":"<!-- This site is optimized with the Yoast SEO plugin v25.7 - https:\/\/yoast.com\/wordpress\/plugins\/seo\/ -->\n<title>Conae\/RJ - Etapa Estadual dias 27, 28 e 29 de novembro - Sinpro-Rio<\/title>\n<meta name=\"robots\" content=\"index, follow, max-snippet:-1, max-image-preview:large, max-video-preview:-1\" \/>\n<link rel=\"canonical\" href=\"https:\/\/www.sinpro-rio.org.br\/principal\/conae-rj-etapa-estadual-dias-27-28-e-29-de-novembro\/\" \/>\n<meta property=\"og:locale\" content=\"pt_BR\" \/>\n<meta property=\"og:type\" content=\"article\" \/>\n<meta property=\"og:title\" content=\"Conae\/RJ - Etapa Estadual dias 27, 28 e 29 de novembro - Sinpro-Rio\" \/>\n<meta property=\"og:description\" content=\"A etapa Estadual da Conae\/RJ ser\u00e1 realizada dias 27, 28 e 29 de novembro, no Col\u00e9gio Pedro II, unidade S\u00e3o Cristov\u00e3o (Campo de S\u00e3o Crist\u00f3v\u00e3o, n\u00ba 177). Os 284 delegados, eleitos na etapa Municipal, ser\u00e3o distribu\u00eddos por segmentos e setores de atua\u00e7\u00e3o, para discutir os seis eixos tem\u00e1ticos do documento refer\u00eancia, que ser\u00e3o ponto de [&hellip;]\" \/>\n<meta property=\"og:url\" content=\"https:\/\/www.sinpro-rio.org.br\/principal\/conae-rj-etapa-estadual-dias-27-28-e-29-de-novembro\/\" \/>\n<meta property=\"og:site_name\" content=\"Sinpro-Rio\" \/>\n<meta property=\"article:published_time\" content=\"2009-01-01T00:00:00+00:00\" \/>\n<meta name=\"author\" content=\"rafaelrjp\" \/>\n<meta name=\"twitter:card\" content=\"summary_large_image\" \/>\n<meta name=\"twitter:label1\" content=\"Escrito por\" \/>\n\t<meta name=\"twitter:data1\" content=\"rafaelrjp\" \/>\n\t<meta name=\"twitter:label2\" content=\"Est. tempo de leitura\" \/>\n\t<meta name=\"twitter:data2\" content=\"2 minutos\" \/>\n<script type=\"application\/ld+json\" class=\"yoast-schema-graph\">{\"@context\":\"https:\/\/schema.org\",\"@graph\":[{\"@type\":\"WebPage\",\"@id\":\"https:\/\/www.sinpro-rio.org.br\/principal\/conae-rj-etapa-estadual-dias-27-28-e-29-de-novembro\/\",\"url\":\"https:\/\/www.sinpro-rio.org.br\/principal\/conae-rj-etapa-estadual-dias-27-28-e-29-de-novembro\/\",\"name\":\"Conae\/RJ - Etapa Estadual dias 27, 28 e 29 de novembro - Sinpro-Rio\",\"isPartOf\":{\"@id\":\"https:\/\/www.sinpro-rio.org.br\/principal\/#website\"},\"datePublished\":\"2009-01-01T00:00:00+00:00\",\"author\":{\"@id\":\"https:\/\/www.sinpro-rio.org.br\/principal\/#\/schema\/person\/49feb585a2f57a31a6bd9f16f78e5be6\"},\"breadcrumb\":{\"@id\":\"https:\/\/www.sinpro-rio.org.br\/principal\/conae-rj-etapa-estadual-dias-27-28-e-29-de-novembro\/#breadcrumb\"},\"inLanguage\":\"pt-BR\",\"potentialAction\":[{\"@type\":\"ReadAction\",\"target\":[\"https:\/\/www.sinpro-rio.org.br\/principal\/conae-rj-etapa-estadual-dias-27-28-e-29-de-novembro\/\"]}]},{\"@type\":\"BreadcrumbList\",\"@id\":\"https:\/\/www.sinpro-rio.org.br\/principal\/conae-rj-etapa-estadual-dias-27-28-e-29-de-novembro\/#breadcrumb\",\"itemListElement\":[{\"@type\":\"ListItem\",\"position\":1,\"name\":\"In\u00edcio\",\"item\":\"https:\/\/www.sinpro-rio.org.br\/principal\/\"},{\"@type\":\"ListItem\",\"position\":2,\"name\":\"Conae\/RJ &#8211; Etapa Estadual dias 27, 28 e 29 de novembro\"}]},{\"@type\":\"WebSite\",\"@id\":\"https:\/\/www.sinpro-rio.org.br\/principal\/#website\",\"url\":\"https:\/\/www.sinpro-rio.org.br\/principal\/\",\"name\":\"Sinpro-Rio\",\"description\":\"Sindicato dos Professores do Munic\u00edpio do Rio de Janeiro e Regi\u00e3o\",\"potentialAction\":[{\"@type\":\"SearchAction\",\"target\":{\"@type\":\"EntryPoint\",\"urlTemplate\":\"https:\/\/www.sinpro-rio.org.br\/principal\/?s={search_term_string}\"},\"query-input\":{\"@type\":\"PropertyValueSpecification\",\"valueRequired\":true,\"valueName\":\"search_term_string\"}}],\"inLanguage\":\"pt-BR\"},{\"@type\":\"Person\",\"@id\":\"https:\/\/www.sinpro-rio.org.br\/principal\/#\/schema\/person\/49feb585a2f57a31a6bd9f16f78e5be6\",\"name\":\"rafaelrjp\",\"image\":{\"@type\":\"ImageObject\",\"inLanguage\":\"pt-BR\",\"@id\":\"https:\/\/www.sinpro-rio.org.br\/principal\/#\/schema\/person\/image\/\",\"url\":\"https:\/\/secure.gravatar.com\/avatar\/489371a0ba4655c340b519882c68cf68?s=96&d=mm&r=g\",\"contentUrl\":\"https:\/\/secure.gravatar.com\/avatar\/489371a0ba4655c340b519882c68cf68?s=96&d=mm&r=g\",\"caption\":\"rafaelrjp\"},\"url\":\"https:\/\/www.sinpro-rio.org.br\/principal\/author\/rafaelrjp\/\"}]}<\/script>\n<!-- \/ Yoast SEO plugin. -->","yoast_head_json":{"title":"Conae\/RJ - Etapa Estadual dias 27, 28 e 29 de novembro - Sinpro-Rio","robots":{"index":"index","follow":"follow","max-snippet":"max-snippet:-1","max-image-preview":"max-image-preview:large","max-video-preview":"max-video-preview:-1"},"canonical":"https:\/\/www.sinpro-rio.org.br\/principal\/conae-rj-etapa-estadual-dias-27-28-e-29-de-novembro\/","og_locale":"pt_BR","og_type":"article","og_title":"Conae\/RJ - Etapa Estadual dias 27, 28 e 29 de novembro - Sinpro-Rio","og_description":"A etapa Estadual da Conae\/RJ ser\u00e1 realizada dias 27, 28 e 29 de novembro, no Col\u00e9gio Pedro II, unidade S\u00e3o Cristov\u00e3o (Campo de S\u00e3o Crist\u00f3v\u00e3o, n\u00ba 177). Os 284 delegados, eleitos na etapa Municipal, ser\u00e3o distribu\u00eddos por segmentos e setores de atua\u00e7\u00e3o, para discutir os seis eixos tem\u00e1ticos do documento refer\u00eancia, que ser\u00e3o ponto de [&hellip;]","og_url":"https:\/\/www.sinpro-rio.org.br\/principal\/conae-rj-etapa-estadual-dias-27-28-e-29-de-novembro\/","og_site_name":"Sinpro-Rio","article_published_time":"2009-01-01T00:00:00+00:00","author":"rafaelrjp","twitter_card":"summary_large_image","twitter_misc":{"Escrito por":"rafaelrjp","Est. tempo de leitura":"2 minutos"},"schema":{"@context":"https:\/\/schema.org","@graph":[{"@type":"WebPage","@id":"https:\/\/www.sinpro-rio.org.br\/principal\/conae-rj-etapa-estadual-dias-27-28-e-29-de-novembro\/","url":"https:\/\/www.sinpro-rio.org.br\/principal\/conae-rj-etapa-estadual-dias-27-28-e-29-de-novembro\/","name":"Conae\/RJ - Etapa Estadual dias 27, 28 e 29 de novembro - Sinpro-Rio","isPartOf":{"@id":"https:\/\/www.sinpro-rio.org.br\/principal\/#website"},"datePublished":"2009-01-01T00:00:00+00:00","author":{"@id":"https:\/\/www.sinpro-rio.org.br\/principal\/#\/schema\/person\/49feb585a2f57a31a6bd9f16f78e5be6"},"breadcrumb":{"@id":"https:\/\/www.sinpro-rio.org.br\/principal\/conae-rj-etapa-estadual-dias-27-28-e-29-de-novembro\/#breadcrumb"},"inLanguage":"pt-BR","potentialAction":[{"@type":"ReadAction","target":["https:\/\/www.sinpro-rio.org.br\/principal\/conae-rj-etapa-estadual-dias-27-28-e-29-de-novembro\/"]}]},{"@type":"BreadcrumbList","@id":"https:\/\/www.sinpro-rio.org.br\/principal\/conae-rj-etapa-estadual-dias-27-28-e-29-de-novembro\/#breadcrumb","itemListElement":[{"@type":"ListItem","position":1,"name":"In\u00edcio","item":"https:\/\/www.sinpro-rio.org.br\/principal\/"},{"@type":"ListItem","position":2,"name":"Conae\/RJ &#8211; Etapa Estadual dias 27, 28 e 29 de novembro"}]},{"@type":"WebSite","@id":"https:\/\/www.sinpro-rio.org.br\/principal\/#website","url":"https:\/\/www.sinpro-rio.org.br\/principal\/","name":"Sinpro-Rio","description":"Sindicato dos Professores do Munic\u00edpio do Rio de Janeiro e Regi\u00e3o","potentialAction":[{"@type":"SearchAction","target":{"@type":"EntryPoint","urlTemplate":"https:\/\/www.sinpro-rio.org.br\/principal\/?s={search_term_string}"},"query-input":{"@type":"PropertyValueSpecification","valueRequired":true,"valueName":"search_term_string"}}],"inLanguage":"pt-BR"},{"@type":"Person","@id":"https:\/\/www.sinpro-rio.org.br\/principal\/#\/schema\/person\/49feb585a2f57a31a6bd9f16f78e5be6","name":"rafaelrjp","image":{"@type":"ImageObject","inLanguage":"pt-BR","@id":"https:\/\/www.sinpro-rio.org.br\/principal\/#\/schema\/person\/image\/","url":"https:\/\/secure.gravatar.com\/avatar\/489371a0ba4655c340b519882c68cf68?s=96&d=mm&r=g","contentUrl":"https:\/\/secure.gravatar.com\/avatar\/489371a0ba4655c340b519882c68cf68?s=96&d=mm&r=g","caption":"rafaelrjp"},"url":"https:\/\/www.sinpro-rio.org.br\/principal\/author\/rafaelrjp\/"}]}},"_links":{"self":[{"href":"https:\/\/www.sinpro-rio.org.br\/principal\/wp-json\/wp\/v2\/posts\/21268","targetHints":{"allow":["GET"]}}],"collection":[{"href":"https:\/\/www.sinpro-rio.org.br\/principal\/wp-json\/wp\/v2\/posts"}],"about":[{"href":"https:\/\/www.sinpro-rio.org.br\/principal\/wp-json\/wp\/v2\/types\/post"}],"author":[{"embeddable":true,"href":"https:\/\/www.sinpro-rio.org.br\/principal\/wp-json\/wp\/v2\/users\/1"}],"replies":[{"embeddable":true,"href":"https:\/\/www.sinpro-rio.org.br\/principal\/wp-json\/wp\/v2\/comments?post=21268"}],"version-history":[{"count":0,"href":"https:\/\/www.sinpro-rio.org.br\/principal\/wp-json\/wp\/v2\/posts\/21268\/revisions"}],"wp:attachment":[{"href":"https:\/\/www.sinpro-rio.org.br\/principal\/wp-json\/wp\/v2\/media?parent=21268"}],"wp:term":[{"taxonomy":"category","embeddable":true,"href":"https:\/\/www.sinpro-rio.org.br\/principal\/wp-json\/wp\/v2\/categories?post=21268"},{"taxonomy":"post_tag","embeddable":true,"href":"https:\/\/www.sinpro-rio.org.br\/principal\/wp-json\/wp\/v2\/tags?post=21268"}],"curies":[{"name":"wp","href":"https:\/\/api.w.org\/{rel}","templated":true}]}}