{"id":21266,"date":"2009-01-01T00:00:00","date_gmt":"2009-01-01T00:00:00","guid":{"rendered":""},"modified":"2023-07-07T14:49:49","modified_gmt":"2023-07-07T17:49:49","slug":"audi-ncia-publica-da-suesc-2","status":"publish","type":"post","link":"https:\/\/www.sinpro-rio.org.br\/principal\/audi-ncia-publica-da-suesc-2\/","title":{"rendered":"Audi\u00eancia p\u00fablica da Suesc"},"content":{"rendered":"<div class=\"alvo1\">\n<p>No dia 26 de novembro aconteceu na Assembleia Legislativa do Estado do Rio de Janeiro (Alerj) audi\u00eancia p\u00fablica da Suesc presidida pelo deputado estadual Paulo Ramos e com a presen\u00e7a de professores, ex-professores e alunos da institui\u00e7\u00e3o, membros da atual Diretoria da faculdade, representantes do MEC e diretores do Sinpro-Rio. Durante a audi\u00eancia foram tratados os problemas vividos pela institui\u00e7\u00e3o como a demiss\u00e3o de antigos professores, agress\u00e3o aos docentes, o ass\u00e9dio moral sofrido dentro da institui\u00e7\u00e3o e quest\u00f5es relacionadas a n\u00e3o pagamento dos tributos trabalhistas, al\u00e9m da pr\u00f3pria venda da institui\u00e7\u00e3o a um grupo educacional mineiro.<\/p>\n<p>Diversos documentos comprovando as den\u00fancias feitas foram entregues ao presidente da mesa e ser\u00e3o repassados aos membros da Comiss\u00e3o de Trabalho da Alerj. No caso relativo \u00e0 venda da institui\u00e7\u00e3o, foram denunciados atos ilegais na transa\u00e7\u00e3o, j\u00e1 que se tratava de uma institui\u00e7\u00e3o sem fins lucrativos que, a rigor, deveria ser entregue ao Estado em caso de improbidade siteistrativa ou fal\u00eancia.<\/p>\n<p>O presidente do Sinpro-Rio, professor Wanderley Qu\u00eado, lembrou a quest\u00e3o da mercantiliza\u00e7\u00e3o do ensino que vem crescendo e que possui na venda da Suesc seu mais recente cap\u00edtulo. Al\u00e9m disso, lembrou-se do esc\u00e1rnio como as empresas voltadas para a educa\u00e7\u00e3o tratam as formas de organiza\u00e7\u00e3o docente e as bases da Educa\u00e7\u00e3o Superior; ensino, pesquisa e extens\u00e3o, ferindo as legisla\u00e7\u00f5es trabalhista e educacional. Wanderley solicitou uma maior fiscaliza\u00e7\u00e3o do MEC em rela\u00e7\u00e3o a esse avan\u00e7o de empresas dentro da educa\u00e7\u00e3o e o seu crescimento desordenado com a abertura de campus em shoppings, esta\u00e7\u00f5es de metr\u00f4 e terminais rodovi\u00e1rios. Al\u00e9m disso, questionou como uma institui\u00e7\u00e3o que n\u00e3o cumpre com seus deveres trabalhistas, n\u00e3o respeita a Conven\u00e7\u00e3o Coletiva de Trabalho (CCT) e tenta induzir o Sindicato a execu\u00e7\u00e3o de homologa\u00e7\u00f5es err\u00f4neas ainda recebe incentivos do MEC, como o ProUni. Wanderley tamb\u00e9m refor\u00e7ou que o sindicato n\u00e3o \u00e9 contra medidas como o ProUni, mas que este tipo de incentivo s\u00f3 deve ser dado \u00e0 institui\u00e7\u00f5es que cumprem as quest\u00f5es trabalhistas.<\/p>\n<p>J\u00e1 o procurador do Sinpro-Rio, professor Marcio Fialho, ao fazer uso da palavra denunciou o esquema de n\u00e3o pagamento da Cla\u00fasula 24 de nossa CCT durante as homologa\u00e7\u00f5es, a redu\u00e7\u00e3o de carga hor\u00e1ria praticada por diversas institui\u00e7\u00f5es o os muitos processos relacionados a danos morais movidos pelo Sindicato contra as IES.<\/p>\n<p>Ap\u00f3s todas as falas os representantes da Suesc solicitaram um prazo para a avalia\u00e7\u00e3o das den\u00fancias feitas alegando que o convite para a audi\u00eancia foi feito com um prazo muito curto e os mesmos n\u00e3o se encontravam preparados para respond\u00ea-las<\/p>\n<p>O deputado Paulo Ramos esclareceu que a Comiss\u00e3o de Trabalho da Alerj avalia todas as den\u00fancias que chegam ao seu conhecimento e que indiferentemente se tratam exclusivamente de quest\u00f5es trabalhistas ou n\u00e3o, ser\u00e3o cuidadosamente analisadas.<\/p>\n<p>O parlamentar tamb\u00e9m acrescentou que qualquer den\u00fancia ligada a educa\u00e7\u00e3o deve ser ainda melhor analisada.<\/p>\n<p>Veja aqui as fotos. \n<\/p>\n<\/div>\n","protected":false},"excerpt":{"rendered":"<p>No dia 26 de novembro aconteceu na Assembleia Legislativa do Estado do Rio de Janeiro (Alerj) audi\u00eancia p\u00fablica da Suesc presidida pelo deputado estadual Paulo Ramos e com a presen\u00e7a de professores, ex-professores e alunos da institui\u00e7\u00e3o, membros da atual Diretoria da faculdade, representantes do MEC e diretores do Sinpro-Rio. Durante a audi\u00eancia foram tratados [&hellip;]<\/p>\n","protected":false},"author":1,"featured_media":0,"comment_status":"closed","ping_status":"open","sticky":false,"template":"","format":"standard","meta":{"footnotes":""},"categories":[1],"tags":[619],"class_list":["post-21266","post","type-post","status-publish","format-standard","hentry","category-noticias","tag-convencao-coletiva"],"yoast_head":"<!-- This site is optimized with the Yoast SEO plugin v25.7 - https:\/\/yoast.com\/wordpress\/plugins\/seo\/ -->\n<title>Audi\u00eancia p\u00fablica da Suesc - Sinpro-Rio<\/title>\n<meta name=\"robots\" content=\"index, follow, max-snippet:-1, max-image-preview:large, max-video-preview:-1\" \/>\n<link rel=\"canonical\" href=\"https:\/\/www.sinpro-rio.org.br\/principal\/audi-ncia-publica-da-suesc-2\/\" \/>\n<meta property=\"og:locale\" content=\"pt_BR\" \/>\n<meta property=\"og:type\" content=\"article\" \/>\n<meta property=\"og:title\" content=\"Audi\u00eancia p\u00fablica da Suesc - Sinpro-Rio\" \/>\n<meta property=\"og:description\" content=\"No dia 26 de novembro aconteceu na Assembleia Legislativa do Estado do Rio de Janeiro (Alerj) audi\u00eancia p\u00fablica da Suesc presidida pelo deputado estadual Paulo Ramos e com a presen\u00e7a de professores, ex-professores e alunos da institui\u00e7\u00e3o, membros da atual Diretoria da faculdade, representantes do MEC e diretores do Sinpro-Rio. Durante a audi\u00eancia foram tratados [&hellip;]\" \/>\n<meta property=\"og:url\" content=\"https:\/\/www.sinpro-rio.org.br\/principal\/audi-ncia-publica-da-suesc-2\/\" \/>\n<meta property=\"og:site_name\" content=\"Sinpro-Rio\" \/>\n<meta property=\"article:published_time\" content=\"2009-01-01T00:00:00+00:00\" \/>\n<meta property=\"article:modified_time\" content=\"2023-07-07T17:49:49+00:00\" \/>\n<meta name=\"author\" content=\"rafaelrjp\" \/>\n<meta name=\"twitter:card\" content=\"summary_large_image\" \/>\n<meta name=\"twitter:label1\" content=\"Escrito por\" \/>\n\t<meta name=\"twitter:data1\" content=\"rafaelrjp\" \/>\n\t<meta name=\"twitter:label2\" content=\"Est. tempo de leitura\" \/>\n\t<meta name=\"twitter:data2\" content=\"3 minutos\" \/>\n<script type=\"application\/ld+json\" class=\"yoast-schema-graph\">{\"@context\":\"https:\/\/schema.org\",\"@graph\":[{\"@type\":\"WebPage\",\"@id\":\"https:\/\/www.sinpro-rio.org.br\/principal\/audi-ncia-publica-da-suesc-2\/\",\"url\":\"https:\/\/www.sinpro-rio.org.br\/principal\/audi-ncia-publica-da-suesc-2\/\",\"name\":\"Audi\u00eancia p\u00fablica da Suesc - Sinpro-Rio\",\"isPartOf\":{\"@id\":\"https:\/\/www.sinpro-rio.org.br\/principal\/#website\"},\"datePublished\":\"2009-01-01T00:00:00+00:00\",\"dateModified\":\"2023-07-07T17:49:49+00:00\",\"author\":{\"@id\":\"https:\/\/www.sinpro-rio.org.br\/principal\/#\/schema\/person\/49feb585a2f57a31a6bd9f16f78e5be6\"},\"breadcrumb\":{\"@id\":\"https:\/\/www.sinpro-rio.org.br\/principal\/audi-ncia-publica-da-suesc-2\/#breadcrumb\"},\"inLanguage\":\"pt-BR\",\"potentialAction\":[{\"@type\":\"ReadAction\",\"target\":[\"https:\/\/www.sinpro-rio.org.br\/principal\/audi-ncia-publica-da-suesc-2\/\"]}]},{\"@type\":\"BreadcrumbList\",\"@id\":\"https:\/\/www.sinpro-rio.org.br\/principal\/audi-ncia-publica-da-suesc-2\/#breadcrumb\",\"itemListElement\":[{\"@type\":\"ListItem\",\"position\":1,\"name\":\"In\u00edcio\",\"item\":\"https:\/\/www.sinpro-rio.org.br\/principal\/\"},{\"@type\":\"ListItem\",\"position\":2,\"name\":\"Audi\u00eancia p\u00fablica da Suesc\"}]},{\"@type\":\"WebSite\",\"@id\":\"https:\/\/www.sinpro-rio.org.br\/principal\/#website\",\"url\":\"https:\/\/www.sinpro-rio.org.br\/principal\/\",\"name\":\"Sinpro-Rio\",\"description\":\"Sindicato dos Professores do Munic\u00edpio do Rio de Janeiro e Regi\u00e3o\",\"potentialAction\":[{\"@type\":\"SearchAction\",\"target\":{\"@type\":\"EntryPoint\",\"urlTemplate\":\"https:\/\/www.sinpro-rio.org.br\/principal\/?s={search_term_string}\"},\"query-input\":{\"@type\":\"PropertyValueSpecification\",\"valueRequired\":true,\"valueName\":\"search_term_string\"}}],\"inLanguage\":\"pt-BR\"},{\"@type\":\"Person\",\"@id\":\"https:\/\/www.sinpro-rio.org.br\/principal\/#\/schema\/person\/49feb585a2f57a31a6bd9f16f78e5be6\",\"name\":\"rafaelrjp\",\"image\":{\"@type\":\"ImageObject\",\"inLanguage\":\"pt-BR\",\"@id\":\"https:\/\/www.sinpro-rio.org.br\/principal\/#\/schema\/person\/image\/\",\"url\":\"https:\/\/secure.gravatar.com\/avatar\/489371a0ba4655c340b519882c68cf68?s=96&d=mm&r=g\",\"contentUrl\":\"https:\/\/secure.gravatar.com\/avatar\/489371a0ba4655c340b519882c68cf68?s=96&d=mm&r=g\",\"caption\":\"rafaelrjp\"},\"url\":\"https:\/\/www.sinpro-rio.org.br\/principal\/author\/rafaelrjp\/\"}]}<\/script>\n<!-- \/ Yoast SEO plugin. -->","yoast_head_json":{"title":"Audi\u00eancia p\u00fablica da Suesc - Sinpro-Rio","robots":{"index":"index","follow":"follow","max-snippet":"max-snippet:-1","max-image-preview":"max-image-preview:large","max-video-preview":"max-video-preview:-1"},"canonical":"https:\/\/www.sinpro-rio.org.br\/principal\/audi-ncia-publica-da-suesc-2\/","og_locale":"pt_BR","og_type":"article","og_title":"Audi\u00eancia p\u00fablica da Suesc - Sinpro-Rio","og_description":"No dia 26 de novembro aconteceu na Assembleia Legislativa do Estado do Rio de Janeiro (Alerj) audi\u00eancia p\u00fablica da Suesc presidida pelo deputado estadual Paulo Ramos e com a presen\u00e7a de professores, ex-professores e alunos da institui\u00e7\u00e3o, membros da atual Diretoria da faculdade, representantes do MEC e diretores do Sinpro-Rio. Durante a audi\u00eancia foram tratados [&hellip;]","og_url":"https:\/\/www.sinpro-rio.org.br\/principal\/audi-ncia-publica-da-suesc-2\/","og_site_name":"Sinpro-Rio","article_published_time":"2009-01-01T00:00:00+00:00","article_modified_time":"2023-07-07T17:49:49+00:00","author":"rafaelrjp","twitter_card":"summary_large_image","twitter_misc":{"Escrito por":"rafaelrjp","Est. tempo de leitura":"3 minutos"},"schema":{"@context":"https:\/\/schema.org","@graph":[{"@type":"WebPage","@id":"https:\/\/www.sinpro-rio.org.br\/principal\/audi-ncia-publica-da-suesc-2\/","url":"https:\/\/www.sinpro-rio.org.br\/principal\/audi-ncia-publica-da-suesc-2\/","name":"Audi\u00eancia p\u00fablica da Suesc - Sinpro-Rio","isPartOf":{"@id":"https:\/\/www.sinpro-rio.org.br\/principal\/#website"},"datePublished":"2009-01-01T00:00:00+00:00","dateModified":"2023-07-07T17:49:49+00:00","author":{"@id":"https:\/\/www.sinpro-rio.org.br\/principal\/#\/schema\/person\/49feb585a2f57a31a6bd9f16f78e5be6"},"breadcrumb":{"@id":"https:\/\/www.sinpro-rio.org.br\/principal\/audi-ncia-publica-da-suesc-2\/#breadcrumb"},"inLanguage":"pt-BR","potentialAction":[{"@type":"ReadAction","target":["https:\/\/www.sinpro-rio.org.br\/principal\/audi-ncia-publica-da-suesc-2\/"]}]},{"@type":"BreadcrumbList","@id":"https:\/\/www.sinpro-rio.org.br\/principal\/audi-ncia-publica-da-suesc-2\/#breadcrumb","itemListElement":[{"@type":"ListItem","position":1,"name":"In\u00edcio","item":"https:\/\/www.sinpro-rio.org.br\/principal\/"},{"@type":"ListItem","position":2,"name":"Audi\u00eancia p\u00fablica da Suesc"}]},{"@type":"WebSite","@id":"https:\/\/www.sinpro-rio.org.br\/principal\/#website","url":"https:\/\/www.sinpro-rio.org.br\/principal\/","name":"Sinpro-Rio","description":"Sindicato dos Professores do Munic\u00edpio do Rio de Janeiro e Regi\u00e3o","potentialAction":[{"@type":"SearchAction","target":{"@type":"EntryPoint","urlTemplate":"https:\/\/www.sinpro-rio.org.br\/principal\/?s={search_term_string}"},"query-input":{"@type":"PropertyValueSpecification","valueRequired":true,"valueName":"search_term_string"}}],"inLanguage":"pt-BR"},{"@type":"Person","@id":"https:\/\/www.sinpro-rio.org.br\/principal\/#\/schema\/person\/49feb585a2f57a31a6bd9f16f78e5be6","name":"rafaelrjp","image":{"@type":"ImageObject","inLanguage":"pt-BR","@id":"https:\/\/www.sinpro-rio.org.br\/principal\/#\/schema\/person\/image\/","url":"https:\/\/secure.gravatar.com\/avatar\/489371a0ba4655c340b519882c68cf68?s=96&d=mm&r=g","contentUrl":"https:\/\/secure.gravatar.com\/avatar\/489371a0ba4655c340b519882c68cf68?s=96&d=mm&r=g","caption":"rafaelrjp"},"url":"https:\/\/www.sinpro-rio.org.br\/principal\/author\/rafaelrjp\/"}]}},"_links":{"self":[{"href":"https:\/\/www.sinpro-rio.org.br\/principal\/wp-json\/wp\/v2\/posts\/21266","targetHints":{"allow":["GET"]}}],"collection":[{"href":"https:\/\/www.sinpro-rio.org.br\/principal\/wp-json\/wp\/v2\/posts"}],"about":[{"href":"https:\/\/www.sinpro-rio.org.br\/principal\/wp-json\/wp\/v2\/types\/post"}],"author":[{"embeddable":true,"href":"https:\/\/www.sinpro-rio.org.br\/principal\/wp-json\/wp\/v2\/users\/1"}],"replies":[{"embeddable":true,"href":"https:\/\/www.sinpro-rio.org.br\/principal\/wp-json\/wp\/v2\/comments?post=21266"}],"version-history":[{"count":1,"href":"https:\/\/www.sinpro-rio.org.br\/principal\/wp-json\/wp\/v2\/posts\/21266\/revisions"}],"predecessor-version":[{"id":36172,"href":"https:\/\/www.sinpro-rio.org.br\/principal\/wp-json\/wp\/v2\/posts\/21266\/revisions\/36172"}],"wp:attachment":[{"href":"https:\/\/www.sinpro-rio.org.br\/principal\/wp-json\/wp\/v2\/media?parent=21266"}],"wp:term":[{"taxonomy":"category","embeddable":true,"href":"https:\/\/www.sinpro-rio.org.br\/principal\/wp-json\/wp\/v2\/categories?post=21266"},{"taxonomy":"post_tag","embeddable":true,"href":"https:\/\/www.sinpro-rio.org.br\/principal\/wp-json\/wp\/v2\/tags?post=21266"}],"curies":[{"name":"wp","href":"https:\/\/api.w.org\/{rel}","templated":true}]}}