{"id":21260,"date":"2009-01-01T00:00:00","date_gmt":"2009-01-01T00:00:00","guid":{"rendered":""},"modified":"-0001-11-30T00:00:00","modified_gmt":"-0001-11-30T03:00:00","slug":"sinpro-rio-participa-de-mais-uma-audi-ncia-publica","status":"publish","type":"post","link":"https:\/\/www.sinpro-rio.org.br\/principal\/sinpro-rio-participa-de-mais-uma-audi-ncia-publica\/","title":{"rendered":"Sinpro-Rio participa de mais uma Audi\u00eancia P\u00fablica"},"content":{"rendered":"<div class=\"alvo1\">\n<p>No dia 2 de dezembro, a Comiss\u00e3o de Cultura da Assembleia Legislativa do Rio de Janeiro (Alerj) realizou audi\u00eancia p\u00fablica para discutir a participa\u00e7\u00e3o dos movimentos culturais na efetiva forma\u00e7\u00e3o dos estudantes do estado, as diversas leis de incentivo \u00e0 cultura existentes e os espa\u00e7os p\u00fablicos onde a cultura se encontra.<\/p>\n<p>Com a participa\u00e7\u00e3o de seu presidente, o deputado Alessandro Molon; dos deputados Paulo Ramos, Sabino e Aparecida Gama; al\u00e9m de lideran\u00e7as do Sepe e do presidente do Sinpro-Rio, professor Wanderley Qu\u00eado, a audi\u00eancia discutiu quest\u00f5es que v\u00e3o al\u00e9m da falta de subs\u00eddios por parte do Estado dentro da cultura e chegam ao problema do efeito que a m\u00eddia possui sobre a populariza\u00e7\u00e3o dos eventos voltados para este segmento. Um exemplo levantado foi o do futebol que semanalmente arrasta multid\u00f5es aos est\u00e1dios mesmo contendo pre\u00e7os bastante elevados, efeito este muito incentivado pela m\u00eddia. Na m\u00e3o contr\u00e1ria, a mesa observou os cadernos voltados para cultura nos jornais de grande circula\u00e7\u00e3o que a exp\u00f5em de forma sectarista, excluindo os movimentos culturais populares.<\/p>\n<p>J\u00e1 para o deputado Paulo Ramos, o incentivo \u00e0 cultura por parte de empresas que n\u00e3o possuem quaisquer v\u00ednculos com as manifesta\u00e7\u00f5es culturais torna-se muito preocupante j\u00e1 que a aus\u00eancia desses la\u00e7os, do verdadeiro entendimento dessas manifesta\u00e7\u00f5es, pode lev\u00e1-las ao fim.<\/p>\n<p>O presidente do Sinpro-Rio, Wanderley Qu\u00eado, lamentou a mercantiliza\u00e7\u00e3o da cultura e demonstrou que isso n\u00e3o se d\u00e1 apenas em nosso sociedade e sim trata-se de um processo ao longo de s\u00e9culos. Al\u00e9m disso, Wanderley solicitou que todos os programas desenvolvidos pelo Estado se tornem universais e lembrou que sem este car\u00e1ter universal qualquer programa de forma\u00e7\u00e3o se limita a mera propaganda de governo.<\/p>\n<p>Wanderley solicitou tamb\u00e9m que o elemento pedag\u00f3gico se encontre mais presente nos processos culturais e lembrou que n\u00e3o existe &#8220;pedagogia careta&#8221; &#8211; como fora citado por um membro da Secretaria Estadual de Cultura &#8211; e, sim, pedagogia adequada e inadequada e que isto deveria ser revisto nos processos de incentivo cultural do estado dentro das escolas p\u00fablicas.<\/p>\n<p>Para finalizar, Wanderley Quedo lembrou que, para o desenvolvimento de qualquer projeto cultural, o professor deve estar presente e, para elabor\u00e1-lo, o docente deve ter o direito de exercer o \u00f3cio criativo respaldado em melhores sal\u00e1rios, condi\u00e7\u00f5es de trabalho e f\u00e9rias integradas. Al\u00e9m disso, a ocupa\u00e7\u00e3o do espa\u00e7os p\u00fablicos do Rio de Janeiro se faz essencial para o conhecimento das culturas e suas manifesta\u00e7\u00f5es. \n<\/p>\n<\/div>\n","protected":false},"excerpt":{"rendered":"<p>No dia 2 de dezembro, a Comiss\u00e3o de Cultura da Assembleia Legislativa do Rio de Janeiro (Alerj) realizou audi\u00eancia p\u00fablica para discutir a participa\u00e7\u00e3o dos movimentos culturais na efetiva forma\u00e7\u00e3o dos estudantes do estado, as diversas leis de incentivo \u00e0 cultura existentes e os espa\u00e7os p\u00fablicos onde a cultura se encontra. Com a participa\u00e7\u00e3o de [&hellip;]<\/p>\n","protected":false},"author":1,"featured_media":0,"comment_status":"closed","ping_status":"open","sticky":false,"template":"","format":"standard","meta":{"footnotes":""},"categories":[],"tags":[],"class_list":["post-21260","post","type-post","status-publish","format-standard","hentry"],"yoast_head":"<!-- This site is optimized with the Yoast SEO plugin v25.7 - https:\/\/yoast.com\/wordpress\/plugins\/seo\/ -->\n<title>Sinpro-Rio participa de mais uma Audi\u00eancia P\u00fablica - Sinpro-Rio<\/title>\n<meta name=\"robots\" content=\"index, follow, max-snippet:-1, max-image-preview:large, max-video-preview:-1\" \/>\n<link rel=\"canonical\" href=\"https:\/\/www.sinpro-rio.org.br\/principal\/sinpro-rio-participa-de-mais-uma-audi-ncia-publica\/\" \/>\n<meta property=\"og:locale\" content=\"pt_BR\" \/>\n<meta property=\"og:type\" content=\"article\" \/>\n<meta property=\"og:title\" content=\"Sinpro-Rio participa de mais uma Audi\u00eancia P\u00fablica - Sinpro-Rio\" \/>\n<meta property=\"og:description\" content=\"No dia 2 de dezembro, a Comiss\u00e3o de Cultura da Assembleia Legislativa do Rio de Janeiro (Alerj) realizou audi\u00eancia p\u00fablica para discutir a participa\u00e7\u00e3o dos movimentos culturais na efetiva forma\u00e7\u00e3o dos estudantes do estado, as diversas leis de incentivo \u00e0 cultura existentes e os espa\u00e7os p\u00fablicos onde a cultura se encontra. Com a participa\u00e7\u00e3o de [&hellip;]\" \/>\n<meta property=\"og:url\" content=\"https:\/\/www.sinpro-rio.org.br\/principal\/sinpro-rio-participa-de-mais-uma-audi-ncia-publica\/\" \/>\n<meta property=\"og:site_name\" content=\"Sinpro-Rio\" \/>\n<meta property=\"article:published_time\" content=\"2009-01-01T00:00:00+00:00\" \/>\n<meta name=\"author\" content=\"rafaelrjp\" \/>\n<meta name=\"twitter:card\" content=\"summary_large_image\" \/>\n<meta name=\"twitter:label1\" content=\"Escrito por\" \/>\n\t<meta name=\"twitter:data1\" content=\"rafaelrjp\" \/>\n\t<meta name=\"twitter:label2\" content=\"Est. tempo de leitura\" \/>\n\t<meta name=\"twitter:data2\" content=\"2 minutos\" \/>\n<script type=\"application\/ld+json\" class=\"yoast-schema-graph\">{\"@context\":\"https:\/\/schema.org\",\"@graph\":[{\"@type\":\"WebPage\",\"@id\":\"https:\/\/www.sinpro-rio.org.br\/principal\/sinpro-rio-participa-de-mais-uma-audi-ncia-publica\/\",\"url\":\"https:\/\/www.sinpro-rio.org.br\/principal\/sinpro-rio-participa-de-mais-uma-audi-ncia-publica\/\",\"name\":\"Sinpro-Rio participa de mais uma Audi\u00eancia P\u00fablica - Sinpro-Rio\",\"isPartOf\":{\"@id\":\"https:\/\/www.sinpro-rio.org.br\/principal\/#website\"},\"datePublished\":\"2009-01-01T00:00:00+00:00\",\"author\":{\"@id\":\"https:\/\/www.sinpro-rio.org.br\/principal\/#\/schema\/person\/49feb585a2f57a31a6bd9f16f78e5be6\"},\"breadcrumb\":{\"@id\":\"https:\/\/www.sinpro-rio.org.br\/principal\/sinpro-rio-participa-de-mais-uma-audi-ncia-publica\/#breadcrumb\"},\"inLanguage\":\"pt-BR\",\"potentialAction\":[{\"@type\":\"ReadAction\",\"target\":[\"https:\/\/www.sinpro-rio.org.br\/principal\/sinpro-rio-participa-de-mais-uma-audi-ncia-publica\/\"]}]},{\"@type\":\"BreadcrumbList\",\"@id\":\"https:\/\/www.sinpro-rio.org.br\/principal\/sinpro-rio-participa-de-mais-uma-audi-ncia-publica\/#breadcrumb\",\"itemListElement\":[{\"@type\":\"ListItem\",\"position\":1,\"name\":\"In\u00edcio\",\"item\":\"https:\/\/www.sinpro-rio.org.br\/principal\/\"},{\"@type\":\"ListItem\",\"position\":2,\"name\":\"Sinpro-Rio participa de mais uma Audi\u00eancia P\u00fablica\"}]},{\"@type\":\"WebSite\",\"@id\":\"https:\/\/www.sinpro-rio.org.br\/principal\/#website\",\"url\":\"https:\/\/www.sinpro-rio.org.br\/principal\/\",\"name\":\"Sinpro-Rio\",\"description\":\"Sindicato dos Professores do Munic\u00edpio do Rio de Janeiro e Regi\u00e3o\",\"potentialAction\":[{\"@type\":\"SearchAction\",\"target\":{\"@type\":\"EntryPoint\",\"urlTemplate\":\"https:\/\/www.sinpro-rio.org.br\/principal\/?s={search_term_string}\"},\"query-input\":{\"@type\":\"PropertyValueSpecification\",\"valueRequired\":true,\"valueName\":\"search_term_string\"}}],\"inLanguage\":\"pt-BR\"},{\"@type\":\"Person\",\"@id\":\"https:\/\/www.sinpro-rio.org.br\/principal\/#\/schema\/person\/49feb585a2f57a31a6bd9f16f78e5be6\",\"name\":\"rafaelrjp\",\"image\":{\"@type\":\"ImageObject\",\"inLanguage\":\"pt-BR\",\"@id\":\"https:\/\/www.sinpro-rio.org.br\/principal\/#\/schema\/person\/image\/\",\"url\":\"https:\/\/secure.gravatar.com\/avatar\/489371a0ba4655c340b519882c68cf68?s=96&d=mm&r=g\",\"contentUrl\":\"https:\/\/secure.gravatar.com\/avatar\/489371a0ba4655c340b519882c68cf68?s=96&d=mm&r=g\",\"caption\":\"rafaelrjp\"},\"url\":\"https:\/\/www.sinpro-rio.org.br\/principal\/author\/rafaelrjp\/\"}]}<\/script>\n<!-- \/ Yoast SEO plugin. -->","yoast_head_json":{"title":"Sinpro-Rio participa de mais uma Audi\u00eancia P\u00fablica - Sinpro-Rio","robots":{"index":"index","follow":"follow","max-snippet":"max-snippet:-1","max-image-preview":"max-image-preview:large","max-video-preview":"max-video-preview:-1"},"canonical":"https:\/\/www.sinpro-rio.org.br\/principal\/sinpro-rio-participa-de-mais-uma-audi-ncia-publica\/","og_locale":"pt_BR","og_type":"article","og_title":"Sinpro-Rio participa de mais uma Audi\u00eancia P\u00fablica - Sinpro-Rio","og_description":"No dia 2 de dezembro, a Comiss\u00e3o de Cultura da Assembleia Legislativa do Rio de Janeiro (Alerj) realizou audi\u00eancia p\u00fablica para discutir a participa\u00e7\u00e3o dos movimentos culturais na efetiva forma\u00e7\u00e3o dos estudantes do estado, as diversas leis de incentivo \u00e0 cultura existentes e os espa\u00e7os p\u00fablicos onde a cultura se encontra. Com a participa\u00e7\u00e3o de [&hellip;]","og_url":"https:\/\/www.sinpro-rio.org.br\/principal\/sinpro-rio-participa-de-mais-uma-audi-ncia-publica\/","og_site_name":"Sinpro-Rio","article_published_time":"2009-01-01T00:00:00+00:00","author":"rafaelrjp","twitter_card":"summary_large_image","twitter_misc":{"Escrito por":"rafaelrjp","Est. tempo de leitura":"2 minutos"},"schema":{"@context":"https:\/\/schema.org","@graph":[{"@type":"WebPage","@id":"https:\/\/www.sinpro-rio.org.br\/principal\/sinpro-rio-participa-de-mais-uma-audi-ncia-publica\/","url":"https:\/\/www.sinpro-rio.org.br\/principal\/sinpro-rio-participa-de-mais-uma-audi-ncia-publica\/","name":"Sinpro-Rio participa de mais uma Audi\u00eancia P\u00fablica - Sinpro-Rio","isPartOf":{"@id":"https:\/\/www.sinpro-rio.org.br\/principal\/#website"},"datePublished":"2009-01-01T00:00:00+00:00","author":{"@id":"https:\/\/www.sinpro-rio.org.br\/principal\/#\/schema\/person\/49feb585a2f57a31a6bd9f16f78e5be6"},"breadcrumb":{"@id":"https:\/\/www.sinpro-rio.org.br\/principal\/sinpro-rio-participa-de-mais-uma-audi-ncia-publica\/#breadcrumb"},"inLanguage":"pt-BR","potentialAction":[{"@type":"ReadAction","target":["https:\/\/www.sinpro-rio.org.br\/principal\/sinpro-rio-participa-de-mais-uma-audi-ncia-publica\/"]}]},{"@type":"BreadcrumbList","@id":"https:\/\/www.sinpro-rio.org.br\/principal\/sinpro-rio-participa-de-mais-uma-audi-ncia-publica\/#breadcrumb","itemListElement":[{"@type":"ListItem","position":1,"name":"In\u00edcio","item":"https:\/\/www.sinpro-rio.org.br\/principal\/"},{"@type":"ListItem","position":2,"name":"Sinpro-Rio participa de mais uma Audi\u00eancia P\u00fablica"}]},{"@type":"WebSite","@id":"https:\/\/www.sinpro-rio.org.br\/principal\/#website","url":"https:\/\/www.sinpro-rio.org.br\/principal\/","name":"Sinpro-Rio","description":"Sindicato dos Professores do Munic\u00edpio do Rio de Janeiro e Regi\u00e3o","potentialAction":[{"@type":"SearchAction","target":{"@type":"EntryPoint","urlTemplate":"https:\/\/www.sinpro-rio.org.br\/principal\/?s={search_term_string}"},"query-input":{"@type":"PropertyValueSpecification","valueRequired":true,"valueName":"search_term_string"}}],"inLanguage":"pt-BR"},{"@type":"Person","@id":"https:\/\/www.sinpro-rio.org.br\/principal\/#\/schema\/person\/49feb585a2f57a31a6bd9f16f78e5be6","name":"rafaelrjp","image":{"@type":"ImageObject","inLanguage":"pt-BR","@id":"https:\/\/www.sinpro-rio.org.br\/principal\/#\/schema\/person\/image\/","url":"https:\/\/secure.gravatar.com\/avatar\/489371a0ba4655c340b519882c68cf68?s=96&d=mm&r=g","contentUrl":"https:\/\/secure.gravatar.com\/avatar\/489371a0ba4655c340b519882c68cf68?s=96&d=mm&r=g","caption":"rafaelrjp"},"url":"https:\/\/www.sinpro-rio.org.br\/principal\/author\/rafaelrjp\/"}]}},"_links":{"self":[{"href":"https:\/\/www.sinpro-rio.org.br\/principal\/wp-json\/wp\/v2\/posts\/21260","targetHints":{"allow":["GET"]}}],"collection":[{"href":"https:\/\/www.sinpro-rio.org.br\/principal\/wp-json\/wp\/v2\/posts"}],"about":[{"href":"https:\/\/www.sinpro-rio.org.br\/principal\/wp-json\/wp\/v2\/types\/post"}],"author":[{"embeddable":true,"href":"https:\/\/www.sinpro-rio.org.br\/principal\/wp-json\/wp\/v2\/users\/1"}],"replies":[{"embeddable":true,"href":"https:\/\/www.sinpro-rio.org.br\/principal\/wp-json\/wp\/v2\/comments?post=21260"}],"version-history":[{"count":0,"href":"https:\/\/www.sinpro-rio.org.br\/principal\/wp-json\/wp\/v2\/posts\/21260\/revisions"}],"wp:attachment":[{"href":"https:\/\/www.sinpro-rio.org.br\/principal\/wp-json\/wp\/v2\/media?parent=21260"}],"wp:term":[{"taxonomy":"category","embeddable":true,"href":"https:\/\/www.sinpro-rio.org.br\/principal\/wp-json\/wp\/v2\/categories?post=21260"},{"taxonomy":"post_tag","embeddable":true,"href":"https:\/\/www.sinpro-rio.org.br\/principal\/wp-json\/wp\/v2\/tags?post=21260"}],"curies":[{"name":"wp","href":"https:\/\/api.w.org\/{rel}","templated":true}]}}