{"id":21254,"date":"2009-01-01T00:00:00","date_gmt":"2009-01-01T00:00:00","guid":{"rendered":""},"modified":"-0001-11-30T00:00:00","modified_gmt":"-0001-11-30T03:00:00","slug":"quatorze-vereadores-mant-m-veto-do-prefeito-as-ferias-dos-professores","status":"publish","type":"post","link":"https:\/\/www.sinpro-rio.org.br\/principal\/quatorze-vereadores-mant-m-veto-do-prefeito-as-ferias-dos-professores\/","title":{"rendered":"Quatorze vereadores mant\u00eam veto do prefeito \u00e0s f\u00e9rias dos professores"},"content":{"rendered":"<div class=\"alvo1\">\n<p>Em sess\u00e3o plen\u00e1ria tensa, marcada por discursos duros, a C\u00e2mara Municipal do Rio de Janeiro manteve o veto do prefeito Eduardo Paes ao PL 297, de autoria do vereador Reimont. Foram 14 votos a favor do prefeito e 21 a favor dos professores &#8211; 10 vereadores &#8220;fugiram&#8221; da plen\u00e1ria, para n\u00e3o votar, ap\u00f3s registrarem sua presen\u00e7a na sess\u00e3o. Al\u00e9m disso, seis faltaram ao trabalho. Apesar de termos alcan\u00e7ado o percentual de 41% a favor do PL, isso n\u00e3o foi o suficiente, pois a norma regimental prev\u00ea 50% mais 1, ou seja 26 votos.<\/p>\n<p>O prefeito e a secret\u00e1ria de Educa\u00e7\u00e3o alegaram, contrariando parecer da Comiss\u00e3o de Justi\u00e7a da C\u00e2mara, ilegalidade e inconstitucionalidade no PL, mas disseram reconhecer seu &#8220;m\u00e9rito&#8221; e &#8211; pior ainda &#8211; se dispunham, agora, ap\u00f3s o ano letivo e legislativo encerrados, a conversar e &#8211; quem sabe? &#8211; at\u00e9 produzir um decreto-lei sobre a mat\u00e9ria. Fica a d\u00favida: como pode ser feito um decreto-lei sobre aquilo que considerou ilegal e inconstitucional?<\/p>\n<p>Para n\u00f3s, \u00e9 importante frisar que a manuten\u00e7\u00e3o do veto &#8211; confirmado pelos 14 vereadores e os 10 &#8220;fuj\u00f5es&#8221; &#8211; \u00e9 apenas uma etapa desta luta estrat\u00e9gica. E esta luta \u00e9 um compromisso de campanha desta Diretoria e parte integrante de um projeto maior pela melhoria das Condi\u00e7\u00f5es de Trabalho e Sa\u00fade do professor, que envolve a divulga\u00e7\u00e3o e preven\u00e7\u00e3o da S\u00edndrome de Burnout, do ass\u00e9dio moral, da eleva\u00e7\u00e3o dos baix\u00edssimos pisos salariais, entre outras bandeiras.<\/p>\n<p>A decis\u00e3o da C\u00e2mara dos Vereadores n\u00e3o encerra este debate, tampouco esta luta n\u00e3o termina aqui. Ela \u00e9 maior e demandar\u00e1 todos os esfor\u00e7os do Sindicato, junto com a categoria e a sociedade para alcan\u00e7armos a vit\u00f3ria.<\/p>\n<p>Fato \u00e9 que a quest\u00e3o do Calend\u00e1rio Escolar Unificado est\u00e1 pautada na categoria, na sociedade, nas negocia\u00e7\u00f5es com o patronato e nas Casas Legislativas, pois seus desdobramentos se far\u00e3o tamb\u00e9m em outros f\u00f3runs e n\u00edveis institucionais.<\/p>\n<p>Professores(as), o Sinpro-Rio far\u00e1 80 anos em 2011. S\u00e3o d\u00e9cadas de lutas, marcadas pelo compromisso com a educa\u00e7\u00e3o e os direitos fundamentais do professor. Este \u00e9 um sindicato de luta e n\u00e3o vai recuar em suas bandeiras. Vamos \u00e0 luta, vamos \u00e0 Campanha Salarial de 2010, vamos \u00e0s ruas, vamos lutar por nossos direitos e pela escola que queremos e temos direito: uma escola transformadora, democr\u00e1tica e de qualidade.<\/p>\n<p>Quando a sa\u00fade do professor esta amea\u00e7ada \u00e9 a educa\u00e7\u00e3o que adoece.<\/p>\n<p>Wanderley Qu\u00eado <br \/>\n\t\t\t  Presidente do Sinpro-Rio<\/p>\n<p>Confira as fotos da vota\u00e7\u00e3o do veto ao PL 297\/09<\/p>\n<p><strong>Vereadores a favor dos professores<\/strong><\/p>\n<p>Andrea Gouv\u00eaa Vieira &#8211; PSBD, Carlo Caiado &#8211; DEM, Carlos Bolsonaro &#8211; PP, Chiquinho Braz\u00e3o &#8211; PMDB, Clarissa Garotinho &#8211; PR, Dr. Carlos Eduardo &#8211; PSB, Dr. Jorge Manaia &#8211; PDT, Eliomar Coelho &#8211; PSOL, Elton Bab\u00fa &#8211; PT, Jorge Pereira &#8211; PT do B, Leonel Brizola Neto &#8211; PDT, Lucinha &#8211; PSDB, Marcio Pacheco &#8211; PSC, Nereide Pedregal &#8211; PDT, Patr\u00edcia Amorim &#8211; PSDB, Paulo Pinheiro &#8211; PPS, Reimont &#8211; PT, Roberto Monteiro &#8211; PC do B, Stepan Nercessian &#8211; PPS, Teresa Bergher &#8211; PSDB, Tio Carlos &#8211; DEM<\/p>\n<p><strong>Vereadores contra os professores<\/strong><\/p>\n<p>Adilson Pires &#8211; PT, Bencardino &#8211; PRTB, Claudinho da Academia &#8211; PSDC, Cristiano Gir\u00e3o &#8211; PMN, Jo\u00e3o Cabral &#8211; DEM, Jo\u00e3o Mendes de Jesus &#8211; PRB, Jorge Braz &#8211; PT do B, Jorge Felippe &#8211; PMDB, Luiz Carlos Ramos, Marcelo Piu\u00ed &#8211; PHS, Prof. U\u00f3ston -PMDB, Rog\u00e9rio Bittar &#8211; PSB, S. Ferraz &#8211; PMDB, T\u00e2nia Bastos &#8211; PRB<\/p>\n<p><strong>Vereadores &#8220;fuj\u00f5es&#8221;<\/strong><\/p>\n<p>Alexandre Cerutti &#8211; DEM, Aloisio Freitas &#8211; DEM, Dr. Fernando Moraes &#8211; PR, Gilberto &#8211; PT do B, Dr. Jairinho &#8211; PSC, Eider Dantas &#8211; DEM, Ivanir de Mello &#8211; PP, Renato Moura &#8211; PTC, Rosa Fernandes &#8211; DEM, Vera Lins &#8211; PP<\/p>\n<p><strong>Vereadores Ausentes<\/strong><\/p>\n<p>Alfredo Sirkis &#8211; PV, Asp\u00e1sia Camargo &#8211; PV, Fausto Alves &#8211; PTB, Jorginho da SOS &#8211; DEM, Liliam S\u00e1 &#8211; PR, Paulo Messina &#8211; PV \n<\/p>\n<\/div>\n","protected":false},"excerpt":{"rendered":"<p>Em sess\u00e3o plen\u00e1ria tensa, marcada por discursos duros, a C\u00e2mara Municipal do Rio de Janeiro manteve o veto do prefeito Eduardo Paes ao PL 297, de autoria do vereador Reimont. Foram 14 votos a favor do prefeito e 21 a favor dos professores &#8211; 10 vereadores &#8220;fugiram&#8221; da plen\u00e1ria, para n\u00e3o votar, ap\u00f3s registrarem sua [&hellip;]<\/p>\n","protected":false},"author":1,"featured_media":0,"comment_status":"closed","ping_status":"open","sticky":false,"template":"","format":"standard","meta":{"footnotes":""},"categories":[],"tags":[],"class_list":["post-21254","post","type-post","status-publish","format-standard","hentry"],"yoast_head":"<!-- This site is optimized with the Yoast SEO plugin v25.7 - https:\/\/yoast.com\/wordpress\/plugins\/seo\/ -->\n<title>Quatorze vereadores mant\u00eam veto do prefeito \u00e0s f\u00e9rias dos professores - Sinpro-Rio<\/title>\n<meta name=\"robots\" content=\"index, follow, max-snippet:-1, max-image-preview:large, max-video-preview:-1\" \/>\n<link rel=\"canonical\" href=\"https:\/\/www.sinpro-rio.org.br\/principal\/quatorze-vereadores-mant-m-veto-do-prefeito-as-ferias-dos-professores\/\" \/>\n<meta property=\"og:locale\" content=\"pt_BR\" \/>\n<meta property=\"og:type\" content=\"article\" \/>\n<meta property=\"og:title\" content=\"Quatorze vereadores mant\u00eam veto do prefeito \u00e0s f\u00e9rias dos professores - Sinpro-Rio\" \/>\n<meta property=\"og:description\" content=\"Em sess\u00e3o plen\u00e1ria tensa, marcada por discursos duros, a C\u00e2mara Municipal do Rio de Janeiro manteve o veto do prefeito Eduardo Paes ao PL 297, de autoria do vereador Reimont. Foram 14 votos a favor do prefeito e 21 a favor dos professores &#8211; 10 vereadores &#8220;fugiram&#8221; da plen\u00e1ria, para n\u00e3o votar, ap\u00f3s registrarem sua [&hellip;]\" \/>\n<meta property=\"og:url\" content=\"https:\/\/www.sinpro-rio.org.br\/principal\/quatorze-vereadores-mant-m-veto-do-prefeito-as-ferias-dos-professores\/\" \/>\n<meta property=\"og:site_name\" content=\"Sinpro-Rio\" \/>\n<meta property=\"article:published_time\" content=\"2009-01-01T00:00:00+00:00\" \/>\n<meta name=\"author\" content=\"rafaelrjp\" \/>\n<meta name=\"twitter:card\" content=\"summary_large_image\" \/>\n<meta name=\"twitter:label1\" content=\"Escrito por\" \/>\n\t<meta name=\"twitter:data1\" content=\"rafaelrjp\" \/>\n\t<meta name=\"twitter:label2\" content=\"Est. tempo de leitura\" \/>\n\t<meta name=\"twitter:data2\" content=\"3 minutos\" \/>\n<script type=\"application\/ld+json\" class=\"yoast-schema-graph\">{\"@context\":\"https:\/\/schema.org\",\"@graph\":[{\"@type\":\"WebPage\",\"@id\":\"https:\/\/www.sinpro-rio.org.br\/principal\/quatorze-vereadores-mant-m-veto-do-prefeito-as-ferias-dos-professores\/\",\"url\":\"https:\/\/www.sinpro-rio.org.br\/principal\/quatorze-vereadores-mant-m-veto-do-prefeito-as-ferias-dos-professores\/\",\"name\":\"Quatorze vereadores mant\u00eam veto do prefeito \u00e0s f\u00e9rias dos professores - Sinpro-Rio\",\"isPartOf\":{\"@id\":\"https:\/\/www.sinpro-rio.org.br\/principal\/#website\"},\"datePublished\":\"2009-01-01T00:00:00+00:00\",\"author\":{\"@id\":\"https:\/\/www.sinpro-rio.org.br\/principal\/#\/schema\/person\/49feb585a2f57a31a6bd9f16f78e5be6\"},\"breadcrumb\":{\"@id\":\"https:\/\/www.sinpro-rio.org.br\/principal\/quatorze-vereadores-mant-m-veto-do-prefeito-as-ferias-dos-professores\/#breadcrumb\"},\"inLanguage\":\"pt-BR\",\"potentialAction\":[{\"@type\":\"ReadAction\",\"target\":[\"https:\/\/www.sinpro-rio.org.br\/principal\/quatorze-vereadores-mant-m-veto-do-prefeito-as-ferias-dos-professores\/\"]}]},{\"@type\":\"BreadcrumbList\",\"@id\":\"https:\/\/www.sinpro-rio.org.br\/principal\/quatorze-vereadores-mant-m-veto-do-prefeito-as-ferias-dos-professores\/#breadcrumb\",\"itemListElement\":[{\"@type\":\"ListItem\",\"position\":1,\"name\":\"In\u00edcio\",\"item\":\"https:\/\/www.sinpro-rio.org.br\/principal\/\"},{\"@type\":\"ListItem\",\"position\":2,\"name\":\"Quatorze vereadores mant\u00eam veto do prefeito \u00e0s f\u00e9rias dos professores\"}]},{\"@type\":\"WebSite\",\"@id\":\"https:\/\/www.sinpro-rio.org.br\/principal\/#website\",\"url\":\"https:\/\/www.sinpro-rio.org.br\/principal\/\",\"name\":\"Sinpro-Rio\",\"description\":\"Sindicato dos Professores do Munic\u00edpio do Rio de Janeiro e Regi\u00e3o\",\"potentialAction\":[{\"@type\":\"SearchAction\",\"target\":{\"@type\":\"EntryPoint\",\"urlTemplate\":\"https:\/\/www.sinpro-rio.org.br\/principal\/?s={search_term_string}\"},\"query-input\":{\"@type\":\"PropertyValueSpecification\",\"valueRequired\":true,\"valueName\":\"search_term_string\"}}],\"inLanguage\":\"pt-BR\"},{\"@type\":\"Person\",\"@id\":\"https:\/\/www.sinpro-rio.org.br\/principal\/#\/schema\/person\/49feb585a2f57a31a6bd9f16f78e5be6\",\"name\":\"rafaelrjp\",\"image\":{\"@type\":\"ImageObject\",\"inLanguage\":\"pt-BR\",\"@id\":\"https:\/\/www.sinpro-rio.org.br\/principal\/#\/schema\/person\/image\/\",\"url\":\"https:\/\/secure.gravatar.com\/avatar\/489371a0ba4655c340b519882c68cf68?s=96&d=mm&r=g\",\"contentUrl\":\"https:\/\/secure.gravatar.com\/avatar\/489371a0ba4655c340b519882c68cf68?s=96&d=mm&r=g\",\"caption\":\"rafaelrjp\"},\"url\":\"https:\/\/www.sinpro-rio.org.br\/principal\/author\/rafaelrjp\/\"}]}<\/script>\n<!-- \/ Yoast SEO plugin. -->","yoast_head_json":{"title":"Quatorze vereadores mant\u00eam veto do prefeito \u00e0s f\u00e9rias dos professores - Sinpro-Rio","robots":{"index":"index","follow":"follow","max-snippet":"max-snippet:-1","max-image-preview":"max-image-preview:large","max-video-preview":"max-video-preview:-1"},"canonical":"https:\/\/www.sinpro-rio.org.br\/principal\/quatorze-vereadores-mant-m-veto-do-prefeito-as-ferias-dos-professores\/","og_locale":"pt_BR","og_type":"article","og_title":"Quatorze vereadores mant\u00eam veto do prefeito \u00e0s f\u00e9rias dos professores - Sinpro-Rio","og_description":"Em sess\u00e3o plen\u00e1ria tensa, marcada por discursos duros, a C\u00e2mara Municipal do Rio de Janeiro manteve o veto do prefeito Eduardo Paes ao PL 297, de autoria do vereador Reimont. Foram 14 votos a favor do prefeito e 21 a favor dos professores &#8211; 10 vereadores &#8220;fugiram&#8221; da plen\u00e1ria, para n\u00e3o votar, ap\u00f3s registrarem sua [&hellip;]","og_url":"https:\/\/www.sinpro-rio.org.br\/principal\/quatorze-vereadores-mant-m-veto-do-prefeito-as-ferias-dos-professores\/","og_site_name":"Sinpro-Rio","article_published_time":"2009-01-01T00:00:00+00:00","author":"rafaelrjp","twitter_card":"summary_large_image","twitter_misc":{"Escrito por":"rafaelrjp","Est. tempo de leitura":"3 minutos"},"schema":{"@context":"https:\/\/schema.org","@graph":[{"@type":"WebPage","@id":"https:\/\/www.sinpro-rio.org.br\/principal\/quatorze-vereadores-mant-m-veto-do-prefeito-as-ferias-dos-professores\/","url":"https:\/\/www.sinpro-rio.org.br\/principal\/quatorze-vereadores-mant-m-veto-do-prefeito-as-ferias-dos-professores\/","name":"Quatorze vereadores mant\u00eam veto do prefeito \u00e0s f\u00e9rias dos professores - Sinpro-Rio","isPartOf":{"@id":"https:\/\/www.sinpro-rio.org.br\/principal\/#website"},"datePublished":"2009-01-01T00:00:00+00:00","author":{"@id":"https:\/\/www.sinpro-rio.org.br\/principal\/#\/schema\/person\/49feb585a2f57a31a6bd9f16f78e5be6"},"breadcrumb":{"@id":"https:\/\/www.sinpro-rio.org.br\/principal\/quatorze-vereadores-mant-m-veto-do-prefeito-as-ferias-dos-professores\/#breadcrumb"},"inLanguage":"pt-BR","potentialAction":[{"@type":"ReadAction","target":["https:\/\/www.sinpro-rio.org.br\/principal\/quatorze-vereadores-mant-m-veto-do-prefeito-as-ferias-dos-professores\/"]}]},{"@type":"BreadcrumbList","@id":"https:\/\/www.sinpro-rio.org.br\/principal\/quatorze-vereadores-mant-m-veto-do-prefeito-as-ferias-dos-professores\/#breadcrumb","itemListElement":[{"@type":"ListItem","position":1,"name":"In\u00edcio","item":"https:\/\/www.sinpro-rio.org.br\/principal\/"},{"@type":"ListItem","position":2,"name":"Quatorze vereadores mant\u00eam veto do prefeito \u00e0s f\u00e9rias dos professores"}]},{"@type":"WebSite","@id":"https:\/\/www.sinpro-rio.org.br\/principal\/#website","url":"https:\/\/www.sinpro-rio.org.br\/principal\/","name":"Sinpro-Rio","description":"Sindicato dos Professores do Munic\u00edpio do Rio de Janeiro e Regi\u00e3o","potentialAction":[{"@type":"SearchAction","target":{"@type":"EntryPoint","urlTemplate":"https:\/\/www.sinpro-rio.org.br\/principal\/?s={search_term_string}"},"query-input":{"@type":"PropertyValueSpecification","valueRequired":true,"valueName":"search_term_string"}}],"inLanguage":"pt-BR"},{"@type":"Person","@id":"https:\/\/www.sinpro-rio.org.br\/principal\/#\/schema\/person\/49feb585a2f57a31a6bd9f16f78e5be6","name":"rafaelrjp","image":{"@type":"ImageObject","inLanguage":"pt-BR","@id":"https:\/\/www.sinpro-rio.org.br\/principal\/#\/schema\/person\/image\/","url":"https:\/\/secure.gravatar.com\/avatar\/489371a0ba4655c340b519882c68cf68?s=96&d=mm&r=g","contentUrl":"https:\/\/secure.gravatar.com\/avatar\/489371a0ba4655c340b519882c68cf68?s=96&d=mm&r=g","caption":"rafaelrjp"},"url":"https:\/\/www.sinpro-rio.org.br\/principal\/author\/rafaelrjp\/"}]}},"_links":{"self":[{"href":"https:\/\/www.sinpro-rio.org.br\/principal\/wp-json\/wp\/v2\/posts\/21254","targetHints":{"allow":["GET"]}}],"collection":[{"href":"https:\/\/www.sinpro-rio.org.br\/principal\/wp-json\/wp\/v2\/posts"}],"about":[{"href":"https:\/\/www.sinpro-rio.org.br\/principal\/wp-json\/wp\/v2\/types\/post"}],"author":[{"embeddable":true,"href":"https:\/\/www.sinpro-rio.org.br\/principal\/wp-json\/wp\/v2\/users\/1"}],"replies":[{"embeddable":true,"href":"https:\/\/www.sinpro-rio.org.br\/principal\/wp-json\/wp\/v2\/comments?post=21254"}],"version-history":[{"count":0,"href":"https:\/\/www.sinpro-rio.org.br\/principal\/wp-json\/wp\/v2\/posts\/21254\/revisions"}],"wp:attachment":[{"href":"https:\/\/www.sinpro-rio.org.br\/principal\/wp-json\/wp\/v2\/media?parent=21254"}],"wp:term":[{"taxonomy":"category","embeddable":true,"href":"https:\/\/www.sinpro-rio.org.br\/principal\/wp-json\/wp\/v2\/categories?post=21254"},{"taxonomy":"post_tag","embeddable":true,"href":"https:\/\/www.sinpro-rio.org.br\/principal\/wp-json\/wp\/v2\/tags?post=21254"}],"curies":[{"name":"wp","href":"https:\/\/api.w.org\/{rel}","templated":true}]}}