{"id":20910,"date":"2009-01-01T00:00:00","date_gmt":"2009-01-01T00:00:00","guid":{"rendered":""},"modified":"2023-07-07T14:40:26","modified_gmt":"2023-07-07T17:40:26","slug":"sinpro-rio-a-favor-da-garantia-de-emprego-e-renda-para-os-trabalhadores-2","status":"publish","type":"post","link":"https:\/\/www.sinpro-rio.org.br\/principal\/sinpro-rio-a-favor-da-garantia-de-emprego-e-renda-para-os-trabalhadores-2\/","title":{"rendered":"Sinpro-Rio a favor da garantia de emprego e renda para os trabalhadores"},"content":{"rendered":"<div class=\"alvo1\">\n<p>Com a presen\u00e7a do presidente da CUT, militantes protestaram em frente \u00e0 Vale contra as demiss\u00f5es em massa.<\/p>\n<p>Mesmo debaixo de sol forte, cerca de 300 trabalhadores &#8211; segundo n\u00fameros da Guarda Municipal &#8211; compareceram, nesta quarta-feira, \u00e0 porta da Vale para protestar contra a postura das grandes empresas diante da crise. Entre in\u00fameros movimentos sociais, estava o Sindicato dos Professores do Munic\u00edpio do Rio de Janeiro e Regi\u00e3o (Sinpro-Rio).<\/p>\n<p>Segundo o presidente nacional da CUT, Artur Henrique, o ato \u00e9 uma forma de pressionar os governos para que mantenham o emprego e a renda como solu\u00e7\u00e3o para crise. No seu discurso, Artur qualificou como oportunista a postura de empresas como a Vale, que insistem em demiss\u00f5es: <br \/>\n\t\t\t  &#8211; Como \u00e9 que uma empresa que pretende distribuir dividendos aos seus acionistas, da ordem de R$ 2 bilh\u00f5es, pode dizer que a \u00fanica sa\u00edda para a crise \u00e9 demitir? &#8211; questionou.<\/p>\n<p>Em conversa com a assessoria do Sinpro-Rio, o presidente da CUT disse que a garantia de emprego e renda \u00e9, para ele, a principal medida anticrise que se espera do Governo Federal, mas n\u00e3o a \u00fanica: <br \/>\n\t\t\t  &#8211; \u00c9 preciso diminuir os juros, reduzir o spread banc\u00e1rio e ampliar empr\u00e9stimos e linhas de financiamento &#8211; ressaltou.<\/p>\n<p>Presidente do Sinpro-Rio critica modelo capitalista e cita desnacionaliza\u00e7\u00e3o do ensino<\/p>\n<p>A crise do capital n\u00e3o \u00e9 nova e nunca ser\u00e1 diferente da que est\u00e1 acontecendo. Ela \u00e9 inerente ao modelo capitalista que o mundo vive desde a Segunda Guerra Mundial. Assim come\u00e7ou o discurso do presidente do Sinpro-Rio, Wanderley Quedo.<\/p>\n<p>Em seguida, aproveitando o tom de cr\u00edtica aos grande grupos empresariais, Wanderley falou aos manifestantes como o capital estrangeiro tem tomado conta do Educa\u00e7\u00e3o Superior privado. Para ele, este processo acaba levando \u00e0 mercantiliza\u00e7\u00e3o do Ensino e usou como exemplo o caso da Est\u00e1cio de S\u00e1: <br \/>\n\t\t\t  &#8211; A Est\u00e1cio abriga hoje, no Rio de Janeiro, 200 mil alunos. Ela tem 5 mil professores e demite por ano de 800 a mil professores. Ela tem a\u00e7\u00f5es no mercado, \u00e9 dirigida por um gerente e por um presidente e \u00e9 chamada de empresa, n\u00e3o de universidade &#8211; declarou.<\/p>\n<p>Ainda segundo ele, a educa\u00e7\u00e3o privada deve ser regulamentada e esta \u00e9 uma quest\u00e3o de toda a sociedade, n\u00e3o apenas dos professores: <br \/>\n\t\t\t  &#8211; No nosso entendimento, a educa\u00e7\u00e3o privada \u00e9 uma concess\u00e3o do poder p\u00fablico. Portanto, deve ser regulada, supervisionada e o governo tem que intervir nesta quest\u00e3o &#8211; cobrou o presidente do Sinpro-Rio. <\/p>\n<\/div>\n","protected":false},"excerpt":{"rendered":"<p>Com a presen\u00e7a do presidente da CUT, militantes protestaram em frente \u00e0 Vale contra as demiss\u00f5es em massa. Mesmo debaixo de sol forte, cerca de 300 trabalhadores &#8211; segundo n\u00fameros da Guarda Municipal &#8211; compareceram, nesta quarta-feira, \u00e0 porta da Vale para protestar contra a postura das grandes empresas diante da crise. Entre in\u00fameros movimentos [&hellip;]<\/p>\n","protected":false},"author":1,"featured_media":0,"comment_status":"closed","ping_status":"open","sticky":false,"template":"","format":"standard","meta":{"footnotes":""},"categories":[1],"tags":[495],"class_list":["post-20910","post","type-post","status-publish","format-standard","hentry","category-noticias","tag-estacio"],"yoast_head":"<!-- This site is optimized with the Yoast SEO plugin v25.7 - https:\/\/yoast.com\/wordpress\/plugins\/seo\/ -->\n<title>Sinpro-Rio a favor da garantia de emprego e renda para os trabalhadores - Sinpro-Rio<\/title>\n<meta name=\"robots\" content=\"index, follow, max-snippet:-1, max-image-preview:large, max-video-preview:-1\" \/>\n<link rel=\"canonical\" href=\"https:\/\/www.sinpro-rio.org.br\/principal\/sinpro-rio-a-favor-da-garantia-de-emprego-e-renda-para-os-trabalhadores-2\/\" \/>\n<meta property=\"og:locale\" content=\"pt_BR\" \/>\n<meta property=\"og:type\" content=\"article\" \/>\n<meta property=\"og:title\" content=\"Sinpro-Rio a favor da garantia de emprego e renda para os trabalhadores - Sinpro-Rio\" \/>\n<meta property=\"og:description\" content=\"Com a presen\u00e7a do presidente da CUT, militantes protestaram em frente \u00e0 Vale contra as demiss\u00f5es em massa. Mesmo debaixo de sol forte, cerca de 300 trabalhadores &#8211; segundo n\u00fameros da Guarda Municipal &#8211; compareceram, nesta quarta-feira, \u00e0 porta da Vale para protestar contra a postura das grandes empresas diante da crise. Entre in\u00fameros movimentos [&hellip;]\" \/>\n<meta property=\"og:url\" content=\"https:\/\/www.sinpro-rio.org.br\/principal\/sinpro-rio-a-favor-da-garantia-de-emprego-e-renda-para-os-trabalhadores-2\/\" \/>\n<meta property=\"og:site_name\" content=\"Sinpro-Rio\" \/>\n<meta property=\"article:published_time\" content=\"2009-01-01T00:00:00+00:00\" \/>\n<meta property=\"article:modified_time\" content=\"2023-07-07T17:40:26+00:00\" \/>\n<meta name=\"author\" content=\"rafaelrjp\" \/>\n<meta name=\"twitter:card\" content=\"summary_large_image\" \/>\n<meta name=\"twitter:label1\" content=\"Escrito por\" \/>\n\t<meta name=\"twitter:data1\" content=\"rafaelrjp\" \/>\n\t<meta name=\"twitter:label2\" content=\"Est. tempo de leitura\" \/>\n\t<meta name=\"twitter:data2\" content=\"2 minutos\" \/>\n<script type=\"application\/ld+json\" class=\"yoast-schema-graph\">{\"@context\":\"https:\/\/schema.org\",\"@graph\":[{\"@type\":\"WebPage\",\"@id\":\"https:\/\/www.sinpro-rio.org.br\/principal\/sinpro-rio-a-favor-da-garantia-de-emprego-e-renda-para-os-trabalhadores-2\/\",\"url\":\"https:\/\/www.sinpro-rio.org.br\/principal\/sinpro-rio-a-favor-da-garantia-de-emprego-e-renda-para-os-trabalhadores-2\/\",\"name\":\"Sinpro-Rio a favor da garantia de emprego e renda para os trabalhadores - Sinpro-Rio\",\"isPartOf\":{\"@id\":\"https:\/\/www.sinpro-rio.org.br\/principal\/#website\"},\"datePublished\":\"2009-01-01T00:00:00+00:00\",\"dateModified\":\"2023-07-07T17:40:26+00:00\",\"author\":{\"@id\":\"https:\/\/www.sinpro-rio.org.br\/principal\/#\/schema\/person\/49feb585a2f57a31a6bd9f16f78e5be6\"},\"breadcrumb\":{\"@id\":\"https:\/\/www.sinpro-rio.org.br\/principal\/sinpro-rio-a-favor-da-garantia-de-emprego-e-renda-para-os-trabalhadores-2\/#breadcrumb\"},\"inLanguage\":\"pt-BR\",\"potentialAction\":[{\"@type\":\"ReadAction\",\"target\":[\"https:\/\/www.sinpro-rio.org.br\/principal\/sinpro-rio-a-favor-da-garantia-de-emprego-e-renda-para-os-trabalhadores-2\/\"]}]},{\"@type\":\"BreadcrumbList\",\"@id\":\"https:\/\/www.sinpro-rio.org.br\/principal\/sinpro-rio-a-favor-da-garantia-de-emprego-e-renda-para-os-trabalhadores-2\/#breadcrumb\",\"itemListElement\":[{\"@type\":\"ListItem\",\"position\":1,\"name\":\"In\u00edcio\",\"item\":\"https:\/\/www.sinpro-rio.org.br\/principal\/\"},{\"@type\":\"ListItem\",\"position\":2,\"name\":\"Sinpro-Rio a favor da garantia de emprego e renda para os trabalhadores\"}]},{\"@type\":\"WebSite\",\"@id\":\"https:\/\/www.sinpro-rio.org.br\/principal\/#website\",\"url\":\"https:\/\/www.sinpro-rio.org.br\/principal\/\",\"name\":\"Sinpro-Rio\",\"description\":\"Sindicato dos Professores do Munic\u00edpio do Rio de Janeiro e Regi\u00e3o\",\"potentialAction\":[{\"@type\":\"SearchAction\",\"target\":{\"@type\":\"EntryPoint\",\"urlTemplate\":\"https:\/\/www.sinpro-rio.org.br\/principal\/?s={search_term_string}\"},\"query-input\":{\"@type\":\"PropertyValueSpecification\",\"valueRequired\":true,\"valueName\":\"search_term_string\"}}],\"inLanguage\":\"pt-BR\"},{\"@type\":\"Person\",\"@id\":\"https:\/\/www.sinpro-rio.org.br\/principal\/#\/schema\/person\/49feb585a2f57a31a6bd9f16f78e5be6\",\"name\":\"rafaelrjp\",\"image\":{\"@type\":\"ImageObject\",\"inLanguage\":\"pt-BR\",\"@id\":\"https:\/\/www.sinpro-rio.org.br\/principal\/#\/schema\/person\/image\/\",\"url\":\"https:\/\/secure.gravatar.com\/avatar\/489371a0ba4655c340b519882c68cf68?s=96&d=mm&r=g\",\"contentUrl\":\"https:\/\/secure.gravatar.com\/avatar\/489371a0ba4655c340b519882c68cf68?s=96&d=mm&r=g\",\"caption\":\"rafaelrjp\"},\"url\":\"https:\/\/www.sinpro-rio.org.br\/principal\/author\/rafaelrjp\/\"}]}<\/script>\n<!-- \/ Yoast SEO plugin. -->","yoast_head_json":{"title":"Sinpro-Rio a favor da garantia de emprego e renda para os trabalhadores - Sinpro-Rio","robots":{"index":"index","follow":"follow","max-snippet":"max-snippet:-1","max-image-preview":"max-image-preview:large","max-video-preview":"max-video-preview:-1"},"canonical":"https:\/\/www.sinpro-rio.org.br\/principal\/sinpro-rio-a-favor-da-garantia-de-emprego-e-renda-para-os-trabalhadores-2\/","og_locale":"pt_BR","og_type":"article","og_title":"Sinpro-Rio a favor da garantia de emprego e renda para os trabalhadores - Sinpro-Rio","og_description":"Com a presen\u00e7a do presidente da CUT, militantes protestaram em frente \u00e0 Vale contra as demiss\u00f5es em massa. Mesmo debaixo de sol forte, cerca de 300 trabalhadores &#8211; segundo n\u00fameros da Guarda Municipal &#8211; compareceram, nesta quarta-feira, \u00e0 porta da Vale para protestar contra a postura das grandes empresas diante da crise. Entre in\u00fameros movimentos [&hellip;]","og_url":"https:\/\/www.sinpro-rio.org.br\/principal\/sinpro-rio-a-favor-da-garantia-de-emprego-e-renda-para-os-trabalhadores-2\/","og_site_name":"Sinpro-Rio","article_published_time":"2009-01-01T00:00:00+00:00","article_modified_time":"2023-07-07T17:40:26+00:00","author":"rafaelrjp","twitter_card":"summary_large_image","twitter_misc":{"Escrito por":"rafaelrjp","Est. tempo de leitura":"2 minutos"},"schema":{"@context":"https:\/\/schema.org","@graph":[{"@type":"WebPage","@id":"https:\/\/www.sinpro-rio.org.br\/principal\/sinpro-rio-a-favor-da-garantia-de-emprego-e-renda-para-os-trabalhadores-2\/","url":"https:\/\/www.sinpro-rio.org.br\/principal\/sinpro-rio-a-favor-da-garantia-de-emprego-e-renda-para-os-trabalhadores-2\/","name":"Sinpro-Rio a favor da garantia de emprego e renda para os trabalhadores - Sinpro-Rio","isPartOf":{"@id":"https:\/\/www.sinpro-rio.org.br\/principal\/#website"},"datePublished":"2009-01-01T00:00:00+00:00","dateModified":"2023-07-07T17:40:26+00:00","author":{"@id":"https:\/\/www.sinpro-rio.org.br\/principal\/#\/schema\/person\/49feb585a2f57a31a6bd9f16f78e5be6"},"breadcrumb":{"@id":"https:\/\/www.sinpro-rio.org.br\/principal\/sinpro-rio-a-favor-da-garantia-de-emprego-e-renda-para-os-trabalhadores-2\/#breadcrumb"},"inLanguage":"pt-BR","potentialAction":[{"@type":"ReadAction","target":["https:\/\/www.sinpro-rio.org.br\/principal\/sinpro-rio-a-favor-da-garantia-de-emprego-e-renda-para-os-trabalhadores-2\/"]}]},{"@type":"BreadcrumbList","@id":"https:\/\/www.sinpro-rio.org.br\/principal\/sinpro-rio-a-favor-da-garantia-de-emprego-e-renda-para-os-trabalhadores-2\/#breadcrumb","itemListElement":[{"@type":"ListItem","position":1,"name":"In\u00edcio","item":"https:\/\/www.sinpro-rio.org.br\/principal\/"},{"@type":"ListItem","position":2,"name":"Sinpro-Rio a favor da garantia de emprego e renda para os trabalhadores"}]},{"@type":"WebSite","@id":"https:\/\/www.sinpro-rio.org.br\/principal\/#website","url":"https:\/\/www.sinpro-rio.org.br\/principal\/","name":"Sinpro-Rio","description":"Sindicato dos Professores do Munic\u00edpio do Rio de Janeiro e Regi\u00e3o","potentialAction":[{"@type":"SearchAction","target":{"@type":"EntryPoint","urlTemplate":"https:\/\/www.sinpro-rio.org.br\/principal\/?s={search_term_string}"},"query-input":{"@type":"PropertyValueSpecification","valueRequired":true,"valueName":"search_term_string"}}],"inLanguage":"pt-BR"},{"@type":"Person","@id":"https:\/\/www.sinpro-rio.org.br\/principal\/#\/schema\/person\/49feb585a2f57a31a6bd9f16f78e5be6","name":"rafaelrjp","image":{"@type":"ImageObject","inLanguage":"pt-BR","@id":"https:\/\/www.sinpro-rio.org.br\/principal\/#\/schema\/person\/image\/","url":"https:\/\/secure.gravatar.com\/avatar\/489371a0ba4655c340b519882c68cf68?s=96&d=mm&r=g","contentUrl":"https:\/\/secure.gravatar.com\/avatar\/489371a0ba4655c340b519882c68cf68?s=96&d=mm&r=g","caption":"rafaelrjp"},"url":"https:\/\/www.sinpro-rio.org.br\/principal\/author\/rafaelrjp\/"}]}},"_links":{"self":[{"href":"https:\/\/www.sinpro-rio.org.br\/principal\/wp-json\/wp\/v2\/posts\/20910","targetHints":{"allow":["GET"]}}],"collection":[{"href":"https:\/\/www.sinpro-rio.org.br\/principal\/wp-json\/wp\/v2\/posts"}],"about":[{"href":"https:\/\/www.sinpro-rio.org.br\/principal\/wp-json\/wp\/v2\/types\/post"}],"author":[{"embeddable":true,"href":"https:\/\/www.sinpro-rio.org.br\/principal\/wp-json\/wp\/v2\/users\/1"}],"replies":[{"embeddable":true,"href":"https:\/\/www.sinpro-rio.org.br\/principal\/wp-json\/wp\/v2\/comments?post=20910"}],"version-history":[{"count":1,"href":"https:\/\/www.sinpro-rio.org.br\/principal\/wp-json\/wp\/v2\/posts\/20910\/revisions"}],"predecessor-version":[{"id":36115,"href":"https:\/\/www.sinpro-rio.org.br\/principal\/wp-json\/wp\/v2\/posts\/20910\/revisions\/36115"}],"wp:attachment":[{"href":"https:\/\/www.sinpro-rio.org.br\/principal\/wp-json\/wp\/v2\/media?parent=20910"}],"wp:term":[{"taxonomy":"category","embeddable":true,"href":"https:\/\/www.sinpro-rio.org.br\/principal\/wp-json\/wp\/v2\/categories?post=20910"},{"taxonomy":"post_tag","embeddable":true,"href":"https:\/\/www.sinpro-rio.org.br\/principal\/wp-json\/wp\/v2\/tags?post=20910"}],"curies":[{"name":"wp","href":"https:\/\/api.w.org\/{rel}","templated":true}]}}