{"id":20903,"date":"2009-01-01T00:00:00","date_gmt":"2009-01-01T00:00:00","guid":{"rendered":""},"modified":"-0001-11-30T00:00:00","modified_gmt":"-0001-11-30T03:00:00","slug":"professores-da-gama-filho-paralisam-as-atividades-a-partir-de-2-de-marco","status":"publish","type":"post","link":"https:\/\/www.sinpro-rio.org.br\/principal\/professores-da-gama-filho-paralisam-as-atividades-a-partir-de-2-de-marco\/","title":{"rendered":"Professores da Gama Filho paralisam as atividades a partir de 2 de mar\u00e7o"},"content":{"rendered":"<div class=\"alvo1\">\n<p>Os professores da Universidade Gama Filho (UGF) decidiram, em assembleia, paralisar as atividades a partir do dia 2 de mar\u00e7o, por causa dos atrasos salariais, a falta de clareza na comunica\u00e7\u00e3o com os professores sobre as datas de pagamento e o n\u00e3o pagamento do 13\u00ba de 2008.<\/p>\n<p>No mesmo dia, haver\u00e1 uma mobiliza\u00e7\u00e3o no Campus Piedade, a partir da 9h, no p\u00e1tio da universidade, onde os docentes se reunir\u00e3o. \u00c0s 18h30, os professores, em assembleia, decidir\u00e3o os rumos do movimento. Esta paralisa\u00e7\u00e3o perdurar\u00e1 at\u00e9 que a UGF se posicione com respeito aos pontos levantados. <\/p>\n<\/div>\n","protected":false},"excerpt":{"rendered":"<p>Os professores da Universidade Gama Filho (UGF) decidiram, em assembleia, paralisar as atividades a partir do dia 2 de mar\u00e7o, por causa dos atrasos salariais, a falta de clareza na comunica\u00e7\u00e3o com os professores sobre as datas de pagamento e o n\u00e3o pagamento do 13\u00ba de 2008. No mesmo dia, haver\u00e1 uma mobiliza\u00e7\u00e3o no Campus [&hellip;]<\/p>\n","protected":false},"author":1,"featured_media":0,"comment_status":"closed","ping_status":"open","sticky":false,"template":"","format":"standard","meta":{"footnotes":""},"categories":[1],"tags":[],"class_list":["post-20903","post","type-post","status-publish","format-standard","hentry","category-noticias"],"yoast_head":"<!-- This site is optimized with the Yoast SEO plugin v25.7 - https:\/\/yoast.com\/wordpress\/plugins\/seo\/ -->\n<title>Professores da Gama Filho paralisam as atividades a partir de 2 de mar\u00e7o - Sinpro-Rio<\/title>\n<meta name=\"robots\" content=\"index, follow, max-snippet:-1, max-image-preview:large, max-video-preview:-1\" \/>\n<link rel=\"canonical\" href=\"https:\/\/www.sinpro-rio.org.br\/principal\/professores-da-gama-filho-paralisam-as-atividades-a-partir-de-2-de-marco\/\" \/>\n<meta property=\"og:locale\" content=\"pt_BR\" \/>\n<meta property=\"og:type\" content=\"article\" \/>\n<meta property=\"og:title\" content=\"Professores da Gama Filho paralisam as atividades a partir de 2 de mar\u00e7o - Sinpro-Rio\" \/>\n<meta property=\"og:description\" content=\"Os professores da Universidade Gama Filho (UGF) decidiram, em assembleia, paralisar as atividades a partir do dia 2 de mar\u00e7o, por causa dos atrasos salariais, a falta de clareza na comunica\u00e7\u00e3o com os professores sobre as datas de pagamento e o n\u00e3o pagamento do 13\u00ba de 2008. No mesmo dia, haver\u00e1 uma mobiliza\u00e7\u00e3o no Campus [&hellip;]\" \/>\n<meta property=\"og:url\" content=\"https:\/\/www.sinpro-rio.org.br\/principal\/professores-da-gama-filho-paralisam-as-atividades-a-partir-de-2-de-marco\/\" \/>\n<meta property=\"og:site_name\" content=\"Sinpro-Rio\" \/>\n<meta property=\"article:published_time\" content=\"2009-01-01T00:00:00+00:00\" \/>\n<meta name=\"author\" content=\"rafaelrjp\" \/>\n<meta name=\"twitter:card\" content=\"summary_large_image\" \/>\n<meta name=\"twitter:label1\" content=\"Escrito por\" \/>\n\t<meta name=\"twitter:data1\" content=\"rafaelrjp\" \/>\n<script type=\"application\/ld+json\" class=\"yoast-schema-graph\">{\"@context\":\"https:\/\/schema.org\",\"@graph\":[{\"@type\":\"WebPage\",\"@id\":\"https:\/\/www.sinpro-rio.org.br\/principal\/professores-da-gama-filho-paralisam-as-atividades-a-partir-de-2-de-marco\/\",\"url\":\"https:\/\/www.sinpro-rio.org.br\/principal\/professores-da-gama-filho-paralisam-as-atividades-a-partir-de-2-de-marco\/\",\"name\":\"Professores da Gama Filho paralisam as atividades a partir de 2 de mar\u00e7o - Sinpro-Rio\",\"isPartOf\":{\"@id\":\"https:\/\/www.sinpro-rio.org.br\/principal\/#website\"},\"datePublished\":\"2009-01-01T00:00:00+00:00\",\"author\":{\"@id\":\"https:\/\/www.sinpro-rio.org.br\/principal\/#\/schema\/person\/49feb585a2f57a31a6bd9f16f78e5be6\"},\"breadcrumb\":{\"@id\":\"https:\/\/www.sinpro-rio.org.br\/principal\/professores-da-gama-filho-paralisam-as-atividades-a-partir-de-2-de-marco\/#breadcrumb\"},\"inLanguage\":\"pt-BR\",\"potentialAction\":[{\"@type\":\"ReadAction\",\"target\":[\"https:\/\/www.sinpro-rio.org.br\/principal\/professores-da-gama-filho-paralisam-as-atividades-a-partir-de-2-de-marco\/\"]}]},{\"@type\":\"BreadcrumbList\",\"@id\":\"https:\/\/www.sinpro-rio.org.br\/principal\/professores-da-gama-filho-paralisam-as-atividades-a-partir-de-2-de-marco\/#breadcrumb\",\"itemListElement\":[{\"@type\":\"ListItem\",\"position\":1,\"name\":\"In\u00edcio\",\"item\":\"https:\/\/www.sinpro-rio.org.br\/principal\/\"},{\"@type\":\"ListItem\",\"position\":2,\"name\":\"Professores da Gama Filho paralisam as atividades a partir de 2 de mar\u00e7o\"}]},{\"@type\":\"WebSite\",\"@id\":\"https:\/\/www.sinpro-rio.org.br\/principal\/#website\",\"url\":\"https:\/\/www.sinpro-rio.org.br\/principal\/\",\"name\":\"Sinpro-Rio\",\"description\":\"Sindicato dos Professores do Munic\u00edpio do Rio de Janeiro e Regi\u00e3o\",\"potentialAction\":[{\"@type\":\"SearchAction\",\"target\":{\"@type\":\"EntryPoint\",\"urlTemplate\":\"https:\/\/www.sinpro-rio.org.br\/principal\/?s={search_term_string}\"},\"query-input\":{\"@type\":\"PropertyValueSpecification\",\"valueRequired\":true,\"valueName\":\"search_term_string\"}}],\"inLanguage\":\"pt-BR\"},{\"@type\":\"Person\",\"@id\":\"https:\/\/www.sinpro-rio.org.br\/principal\/#\/schema\/person\/49feb585a2f57a31a6bd9f16f78e5be6\",\"name\":\"rafaelrjp\",\"image\":{\"@type\":\"ImageObject\",\"inLanguage\":\"pt-BR\",\"@id\":\"https:\/\/www.sinpro-rio.org.br\/principal\/#\/schema\/person\/image\/\",\"url\":\"https:\/\/secure.gravatar.com\/avatar\/489371a0ba4655c340b519882c68cf68?s=96&d=mm&r=g\",\"contentUrl\":\"https:\/\/secure.gravatar.com\/avatar\/489371a0ba4655c340b519882c68cf68?s=96&d=mm&r=g\",\"caption\":\"rafaelrjp\"},\"url\":\"https:\/\/www.sinpro-rio.org.br\/principal\/author\/rafaelrjp\/\"}]}<\/script>\n<!-- \/ Yoast SEO plugin. -->","yoast_head_json":{"title":"Professores da Gama Filho paralisam as atividades a partir de 2 de mar\u00e7o - Sinpro-Rio","robots":{"index":"index","follow":"follow","max-snippet":"max-snippet:-1","max-image-preview":"max-image-preview:large","max-video-preview":"max-video-preview:-1"},"canonical":"https:\/\/www.sinpro-rio.org.br\/principal\/professores-da-gama-filho-paralisam-as-atividades-a-partir-de-2-de-marco\/","og_locale":"pt_BR","og_type":"article","og_title":"Professores da Gama Filho paralisam as atividades a partir de 2 de mar\u00e7o - Sinpro-Rio","og_description":"Os professores da Universidade Gama Filho (UGF) decidiram, em assembleia, paralisar as atividades a partir do dia 2 de mar\u00e7o, por causa dos atrasos salariais, a falta de clareza na comunica\u00e7\u00e3o com os professores sobre as datas de pagamento e o n\u00e3o pagamento do 13\u00ba de 2008. No mesmo dia, haver\u00e1 uma mobiliza\u00e7\u00e3o no Campus [&hellip;]","og_url":"https:\/\/www.sinpro-rio.org.br\/principal\/professores-da-gama-filho-paralisam-as-atividades-a-partir-de-2-de-marco\/","og_site_name":"Sinpro-Rio","article_published_time":"2009-01-01T00:00:00+00:00","author":"rafaelrjp","twitter_card":"summary_large_image","twitter_misc":{"Escrito por":"rafaelrjp"},"schema":{"@context":"https:\/\/schema.org","@graph":[{"@type":"WebPage","@id":"https:\/\/www.sinpro-rio.org.br\/principal\/professores-da-gama-filho-paralisam-as-atividades-a-partir-de-2-de-marco\/","url":"https:\/\/www.sinpro-rio.org.br\/principal\/professores-da-gama-filho-paralisam-as-atividades-a-partir-de-2-de-marco\/","name":"Professores da Gama Filho paralisam as atividades a partir de 2 de mar\u00e7o - Sinpro-Rio","isPartOf":{"@id":"https:\/\/www.sinpro-rio.org.br\/principal\/#website"},"datePublished":"2009-01-01T00:00:00+00:00","author":{"@id":"https:\/\/www.sinpro-rio.org.br\/principal\/#\/schema\/person\/49feb585a2f57a31a6bd9f16f78e5be6"},"breadcrumb":{"@id":"https:\/\/www.sinpro-rio.org.br\/principal\/professores-da-gama-filho-paralisam-as-atividades-a-partir-de-2-de-marco\/#breadcrumb"},"inLanguage":"pt-BR","potentialAction":[{"@type":"ReadAction","target":["https:\/\/www.sinpro-rio.org.br\/principal\/professores-da-gama-filho-paralisam-as-atividades-a-partir-de-2-de-marco\/"]}]},{"@type":"BreadcrumbList","@id":"https:\/\/www.sinpro-rio.org.br\/principal\/professores-da-gama-filho-paralisam-as-atividades-a-partir-de-2-de-marco\/#breadcrumb","itemListElement":[{"@type":"ListItem","position":1,"name":"In\u00edcio","item":"https:\/\/www.sinpro-rio.org.br\/principal\/"},{"@type":"ListItem","position":2,"name":"Professores da Gama Filho paralisam as atividades a partir de 2 de mar\u00e7o"}]},{"@type":"WebSite","@id":"https:\/\/www.sinpro-rio.org.br\/principal\/#website","url":"https:\/\/www.sinpro-rio.org.br\/principal\/","name":"Sinpro-Rio","description":"Sindicato dos Professores do Munic\u00edpio do Rio de Janeiro e Regi\u00e3o","potentialAction":[{"@type":"SearchAction","target":{"@type":"EntryPoint","urlTemplate":"https:\/\/www.sinpro-rio.org.br\/principal\/?s={search_term_string}"},"query-input":{"@type":"PropertyValueSpecification","valueRequired":true,"valueName":"search_term_string"}}],"inLanguage":"pt-BR"},{"@type":"Person","@id":"https:\/\/www.sinpro-rio.org.br\/principal\/#\/schema\/person\/49feb585a2f57a31a6bd9f16f78e5be6","name":"rafaelrjp","image":{"@type":"ImageObject","inLanguage":"pt-BR","@id":"https:\/\/www.sinpro-rio.org.br\/principal\/#\/schema\/person\/image\/","url":"https:\/\/secure.gravatar.com\/avatar\/489371a0ba4655c340b519882c68cf68?s=96&d=mm&r=g","contentUrl":"https:\/\/secure.gravatar.com\/avatar\/489371a0ba4655c340b519882c68cf68?s=96&d=mm&r=g","caption":"rafaelrjp"},"url":"https:\/\/www.sinpro-rio.org.br\/principal\/author\/rafaelrjp\/"}]}},"_links":{"self":[{"href":"https:\/\/www.sinpro-rio.org.br\/principal\/wp-json\/wp\/v2\/posts\/20903","targetHints":{"allow":["GET"]}}],"collection":[{"href":"https:\/\/www.sinpro-rio.org.br\/principal\/wp-json\/wp\/v2\/posts"}],"about":[{"href":"https:\/\/www.sinpro-rio.org.br\/principal\/wp-json\/wp\/v2\/types\/post"}],"author":[{"embeddable":true,"href":"https:\/\/www.sinpro-rio.org.br\/principal\/wp-json\/wp\/v2\/users\/1"}],"replies":[{"embeddable":true,"href":"https:\/\/www.sinpro-rio.org.br\/principal\/wp-json\/wp\/v2\/comments?post=20903"}],"version-history":[{"count":0,"href":"https:\/\/www.sinpro-rio.org.br\/principal\/wp-json\/wp\/v2\/posts\/20903\/revisions"}],"wp:attachment":[{"href":"https:\/\/www.sinpro-rio.org.br\/principal\/wp-json\/wp\/v2\/media?parent=20903"}],"wp:term":[{"taxonomy":"category","embeddable":true,"href":"https:\/\/www.sinpro-rio.org.br\/principal\/wp-json\/wp\/v2\/categories?post=20903"},{"taxonomy":"post_tag","embeddable":true,"href":"https:\/\/www.sinpro-rio.org.br\/principal\/wp-json\/wp\/v2\/tags?post=20903"}],"curies":[{"name":"wp","href":"https:\/\/api.w.org\/{rel}","templated":true}]}}