{"id":20896,"date":"2009-01-01T00:00:00","date_gmt":"2009-01-01T00:00:00","guid":{"rendered":""},"modified":"-0001-11-30T00:00:00","modified_gmt":"-0001-11-30T03:00:00","slug":"sinpro-rio-discute-a-america","status":"publish","type":"post","link":"https:\/\/www.sinpro-rio.org.br\/principal\/sinpro-rio-discute-a-america\/","title":{"rendered":"Sinpro-Rio discute a Am\u00e9rica"},"content":{"rendered":"<div class=\"alvo1\">\n<p>O Sindicato dos Professores do Rio de Janeiro (Sinpro-Rio), atrav\u00e9s da Escola do Professor, ir\u00e1 discutir nosso continente em 2009, dentro do F\u00f3rum Am\u00e9rica, dividido em quatro encontros. Neste primeiro semestre, quando ocorrem dois deles. Todos os encontros acontecer\u00e3o na Sede Centro (Rua Pedro Lessa, 35, audit\u00f3rio, 2\u00ba andar) e, posteriormente, no audit\u00f3rio da Subsede de Campo Grande (Rua Mana\u00ed, 180). O foco central do evento ser\u00e1 EUA e Cuba. Os EUA ser\u00e3o tema de discuss\u00e3o nos dias 25\/3 \u00e0s 18h30; e 27\/3 \u00e0s 19h. J\u00e1 Cuba estar\u00e1 no centro dos debates nos dias 1\u00b0\/6 \u00e0s 18h30; e 5\/6 \u00e0s 19h. O evento \u00e9 gratuito.<\/p>\n<p>Para debater a elei\u00e7\u00e3o de Barack Obama, a pol\u00edtica externa norte-americana &#8211; principalmente no que tange \u00e0 Am\u00e9rica Latina &#8211; e o papel da maior pot\u00eancia econ\u00f4mica mundial diante da crise, o Sinpro-Rio convidou o doutor em Sociologia pela USP, Carlos Eduardo Martins. Carlos Eduardo tamb\u00e9m \u00e9 professor-colaborador do Departamento de Ci\u00eancia Pol\u00edtica da UFF e pesquisador do grupo de trabalho sobre EUA da Clacso. No encontro que acontecer\u00e1 na sede do Centro, tamb\u00e9m estar\u00e1 presente o professor de Economia Pol\u00edtica Internacional da UFRJ, Jos\u00e9 Luiz Fiori.<\/p>\n<p>J\u00e1 para falar sobre Revolu\u00e7\u00e3o Cubana, mudan\u00e7as na pol\u00edtica da ilha caribenha ao longo dos anos e perspectivas para o futuro os palestrantes ser\u00e3o Daniel Aar\u00e3o Reis, doutor em Hist\u00f3ria Social pela USP e professor da UFF e Theot\u00f4nio dos Santos, doutor em Economia, professor da UFF e coordenador da C\u00e1tedra da Unesco. Theot\u00f4nio tamb\u00e9m \u00e9 membro do corpo editorial do Monitor Mercantil.<\/p>\n<p>Mais informa\u00e7\u00f5es pelo telefone 3262-3440 ou aqui <\/p>\n<\/div>\n","protected":false},"excerpt":{"rendered":"<p>O Sindicato dos Professores do Rio de Janeiro (Sinpro-Rio), atrav\u00e9s da Escola do Professor, ir\u00e1 discutir nosso continente em 2009, dentro do F\u00f3rum Am\u00e9rica, dividido em quatro encontros. Neste primeiro semestre, quando ocorrem dois deles. Todos os encontros acontecer\u00e3o na Sede Centro (Rua Pedro Lessa, 35, audit\u00f3rio, 2\u00ba andar) e, posteriormente, no audit\u00f3rio da Subsede [&hellip;]<\/p>\n","protected":false},"author":1,"featured_media":0,"comment_status":"closed","ping_status":"open","sticky":false,"template":"","format":"standard","meta":{"footnotes":""},"categories":[1],"tags":[],"class_list":["post-20896","post","type-post","status-publish","format-standard","hentry","category-noticias"],"yoast_head":"<!-- This site is optimized with the Yoast SEO plugin v25.7 - https:\/\/yoast.com\/wordpress\/plugins\/seo\/ -->\n<title>Sinpro-Rio discute a Am\u00e9rica - Sinpro-Rio<\/title>\n<meta name=\"robots\" content=\"index, follow, max-snippet:-1, max-image-preview:large, max-video-preview:-1\" \/>\n<link rel=\"canonical\" href=\"https:\/\/www.sinpro-rio.org.br\/principal\/sinpro-rio-discute-a-america\/\" \/>\n<meta property=\"og:locale\" content=\"pt_BR\" \/>\n<meta property=\"og:type\" content=\"article\" \/>\n<meta property=\"og:title\" content=\"Sinpro-Rio discute a Am\u00e9rica - Sinpro-Rio\" \/>\n<meta property=\"og:description\" content=\"O Sindicato dos Professores do Rio de Janeiro (Sinpro-Rio), atrav\u00e9s da Escola do Professor, ir\u00e1 discutir nosso continente em 2009, dentro do F\u00f3rum Am\u00e9rica, dividido em quatro encontros. Neste primeiro semestre, quando ocorrem dois deles. Todos os encontros acontecer\u00e3o na Sede Centro (Rua Pedro Lessa, 35, audit\u00f3rio, 2\u00ba andar) e, posteriormente, no audit\u00f3rio da Subsede [&hellip;]\" \/>\n<meta property=\"og:url\" content=\"https:\/\/www.sinpro-rio.org.br\/principal\/sinpro-rio-discute-a-america\/\" \/>\n<meta property=\"og:site_name\" content=\"Sinpro-Rio\" \/>\n<meta property=\"article:published_time\" content=\"2009-01-01T00:00:00+00:00\" \/>\n<meta name=\"author\" content=\"rafaelrjp\" \/>\n<meta name=\"twitter:card\" content=\"summary_large_image\" \/>\n<meta name=\"twitter:label1\" content=\"Escrito por\" \/>\n\t<meta name=\"twitter:data1\" content=\"rafaelrjp\" \/>\n\t<meta name=\"twitter:label2\" content=\"Est. tempo de leitura\" \/>\n\t<meta name=\"twitter:data2\" content=\"1 minuto\" \/>\n<script type=\"application\/ld+json\" class=\"yoast-schema-graph\">{\"@context\":\"https:\/\/schema.org\",\"@graph\":[{\"@type\":\"WebPage\",\"@id\":\"https:\/\/www.sinpro-rio.org.br\/principal\/sinpro-rio-discute-a-america\/\",\"url\":\"https:\/\/www.sinpro-rio.org.br\/principal\/sinpro-rio-discute-a-america\/\",\"name\":\"Sinpro-Rio discute a Am\u00e9rica - Sinpro-Rio\",\"isPartOf\":{\"@id\":\"https:\/\/www.sinpro-rio.org.br\/principal\/#website\"},\"datePublished\":\"2009-01-01T00:00:00+00:00\",\"author\":{\"@id\":\"https:\/\/www.sinpro-rio.org.br\/principal\/#\/schema\/person\/49feb585a2f57a31a6bd9f16f78e5be6\"},\"breadcrumb\":{\"@id\":\"https:\/\/www.sinpro-rio.org.br\/principal\/sinpro-rio-discute-a-america\/#breadcrumb\"},\"inLanguage\":\"pt-BR\",\"potentialAction\":[{\"@type\":\"ReadAction\",\"target\":[\"https:\/\/www.sinpro-rio.org.br\/principal\/sinpro-rio-discute-a-america\/\"]}]},{\"@type\":\"BreadcrumbList\",\"@id\":\"https:\/\/www.sinpro-rio.org.br\/principal\/sinpro-rio-discute-a-america\/#breadcrumb\",\"itemListElement\":[{\"@type\":\"ListItem\",\"position\":1,\"name\":\"In\u00edcio\",\"item\":\"https:\/\/www.sinpro-rio.org.br\/principal\/\"},{\"@type\":\"ListItem\",\"position\":2,\"name\":\"Sinpro-Rio discute a Am\u00e9rica\"}]},{\"@type\":\"WebSite\",\"@id\":\"https:\/\/www.sinpro-rio.org.br\/principal\/#website\",\"url\":\"https:\/\/www.sinpro-rio.org.br\/principal\/\",\"name\":\"Sinpro-Rio\",\"description\":\"Sindicato dos Professores do Munic\u00edpio do Rio de Janeiro e Regi\u00e3o\",\"potentialAction\":[{\"@type\":\"SearchAction\",\"target\":{\"@type\":\"EntryPoint\",\"urlTemplate\":\"https:\/\/www.sinpro-rio.org.br\/principal\/?s={search_term_string}\"},\"query-input\":{\"@type\":\"PropertyValueSpecification\",\"valueRequired\":true,\"valueName\":\"search_term_string\"}}],\"inLanguage\":\"pt-BR\"},{\"@type\":\"Person\",\"@id\":\"https:\/\/www.sinpro-rio.org.br\/principal\/#\/schema\/person\/49feb585a2f57a31a6bd9f16f78e5be6\",\"name\":\"rafaelrjp\",\"image\":{\"@type\":\"ImageObject\",\"inLanguage\":\"pt-BR\",\"@id\":\"https:\/\/www.sinpro-rio.org.br\/principal\/#\/schema\/person\/image\/\",\"url\":\"https:\/\/secure.gravatar.com\/avatar\/489371a0ba4655c340b519882c68cf68?s=96&d=mm&r=g\",\"contentUrl\":\"https:\/\/secure.gravatar.com\/avatar\/489371a0ba4655c340b519882c68cf68?s=96&d=mm&r=g\",\"caption\":\"rafaelrjp\"},\"url\":\"https:\/\/www.sinpro-rio.org.br\/principal\/author\/rafaelrjp\/\"}]}<\/script>\n<!-- \/ Yoast SEO plugin. -->","yoast_head_json":{"title":"Sinpro-Rio discute a Am\u00e9rica - Sinpro-Rio","robots":{"index":"index","follow":"follow","max-snippet":"max-snippet:-1","max-image-preview":"max-image-preview:large","max-video-preview":"max-video-preview:-1"},"canonical":"https:\/\/www.sinpro-rio.org.br\/principal\/sinpro-rio-discute-a-america\/","og_locale":"pt_BR","og_type":"article","og_title":"Sinpro-Rio discute a Am\u00e9rica - Sinpro-Rio","og_description":"O Sindicato dos Professores do Rio de Janeiro (Sinpro-Rio), atrav\u00e9s da Escola do Professor, ir\u00e1 discutir nosso continente em 2009, dentro do F\u00f3rum Am\u00e9rica, dividido em quatro encontros. Neste primeiro semestre, quando ocorrem dois deles. Todos os encontros acontecer\u00e3o na Sede Centro (Rua Pedro Lessa, 35, audit\u00f3rio, 2\u00ba andar) e, posteriormente, no audit\u00f3rio da Subsede [&hellip;]","og_url":"https:\/\/www.sinpro-rio.org.br\/principal\/sinpro-rio-discute-a-america\/","og_site_name":"Sinpro-Rio","article_published_time":"2009-01-01T00:00:00+00:00","author":"rafaelrjp","twitter_card":"summary_large_image","twitter_misc":{"Escrito por":"rafaelrjp","Est. tempo de leitura":"1 minuto"},"schema":{"@context":"https:\/\/schema.org","@graph":[{"@type":"WebPage","@id":"https:\/\/www.sinpro-rio.org.br\/principal\/sinpro-rio-discute-a-america\/","url":"https:\/\/www.sinpro-rio.org.br\/principal\/sinpro-rio-discute-a-america\/","name":"Sinpro-Rio discute a Am\u00e9rica - Sinpro-Rio","isPartOf":{"@id":"https:\/\/www.sinpro-rio.org.br\/principal\/#website"},"datePublished":"2009-01-01T00:00:00+00:00","author":{"@id":"https:\/\/www.sinpro-rio.org.br\/principal\/#\/schema\/person\/49feb585a2f57a31a6bd9f16f78e5be6"},"breadcrumb":{"@id":"https:\/\/www.sinpro-rio.org.br\/principal\/sinpro-rio-discute-a-america\/#breadcrumb"},"inLanguage":"pt-BR","potentialAction":[{"@type":"ReadAction","target":["https:\/\/www.sinpro-rio.org.br\/principal\/sinpro-rio-discute-a-america\/"]}]},{"@type":"BreadcrumbList","@id":"https:\/\/www.sinpro-rio.org.br\/principal\/sinpro-rio-discute-a-america\/#breadcrumb","itemListElement":[{"@type":"ListItem","position":1,"name":"In\u00edcio","item":"https:\/\/www.sinpro-rio.org.br\/principal\/"},{"@type":"ListItem","position":2,"name":"Sinpro-Rio discute a Am\u00e9rica"}]},{"@type":"WebSite","@id":"https:\/\/www.sinpro-rio.org.br\/principal\/#website","url":"https:\/\/www.sinpro-rio.org.br\/principal\/","name":"Sinpro-Rio","description":"Sindicato dos Professores do Munic\u00edpio do Rio de Janeiro e Regi\u00e3o","potentialAction":[{"@type":"SearchAction","target":{"@type":"EntryPoint","urlTemplate":"https:\/\/www.sinpro-rio.org.br\/principal\/?s={search_term_string}"},"query-input":{"@type":"PropertyValueSpecification","valueRequired":true,"valueName":"search_term_string"}}],"inLanguage":"pt-BR"},{"@type":"Person","@id":"https:\/\/www.sinpro-rio.org.br\/principal\/#\/schema\/person\/49feb585a2f57a31a6bd9f16f78e5be6","name":"rafaelrjp","image":{"@type":"ImageObject","inLanguage":"pt-BR","@id":"https:\/\/www.sinpro-rio.org.br\/principal\/#\/schema\/person\/image\/","url":"https:\/\/secure.gravatar.com\/avatar\/489371a0ba4655c340b519882c68cf68?s=96&d=mm&r=g","contentUrl":"https:\/\/secure.gravatar.com\/avatar\/489371a0ba4655c340b519882c68cf68?s=96&d=mm&r=g","caption":"rafaelrjp"},"url":"https:\/\/www.sinpro-rio.org.br\/principal\/author\/rafaelrjp\/"}]}},"_links":{"self":[{"href":"https:\/\/www.sinpro-rio.org.br\/principal\/wp-json\/wp\/v2\/posts\/20896","targetHints":{"allow":["GET"]}}],"collection":[{"href":"https:\/\/www.sinpro-rio.org.br\/principal\/wp-json\/wp\/v2\/posts"}],"about":[{"href":"https:\/\/www.sinpro-rio.org.br\/principal\/wp-json\/wp\/v2\/types\/post"}],"author":[{"embeddable":true,"href":"https:\/\/www.sinpro-rio.org.br\/principal\/wp-json\/wp\/v2\/users\/1"}],"replies":[{"embeddable":true,"href":"https:\/\/www.sinpro-rio.org.br\/principal\/wp-json\/wp\/v2\/comments?post=20896"}],"version-history":[{"count":0,"href":"https:\/\/www.sinpro-rio.org.br\/principal\/wp-json\/wp\/v2\/posts\/20896\/revisions"}],"wp:attachment":[{"href":"https:\/\/www.sinpro-rio.org.br\/principal\/wp-json\/wp\/v2\/media?parent=20896"}],"wp:term":[{"taxonomy":"category","embeddable":true,"href":"https:\/\/www.sinpro-rio.org.br\/principal\/wp-json\/wp\/v2\/categories?post=20896"},{"taxonomy":"post_tag","embeddable":true,"href":"https:\/\/www.sinpro-rio.org.br\/principal\/wp-json\/wp\/v2\/tags?post=20896"}],"curies":[{"name":"wp","href":"https:\/\/api.w.org\/{rel}","templated":true}]}}