{"id":20889,"date":"2009-01-01T00:00:00","date_gmt":"2009-01-01T00:00:00","guid":{"rendered":""},"modified":"-0001-11-30T00:00:00","modified_gmt":"-0001-11-30T03:00:00","slug":"greve-na-ucam-continua-nova-assembleia-e-marcada-e-proposta-de-greve-e-ampliada","status":"publish","type":"post","link":"https:\/\/www.sinpro-rio.org.br\/principal\/greve-na-ucam-continua-nova-assembleia-e-marcada-e-proposta-de-greve-e-ampliada\/","title":{"rendered":"Greve na Ucam continua &#8211; Nova assembleia \u00e9 marcada e proposta de greve \u00e9 ampliada"},"content":{"rendered":"<div class=\"alvo1\">\n<p>De forma quase un\u00e2nime &#8211; com quatro absten\u00e7\u00f5es e nenhum voto contra &#8211; ficou decidido, em assembleia, hoje pela manh\u00e3 (9\/3), que a paralisa\u00e7\u00e3o de professores e funcion\u00e1rios da C\u00e2ndido Mendes continua. Um ato p\u00fablico, seguido de uma nova assembl\u00e9ia, ser\u00e1 realizado na pr\u00f3xima quinta-feira \u00e0s 11h. Tamb\u00e9m ficou acordado a amplia\u00e7\u00e3o das exig\u00eancias da greve, incluindo nela a reestrutura\u00e7\u00e3o da institui\u00e7\u00e3o. Os professores tamb\u00e9m aprovaram a cria\u00e7\u00e3o de uma comiss\u00e3o, para avaliar as propostas do reitor C\u00e2ndido Mendes.<\/p>\n<p>Durante a assembl\u00e9ia, foi lida uma proposta de calend\u00e1rio de pagamento de sal\u00e1rios atrasados, enviada por e-mail pelo reitor C\u00e2ndido Mendes. Um dos pontos de disc\u00f3rdia, por parte dos professores, foi o item que previa que s\u00f3 haveria pagamento aos professores se houvesse receita suficiente. Ainda de acordo com e-mail, caso n\u00e3o houvesse receita, uma comiss\u00e3o de professores decidiria onde os cortes iriam ocorrer.<\/p>\n<p>Mas este n\u00e3o foi o \u00fanico ponto criticado pelos professores da Ucam. Segundo eles, al\u00e9m do reitor n\u00e3o garantir que n\u00e3o haver\u00e1 retalia\u00e7\u00e3o aos professores que aderiram \u00e1 greve, a justificativa de que o atrasos de sal\u00e1rios derivam da inadimpl\u00eancia dos alunos \u00e9 descabida:<\/p>\n<p>&#8220;Existe inadimpl\u00eancia em toda institui\u00e7\u00e3o de ensino. A inadimpl\u00eancia deveria fazer parte do or\u00e7amento.&#8221; &#8211; Justificou o professor Navarro que leciona mat\u00e9ria nos cursos de Administra\u00e7\u00e3o e Economia da Ucam.<\/p>\n<p>Veja as fotos do Ato P\u00fablico, realizado antes da assembleia aqui <\/p>\n<\/div>\n","protected":false},"excerpt":{"rendered":"<p>De forma quase un\u00e2nime &#8211; com quatro absten\u00e7\u00f5es e nenhum voto contra &#8211; ficou decidido, em assembleia, hoje pela manh\u00e3 (9\/3), que a paralisa\u00e7\u00e3o de professores e funcion\u00e1rios da C\u00e2ndido Mendes continua. Um ato p\u00fablico, seguido de uma nova assembl\u00e9ia, ser\u00e1 realizado na pr\u00f3xima quinta-feira \u00e0s 11h. Tamb\u00e9m ficou acordado a amplia\u00e7\u00e3o das exig\u00eancias da [&hellip;]<\/p>\n","protected":false},"author":1,"featured_media":0,"comment_status":"closed","ping_status":"open","sticky":false,"template":"","format":"standard","meta":{"footnotes":""},"categories":[1],"tags":[],"class_list":["post-20889","post","type-post","status-publish","format-standard","hentry","category-noticias"],"yoast_head":"<!-- This site is optimized with the Yoast SEO plugin v25.7 - https:\/\/yoast.com\/wordpress\/plugins\/seo\/ -->\n<title>Greve na Ucam continua - Nova assembleia \u00e9 marcada e proposta de greve \u00e9 ampliada - Sinpro-Rio<\/title>\n<meta name=\"robots\" content=\"index, follow, max-snippet:-1, max-image-preview:large, max-video-preview:-1\" \/>\n<link rel=\"canonical\" href=\"https:\/\/www.sinpro-rio.org.br\/principal\/greve-na-ucam-continua-nova-assembleia-e-marcada-e-proposta-de-greve-e-ampliada\/\" \/>\n<meta property=\"og:locale\" content=\"pt_BR\" \/>\n<meta property=\"og:type\" content=\"article\" \/>\n<meta property=\"og:title\" content=\"Greve na Ucam continua - Nova assembleia \u00e9 marcada e proposta de greve \u00e9 ampliada - Sinpro-Rio\" \/>\n<meta property=\"og:description\" content=\"De forma quase un\u00e2nime &#8211; com quatro absten\u00e7\u00f5es e nenhum voto contra &#8211; ficou decidido, em assembleia, hoje pela manh\u00e3 (9\/3), que a paralisa\u00e7\u00e3o de professores e funcion\u00e1rios da C\u00e2ndido Mendes continua. Um ato p\u00fablico, seguido de uma nova assembl\u00e9ia, ser\u00e1 realizado na pr\u00f3xima quinta-feira \u00e0s 11h. Tamb\u00e9m ficou acordado a amplia\u00e7\u00e3o das exig\u00eancias da [&hellip;]\" \/>\n<meta property=\"og:url\" content=\"https:\/\/www.sinpro-rio.org.br\/principal\/greve-na-ucam-continua-nova-assembleia-e-marcada-e-proposta-de-greve-e-ampliada\/\" \/>\n<meta property=\"og:site_name\" content=\"Sinpro-Rio\" \/>\n<meta property=\"article:published_time\" content=\"2009-01-01T00:00:00+00:00\" \/>\n<meta name=\"author\" content=\"rafaelrjp\" \/>\n<meta name=\"twitter:card\" content=\"summary_large_image\" \/>\n<meta name=\"twitter:label1\" content=\"Escrito por\" \/>\n\t<meta name=\"twitter:data1\" content=\"rafaelrjp\" \/>\n\t<meta name=\"twitter:label2\" content=\"Est. tempo de leitura\" \/>\n\t<meta name=\"twitter:data2\" content=\"1 minuto\" \/>\n<script type=\"application\/ld+json\" class=\"yoast-schema-graph\">{\"@context\":\"https:\/\/schema.org\",\"@graph\":[{\"@type\":\"WebPage\",\"@id\":\"https:\/\/www.sinpro-rio.org.br\/principal\/greve-na-ucam-continua-nova-assembleia-e-marcada-e-proposta-de-greve-e-ampliada\/\",\"url\":\"https:\/\/www.sinpro-rio.org.br\/principal\/greve-na-ucam-continua-nova-assembleia-e-marcada-e-proposta-de-greve-e-ampliada\/\",\"name\":\"Greve na Ucam continua - Nova assembleia \u00e9 marcada e proposta de greve \u00e9 ampliada - Sinpro-Rio\",\"isPartOf\":{\"@id\":\"https:\/\/www.sinpro-rio.org.br\/principal\/#website\"},\"datePublished\":\"2009-01-01T00:00:00+00:00\",\"author\":{\"@id\":\"https:\/\/www.sinpro-rio.org.br\/principal\/#\/schema\/person\/49feb585a2f57a31a6bd9f16f78e5be6\"},\"breadcrumb\":{\"@id\":\"https:\/\/www.sinpro-rio.org.br\/principal\/greve-na-ucam-continua-nova-assembleia-e-marcada-e-proposta-de-greve-e-ampliada\/#breadcrumb\"},\"inLanguage\":\"pt-BR\",\"potentialAction\":[{\"@type\":\"ReadAction\",\"target\":[\"https:\/\/www.sinpro-rio.org.br\/principal\/greve-na-ucam-continua-nova-assembleia-e-marcada-e-proposta-de-greve-e-ampliada\/\"]}]},{\"@type\":\"BreadcrumbList\",\"@id\":\"https:\/\/www.sinpro-rio.org.br\/principal\/greve-na-ucam-continua-nova-assembleia-e-marcada-e-proposta-de-greve-e-ampliada\/#breadcrumb\",\"itemListElement\":[{\"@type\":\"ListItem\",\"position\":1,\"name\":\"In\u00edcio\",\"item\":\"https:\/\/www.sinpro-rio.org.br\/principal\/\"},{\"@type\":\"ListItem\",\"position\":2,\"name\":\"Greve na Ucam continua &#8211; Nova assembleia \u00e9 marcada e proposta de greve \u00e9 ampliada\"}]},{\"@type\":\"WebSite\",\"@id\":\"https:\/\/www.sinpro-rio.org.br\/principal\/#website\",\"url\":\"https:\/\/www.sinpro-rio.org.br\/principal\/\",\"name\":\"Sinpro-Rio\",\"description\":\"Sindicato dos Professores do Munic\u00edpio do Rio de Janeiro e Regi\u00e3o\",\"potentialAction\":[{\"@type\":\"SearchAction\",\"target\":{\"@type\":\"EntryPoint\",\"urlTemplate\":\"https:\/\/www.sinpro-rio.org.br\/principal\/?s={search_term_string}\"},\"query-input\":{\"@type\":\"PropertyValueSpecification\",\"valueRequired\":true,\"valueName\":\"search_term_string\"}}],\"inLanguage\":\"pt-BR\"},{\"@type\":\"Person\",\"@id\":\"https:\/\/www.sinpro-rio.org.br\/principal\/#\/schema\/person\/49feb585a2f57a31a6bd9f16f78e5be6\",\"name\":\"rafaelrjp\",\"image\":{\"@type\":\"ImageObject\",\"inLanguage\":\"pt-BR\",\"@id\":\"https:\/\/www.sinpro-rio.org.br\/principal\/#\/schema\/person\/image\/\",\"url\":\"https:\/\/secure.gravatar.com\/avatar\/489371a0ba4655c340b519882c68cf68?s=96&d=mm&r=g\",\"contentUrl\":\"https:\/\/secure.gravatar.com\/avatar\/489371a0ba4655c340b519882c68cf68?s=96&d=mm&r=g\",\"caption\":\"rafaelrjp\"},\"url\":\"https:\/\/www.sinpro-rio.org.br\/principal\/author\/rafaelrjp\/\"}]}<\/script>\n<!-- \/ Yoast SEO plugin. -->","yoast_head_json":{"title":"Greve na Ucam continua - Nova assembleia \u00e9 marcada e proposta de greve \u00e9 ampliada - Sinpro-Rio","robots":{"index":"index","follow":"follow","max-snippet":"max-snippet:-1","max-image-preview":"max-image-preview:large","max-video-preview":"max-video-preview:-1"},"canonical":"https:\/\/www.sinpro-rio.org.br\/principal\/greve-na-ucam-continua-nova-assembleia-e-marcada-e-proposta-de-greve-e-ampliada\/","og_locale":"pt_BR","og_type":"article","og_title":"Greve na Ucam continua - Nova assembleia \u00e9 marcada e proposta de greve \u00e9 ampliada - Sinpro-Rio","og_description":"De forma quase un\u00e2nime &#8211; com quatro absten\u00e7\u00f5es e nenhum voto contra &#8211; ficou decidido, em assembleia, hoje pela manh\u00e3 (9\/3), que a paralisa\u00e7\u00e3o de professores e funcion\u00e1rios da C\u00e2ndido Mendes continua. Um ato p\u00fablico, seguido de uma nova assembl\u00e9ia, ser\u00e1 realizado na pr\u00f3xima quinta-feira \u00e0s 11h. Tamb\u00e9m ficou acordado a amplia\u00e7\u00e3o das exig\u00eancias da [&hellip;]","og_url":"https:\/\/www.sinpro-rio.org.br\/principal\/greve-na-ucam-continua-nova-assembleia-e-marcada-e-proposta-de-greve-e-ampliada\/","og_site_name":"Sinpro-Rio","article_published_time":"2009-01-01T00:00:00+00:00","author":"rafaelrjp","twitter_card":"summary_large_image","twitter_misc":{"Escrito por":"rafaelrjp","Est. tempo de leitura":"1 minuto"},"schema":{"@context":"https:\/\/schema.org","@graph":[{"@type":"WebPage","@id":"https:\/\/www.sinpro-rio.org.br\/principal\/greve-na-ucam-continua-nova-assembleia-e-marcada-e-proposta-de-greve-e-ampliada\/","url":"https:\/\/www.sinpro-rio.org.br\/principal\/greve-na-ucam-continua-nova-assembleia-e-marcada-e-proposta-de-greve-e-ampliada\/","name":"Greve na Ucam continua - Nova assembleia \u00e9 marcada e proposta de greve \u00e9 ampliada - Sinpro-Rio","isPartOf":{"@id":"https:\/\/www.sinpro-rio.org.br\/principal\/#website"},"datePublished":"2009-01-01T00:00:00+00:00","author":{"@id":"https:\/\/www.sinpro-rio.org.br\/principal\/#\/schema\/person\/49feb585a2f57a31a6bd9f16f78e5be6"},"breadcrumb":{"@id":"https:\/\/www.sinpro-rio.org.br\/principal\/greve-na-ucam-continua-nova-assembleia-e-marcada-e-proposta-de-greve-e-ampliada\/#breadcrumb"},"inLanguage":"pt-BR","potentialAction":[{"@type":"ReadAction","target":["https:\/\/www.sinpro-rio.org.br\/principal\/greve-na-ucam-continua-nova-assembleia-e-marcada-e-proposta-de-greve-e-ampliada\/"]}]},{"@type":"BreadcrumbList","@id":"https:\/\/www.sinpro-rio.org.br\/principal\/greve-na-ucam-continua-nova-assembleia-e-marcada-e-proposta-de-greve-e-ampliada\/#breadcrumb","itemListElement":[{"@type":"ListItem","position":1,"name":"In\u00edcio","item":"https:\/\/www.sinpro-rio.org.br\/principal\/"},{"@type":"ListItem","position":2,"name":"Greve na Ucam continua &#8211; Nova assembleia \u00e9 marcada e proposta de greve \u00e9 ampliada"}]},{"@type":"WebSite","@id":"https:\/\/www.sinpro-rio.org.br\/principal\/#website","url":"https:\/\/www.sinpro-rio.org.br\/principal\/","name":"Sinpro-Rio","description":"Sindicato dos Professores do Munic\u00edpio do Rio de Janeiro e Regi\u00e3o","potentialAction":[{"@type":"SearchAction","target":{"@type":"EntryPoint","urlTemplate":"https:\/\/www.sinpro-rio.org.br\/principal\/?s={search_term_string}"},"query-input":{"@type":"PropertyValueSpecification","valueRequired":true,"valueName":"search_term_string"}}],"inLanguage":"pt-BR"},{"@type":"Person","@id":"https:\/\/www.sinpro-rio.org.br\/principal\/#\/schema\/person\/49feb585a2f57a31a6bd9f16f78e5be6","name":"rafaelrjp","image":{"@type":"ImageObject","inLanguage":"pt-BR","@id":"https:\/\/www.sinpro-rio.org.br\/principal\/#\/schema\/person\/image\/","url":"https:\/\/secure.gravatar.com\/avatar\/489371a0ba4655c340b519882c68cf68?s=96&d=mm&r=g","contentUrl":"https:\/\/secure.gravatar.com\/avatar\/489371a0ba4655c340b519882c68cf68?s=96&d=mm&r=g","caption":"rafaelrjp"},"url":"https:\/\/www.sinpro-rio.org.br\/principal\/author\/rafaelrjp\/"}]}},"_links":{"self":[{"href":"https:\/\/www.sinpro-rio.org.br\/principal\/wp-json\/wp\/v2\/posts\/20889","targetHints":{"allow":["GET"]}}],"collection":[{"href":"https:\/\/www.sinpro-rio.org.br\/principal\/wp-json\/wp\/v2\/posts"}],"about":[{"href":"https:\/\/www.sinpro-rio.org.br\/principal\/wp-json\/wp\/v2\/types\/post"}],"author":[{"embeddable":true,"href":"https:\/\/www.sinpro-rio.org.br\/principal\/wp-json\/wp\/v2\/users\/1"}],"replies":[{"embeddable":true,"href":"https:\/\/www.sinpro-rio.org.br\/principal\/wp-json\/wp\/v2\/comments?post=20889"}],"version-history":[{"count":0,"href":"https:\/\/www.sinpro-rio.org.br\/principal\/wp-json\/wp\/v2\/posts\/20889\/revisions"}],"wp:attachment":[{"href":"https:\/\/www.sinpro-rio.org.br\/principal\/wp-json\/wp\/v2\/media?parent=20889"}],"wp:term":[{"taxonomy":"category","embeddable":true,"href":"https:\/\/www.sinpro-rio.org.br\/principal\/wp-json\/wp\/v2\/categories?post=20889"},{"taxonomy":"post_tag","embeddable":true,"href":"https:\/\/www.sinpro-rio.org.br\/principal\/wp-json\/wp\/v2\/tags?post=20889"}],"curies":[{"name":"wp","href":"https:\/\/api.w.org\/{rel}","templated":true}]}}