{"id":20886,"date":"2009-01-01T00:00:00","date_gmt":"2009-01-01T00:00:00","guid":{"rendered":""},"modified":"-0001-11-30T00:00:00","modified_gmt":"-0001-11-30T03:00:00","slug":"copap-realiza-seminario-em-homenagem-ao-dia-da-mulher","status":"publish","type":"post","link":"https:\/\/www.sinpro-rio.org.br\/principal\/copap-realiza-seminario-em-homenagem-ao-dia-da-mulher\/","title":{"rendered":"Copap realiza semin\u00e1rio em homenagem ao dia da mulher"},"content":{"rendered":"<div class=\"alvo1\">\n<p>No dia 13 de mar\u00e7o, Comiss\u00e3o de Aposentados e Pensionista do Sinpro-Rio (Copap) realizou o semin\u00e1rio &#8220;Hist\u00f3ria, Sa\u00fade e Beleza&#8221;, em comemora\u00e7\u00e3o ao Dia Internacional da Mulher (8\/03), na Sede do Sindicato.<\/p>\n<p>O evento contou com a presen\u00e7a da diretora da Faculdade de Educa\u00e7\u00e3o da Uerj, professora Lia Faria; da ju\u00edza federal, Dr\u00aa Salete Macaloz; da professora de Educa\u00e7\u00e3o Especial (Seduc-RJ), Adriana Silvestre; da ginecologista e oncologista, Ana C\u00e9lia Rimer; da diretora do Instituto de Educa\u00e7\u00e3o, Sandra Santos; e do grupo &#8220;Simplemente Poesia&#8221;.<\/p>\n<p>Na mesa de abertura, estavam presentes o presidente do Sinpro-Rio, professor Wanderley Qu\u00eado; o vice, Francilio Paes Leme; e a presidente da Copap, Adalgiza Burity. Qu\u00eado, em seu discurso falou que o evento \u00e9 propicio para categoria fazer uma reflex\u00e3o e uma futura a\u00e7\u00e3o sobre as quest\u00f5es abordadas. Segundo o presidente, quem luta e participa tem mais chances de ter sa\u00fade para enfrentar o dia a dia docente. Francilio disse se tratar de um dia hist\u00f3rico para o Sindicato por lotar o audit\u00f3rio de mulheres e por conta do preconceito que a sociedade tem n\u00e3o s\u00f3 com elas mas tamb\u00e9m com os aposentados.<\/p>\n<p>A primeira palestra do evento foi da ju\u00edza federal, Dr\u00aa Salete Macaloz, que falou sobre os temas &#8220;Lei Maria da Penha&#8221; e &#8220;Mulher superando obst\u00e1culos&#8221;. Na palestra, foi feita uma an\u00e1lise da lei, que prioriza a bandeira da viol\u00eancia dom\u00e9stica em rela\u00e7\u00e3o a mulher e cria mecanismos para coibir essa viol\u00eancia.<\/p>\n<p>Segundo a magistrada, em linha gerais, quando se diz &#8220;viol\u00eancia dom\u00e9stica&#8221;, se lembra de pai ou filha ou marido e mulher. &#8220;Esse tipo de agress\u00e3o \u00e9 a ponta do iceberg, n\u00e3o existe s\u00f3 esse tipo&#8221;, enfatizou a ju\u00edza. A Dr\u00aa Salete tamb\u00e9m explanou sobre as novidades na Lei Maria da Penha, que tem for\u00e7a e imp\u00f5e assist\u00eancia, acolhimento, transporte para a mulher agredida.<\/p>\n<p>A ju\u00edza ainda lembrou que os tipos de viol\u00eancia contra a mulher podem ser de ordem ps\u00edquica, fisiol\u00f3gica, moral, patrimonial e sexual. Dr\u00aa Salete finalizou afirmando que a lei possui um aspecto positivo ao definir pol\u00edticas p\u00fablicas, medidas para preven\u00e7\u00e3o e erradica\u00e7\u00e3o da viol\u00eancia contra a mulher. A ju\u00edza enfatizou que essa erradica\u00e7\u00e3o passa pela fam\u00edlia e pela escola.<\/p>\n<p>Em seguida, quem falou foi a professora Lia Faria, diretora da Faculdade de Educa\u00e7\u00e3o da Uerj. Lia tratou do movimento feminista no Brasil, relembrando grandes combatentes do machismo vigente, ainda hoje, no nosso pa\u00eds. A professora tamb\u00e9m tra\u00e7ou um panorama das pol\u00edticas p\u00fablicas que assistem \u00e0 mulher brasileira.<\/p>\n<p>A professora Adriana Silvestre, de Educa\u00e7\u00e3o Especial do Seduc, foi quem deu continuidade ao semin\u00e1rio. Adriana contou um pouco de sua experi\u00eancia de vida, da perda da vis\u00e3o aos 28 anos &#8211; em fun\u00e7\u00e3o do diabetes &#8211; e da carreira como professora com defici\u00eancia visual. A plateia se comoveu bastante com o relato de Adriana, que representa a for\u00e7a da mulher neste semin\u00e1rio comemorativo.<\/p>\n<p>Na parte da tarde, as palestrantes foram a ginecologista e oncologista, Ana C\u00e9lia Rimer; e a diretora do Instituto de Educa\u00e7\u00e3o, Sandra Santos. Em linhas gerais, Ana C\u00e9lia falou sobre preven\u00e7\u00e3o, do sistema reprodutor, das mamas e de DST. A ginecologista enfatizou que exames preventivos n\u00e3o t\u00eam idade certa para serem feitos: &#8220;Enquanto se estiver vivo, \u00e9 preciso prevenir&#8221;.<\/p>\n<p>J\u00e1 Sandra Santos tratou do papel da mulher na carreira de docente. Sandra falou sobre o estigma que paira sobre as professoras de que eles devem se dedicar aos anos iniciais da educa\u00e7\u00e3o, deixando os anos finais para os homens. &#8220;Isto est\u00e1 mudando. Hoje, muitas mulheres est\u00e3o no Doutorado e muitos homens na Educa\u00e7\u00e3o Infantil&#8221;, ponderou Sandra.<\/p>\n<p>A diretora do Instituto de Educa\u00e7\u00e3o tamb\u00e9m criticou aqueles que veem o Mestrado ou Doutorado como carreira: &#8220;\u00c9 preciso que um professor possa ser doutor em educa\u00e7\u00e3o infantil, sem que precise abandonar a creche, atr\u00e1s de um sal\u00e1rio melhor&#8221;.<\/p>\n<p>Veja as fotos do semin\u00e1rio aqui <\/p>\n<\/div>\n","protected":false},"excerpt":{"rendered":"<p>No dia 13 de mar\u00e7o, Comiss\u00e3o de Aposentados e Pensionista do Sinpro-Rio (Copap) realizou o semin\u00e1rio &#8220;Hist\u00f3ria, Sa\u00fade e Beleza&#8221;, em comemora\u00e7\u00e3o ao Dia Internacional da Mulher (8\/03), na Sede do Sindicato. O evento contou com a presen\u00e7a da diretora da Faculdade de Educa\u00e7\u00e3o da Uerj, professora Lia Faria; da ju\u00edza federal, Dr\u00aa Salete Macaloz; [&hellip;]<\/p>\n","protected":false},"author":1,"featured_media":0,"comment_status":"closed","ping_status":"open","sticky":false,"template":"","format":"standard","meta":{"footnotes":""},"categories":[1],"tags":[],"class_list":["post-20886","post","type-post","status-publish","format-standard","hentry","category-noticias"],"yoast_head":"<!-- This site is optimized with the Yoast SEO plugin v25.7 - https:\/\/yoast.com\/wordpress\/plugins\/seo\/ -->\n<title>Copap realiza semin\u00e1rio em homenagem ao dia da mulher - Sinpro-Rio<\/title>\n<meta name=\"robots\" content=\"index, follow, max-snippet:-1, max-image-preview:large, max-video-preview:-1\" \/>\n<link rel=\"canonical\" href=\"https:\/\/www.sinpro-rio.org.br\/principal\/copap-realiza-seminario-em-homenagem-ao-dia-da-mulher\/\" \/>\n<meta property=\"og:locale\" content=\"pt_BR\" \/>\n<meta property=\"og:type\" content=\"article\" \/>\n<meta property=\"og:title\" content=\"Copap realiza semin\u00e1rio em homenagem ao dia da mulher - Sinpro-Rio\" \/>\n<meta property=\"og:description\" content=\"No dia 13 de mar\u00e7o, Comiss\u00e3o de Aposentados e Pensionista do Sinpro-Rio (Copap) realizou o semin\u00e1rio &#8220;Hist\u00f3ria, Sa\u00fade e Beleza&#8221;, em comemora\u00e7\u00e3o ao Dia Internacional da Mulher (8\/03), na Sede do Sindicato. O evento contou com a presen\u00e7a da diretora da Faculdade de Educa\u00e7\u00e3o da Uerj, professora Lia Faria; da ju\u00edza federal, Dr\u00aa Salete Macaloz; [&hellip;]\" \/>\n<meta property=\"og:url\" content=\"https:\/\/www.sinpro-rio.org.br\/principal\/copap-realiza-seminario-em-homenagem-ao-dia-da-mulher\/\" \/>\n<meta property=\"og:site_name\" content=\"Sinpro-Rio\" \/>\n<meta property=\"article:published_time\" content=\"2009-01-01T00:00:00+00:00\" \/>\n<meta name=\"author\" content=\"rafaelrjp\" \/>\n<meta name=\"twitter:card\" content=\"summary_large_image\" \/>\n<meta name=\"twitter:label1\" content=\"Escrito por\" \/>\n\t<meta name=\"twitter:data1\" content=\"rafaelrjp\" \/>\n\t<meta name=\"twitter:label2\" content=\"Est. tempo de leitura\" \/>\n\t<meta name=\"twitter:data2\" content=\"4 minutos\" \/>\n<script type=\"application\/ld+json\" class=\"yoast-schema-graph\">{\"@context\":\"https:\/\/schema.org\",\"@graph\":[{\"@type\":\"WebPage\",\"@id\":\"https:\/\/www.sinpro-rio.org.br\/principal\/copap-realiza-seminario-em-homenagem-ao-dia-da-mulher\/\",\"url\":\"https:\/\/www.sinpro-rio.org.br\/principal\/copap-realiza-seminario-em-homenagem-ao-dia-da-mulher\/\",\"name\":\"Copap realiza semin\u00e1rio em homenagem ao dia da mulher - Sinpro-Rio\",\"isPartOf\":{\"@id\":\"https:\/\/www.sinpro-rio.org.br\/principal\/#website\"},\"datePublished\":\"2009-01-01T00:00:00+00:00\",\"author\":{\"@id\":\"https:\/\/www.sinpro-rio.org.br\/principal\/#\/schema\/person\/49feb585a2f57a31a6bd9f16f78e5be6\"},\"breadcrumb\":{\"@id\":\"https:\/\/www.sinpro-rio.org.br\/principal\/copap-realiza-seminario-em-homenagem-ao-dia-da-mulher\/#breadcrumb\"},\"inLanguage\":\"pt-BR\",\"potentialAction\":[{\"@type\":\"ReadAction\",\"target\":[\"https:\/\/www.sinpro-rio.org.br\/principal\/copap-realiza-seminario-em-homenagem-ao-dia-da-mulher\/\"]}]},{\"@type\":\"BreadcrumbList\",\"@id\":\"https:\/\/www.sinpro-rio.org.br\/principal\/copap-realiza-seminario-em-homenagem-ao-dia-da-mulher\/#breadcrumb\",\"itemListElement\":[{\"@type\":\"ListItem\",\"position\":1,\"name\":\"In\u00edcio\",\"item\":\"https:\/\/www.sinpro-rio.org.br\/principal\/\"},{\"@type\":\"ListItem\",\"position\":2,\"name\":\"Copap realiza semin\u00e1rio em homenagem ao dia da mulher\"}]},{\"@type\":\"WebSite\",\"@id\":\"https:\/\/www.sinpro-rio.org.br\/principal\/#website\",\"url\":\"https:\/\/www.sinpro-rio.org.br\/principal\/\",\"name\":\"Sinpro-Rio\",\"description\":\"Sindicato dos Professores do Munic\u00edpio do Rio de Janeiro e Regi\u00e3o\",\"potentialAction\":[{\"@type\":\"SearchAction\",\"target\":{\"@type\":\"EntryPoint\",\"urlTemplate\":\"https:\/\/www.sinpro-rio.org.br\/principal\/?s={search_term_string}\"},\"query-input\":{\"@type\":\"PropertyValueSpecification\",\"valueRequired\":true,\"valueName\":\"search_term_string\"}}],\"inLanguage\":\"pt-BR\"},{\"@type\":\"Person\",\"@id\":\"https:\/\/www.sinpro-rio.org.br\/principal\/#\/schema\/person\/49feb585a2f57a31a6bd9f16f78e5be6\",\"name\":\"rafaelrjp\",\"image\":{\"@type\":\"ImageObject\",\"inLanguage\":\"pt-BR\",\"@id\":\"https:\/\/www.sinpro-rio.org.br\/principal\/#\/schema\/person\/image\/\",\"url\":\"https:\/\/secure.gravatar.com\/avatar\/489371a0ba4655c340b519882c68cf68?s=96&d=mm&r=g\",\"contentUrl\":\"https:\/\/secure.gravatar.com\/avatar\/489371a0ba4655c340b519882c68cf68?s=96&d=mm&r=g\",\"caption\":\"rafaelrjp\"},\"url\":\"https:\/\/www.sinpro-rio.org.br\/principal\/author\/rafaelrjp\/\"}]}<\/script>\n<!-- \/ Yoast SEO plugin. -->","yoast_head_json":{"title":"Copap realiza semin\u00e1rio em homenagem ao dia da mulher - Sinpro-Rio","robots":{"index":"index","follow":"follow","max-snippet":"max-snippet:-1","max-image-preview":"max-image-preview:large","max-video-preview":"max-video-preview:-1"},"canonical":"https:\/\/www.sinpro-rio.org.br\/principal\/copap-realiza-seminario-em-homenagem-ao-dia-da-mulher\/","og_locale":"pt_BR","og_type":"article","og_title":"Copap realiza semin\u00e1rio em homenagem ao dia da mulher - Sinpro-Rio","og_description":"No dia 13 de mar\u00e7o, Comiss\u00e3o de Aposentados e Pensionista do Sinpro-Rio (Copap) realizou o semin\u00e1rio &#8220;Hist\u00f3ria, Sa\u00fade e Beleza&#8221;, em comemora\u00e7\u00e3o ao Dia Internacional da Mulher (8\/03), na Sede do Sindicato. O evento contou com a presen\u00e7a da diretora da Faculdade de Educa\u00e7\u00e3o da Uerj, professora Lia Faria; da ju\u00edza federal, Dr\u00aa Salete Macaloz; [&hellip;]","og_url":"https:\/\/www.sinpro-rio.org.br\/principal\/copap-realiza-seminario-em-homenagem-ao-dia-da-mulher\/","og_site_name":"Sinpro-Rio","article_published_time":"2009-01-01T00:00:00+00:00","author":"rafaelrjp","twitter_card":"summary_large_image","twitter_misc":{"Escrito por":"rafaelrjp","Est. tempo de leitura":"4 minutos"},"schema":{"@context":"https:\/\/schema.org","@graph":[{"@type":"WebPage","@id":"https:\/\/www.sinpro-rio.org.br\/principal\/copap-realiza-seminario-em-homenagem-ao-dia-da-mulher\/","url":"https:\/\/www.sinpro-rio.org.br\/principal\/copap-realiza-seminario-em-homenagem-ao-dia-da-mulher\/","name":"Copap realiza semin\u00e1rio em homenagem ao dia da mulher - Sinpro-Rio","isPartOf":{"@id":"https:\/\/www.sinpro-rio.org.br\/principal\/#website"},"datePublished":"2009-01-01T00:00:00+00:00","author":{"@id":"https:\/\/www.sinpro-rio.org.br\/principal\/#\/schema\/person\/49feb585a2f57a31a6bd9f16f78e5be6"},"breadcrumb":{"@id":"https:\/\/www.sinpro-rio.org.br\/principal\/copap-realiza-seminario-em-homenagem-ao-dia-da-mulher\/#breadcrumb"},"inLanguage":"pt-BR","potentialAction":[{"@type":"ReadAction","target":["https:\/\/www.sinpro-rio.org.br\/principal\/copap-realiza-seminario-em-homenagem-ao-dia-da-mulher\/"]}]},{"@type":"BreadcrumbList","@id":"https:\/\/www.sinpro-rio.org.br\/principal\/copap-realiza-seminario-em-homenagem-ao-dia-da-mulher\/#breadcrumb","itemListElement":[{"@type":"ListItem","position":1,"name":"In\u00edcio","item":"https:\/\/www.sinpro-rio.org.br\/principal\/"},{"@type":"ListItem","position":2,"name":"Copap realiza semin\u00e1rio em homenagem ao dia da mulher"}]},{"@type":"WebSite","@id":"https:\/\/www.sinpro-rio.org.br\/principal\/#website","url":"https:\/\/www.sinpro-rio.org.br\/principal\/","name":"Sinpro-Rio","description":"Sindicato dos Professores do Munic\u00edpio do Rio de Janeiro e Regi\u00e3o","potentialAction":[{"@type":"SearchAction","target":{"@type":"EntryPoint","urlTemplate":"https:\/\/www.sinpro-rio.org.br\/principal\/?s={search_term_string}"},"query-input":{"@type":"PropertyValueSpecification","valueRequired":true,"valueName":"search_term_string"}}],"inLanguage":"pt-BR"},{"@type":"Person","@id":"https:\/\/www.sinpro-rio.org.br\/principal\/#\/schema\/person\/49feb585a2f57a31a6bd9f16f78e5be6","name":"rafaelrjp","image":{"@type":"ImageObject","inLanguage":"pt-BR","@id":"https:\/\/www.sinpro-rio.org.br\/principal\/#\/schema\/person\/image\/","url":"https:\/\/secure.gravatar.com\/avatar\/489371a0ba4655c340b519882c68cf68?s=96&d=mm&r=g","contentUrl":"https:\/\/secure.gravatar.com\/avatar\/489371a0ba4655c340b519882c68cf68?s=96&d=mm&r=g","caption":"rafaelrjp"},"url":"https:\/\/www.sinpro-rio.org.br\/principal\/author\/rafaelrjp\/"}]}},"_links":{"self":[{"href":"https:\/\/www.sinpro-rio.org.br\/principal\/wp-json\/wp\/v2\/posts\/20886","targetHints":{"allow":["GET"]}}],"collection":[{"href":"https:\/\/www.sinpro-rio.org.br\/principal\/wp-json\/wp\/v2\/posts"}],"about":[{"href":"https:\/\/www.sinpro-rio.org.br\/principal\/wp-json\/wp\/v2\/types\/post"}],"author":[{"embeddable":true,"href":"https:\/\/www.sinpro-rio.org.br\/principal\/wp-json\/wp\/v2\/users\/1"}],"replies":[{"embeddable":true,"href":"https:\/\/www.sinpro-rio.org.br\/principal\/wp-json\/wp\/v2\/comments?post=20886"}],"version-history":[{"count":0,"href":"https:\/\/www.sinpro-rio.org.br\/principal\/wp-json\/wp\/v2\/posts\/20886\/revisions"}],"wp:attachment":[{"href":"https:\/\/www.sinpro-rio.org.br\/principal\/wp-json\/wp\/v2\/media?parent=20886"}],"wp:term":[{"taxonomy":"category","embeddable":true,"href":"https:\/\/www.sinpro-rio.org.br\/principal\/wp-json\/wp\/v2\/categories?post=20886"},{"taxonomy":"post_tag","embeddable":true,"href":"https:\/\/www.sinpro-rio.org.br\/principal\/wp-json\/wp\/v2\/tags?post=20886"}],"curies":[{"name":"wp","href":"https:\/\/api.w.org\/{rel}","templated":true}]}}