{"id":20871,"date":"2009-01-01T00:00:00","date_gmt":"2009-01-01T00:00:00","guid":{"rendered":""},"modified":"-0001-11-30T00:00:00","modified_gmt":"-0001-11-30T03:00:00","slug":"sinpro-rio-realiza-primeiro-encontro-do-forum-america","status":"publish","type":"post","link":"https:\/\/www.sinpro-rio.org.br\/principal\/sinpro-rio-realiza-primeiro-encontro-do-forum-america\/","title":{"rendered":"Sinpro-Rio realiza primeiro encontro do F\u00f3rum Am\u00e9rica"},"content":{"rendered":"<div class=\"alvo1\">\n<p>No dia 25 de mar\u00e7o, foi realizado, na Sede do Sinpro-Rio, o primeiro encontro do F\u00f3rum Am\u00e9rica. O evento, com quatro edi\u00e7\u00f5es, tem por objetivo debater os fen\u00f4menos pol\u00edticos, econ\u00f4micos e sociais ocorridos nos \u00faltimos anos em nosso continente, avaliar as iniciativas que visam \u00e0 integra\u00e7\u00e3o dos pa\u00edses da Am\u00e9rica Am\u00e9rica Latina e o papel do Brasil nesse processo.<\/p>\n<p>Nesta primeira edi\u00e7\u00e3o, foram convidados para o debate sobre o tema Estados Unidos, os professores Carlos Pinkusfield (mestre pela UFRJ, PhD pela New School University e professor adjunto da UFF), Cesar Guimar\u00e3es (pesquisador do Iuperj e diretor de Ensino da Escola de Pol\u00edticas P\u00fablicas e Governo) e Carlos Eduardo Martins (doutor em Sociologia\/USP; professor-colaborador do Departamento de Ci\u00eancia Pol\u00edtica\/UFF e pesquisador do grupo de trabalho sobre Estados Unidos da Clacso).<\/p>\n<p>Ap\u00f3s as exposi\u00e7\u00f5es dos docentes, o p\u00fablico fez perguntas para os convidados. Estiveram presentes cerca de 70 pessoas. Dentre elas, o professor Jeison Oliveira, que achou bem importante esse tipo de discuss\u00e3o. Segundo ele, que participou ativamente com perguntas para os palestrantes, deveria haver mais debates com temas mais espec\u00edficos. Outra professora que elogiou o encontro, uma iniciativa da Escola do Professor, foi Celina Ferreira. Segundo a educadora, atualmente com tantos meios de comunica\u00e7\u00e3o, \u00e9 importante debater as informa\u00e7\u00f5es.<\/p>\n<p>&#8211; N\u00f3s, professores, necessitamos da informa\u00e7\u00e3o. Somos questionadores e repassamos o cont\u00e9udo &#8211; enfatizou, sobre a import\u00e2ncia da participa\u00e7\u00e3o em eventos como este.<\/p>\n<p>Veja algumas fotos aqui <\/p>\n<\/div>\n","protected":false},"excerpt":{"rendered":"<p>No dia 25 de mar\u00e7o, foi realizado, na Sede do Sinpro-Rio, o primeiro encontro do F\u00f3rum Am\u00e9rica. O evento, com quatro edi\u00e7\u00f5es, tem por objetivo debater os fen\u00f4menos pol\u00edticos, econ\u00f4micos e sociais ocorridos nos \u00faltimos anos em nosso continente, avaliar as iniciativas que visam \u00e0 integra\u00e7\u00e3o dos pa\u00edses da Am\u00e9rica Am\u00e9rica Latina e o papel [&hellip;]<\/p>\n","protected":false},"author":1,"featured_media":0,"comment_status":"closed","ping_status":"open","sticky":false,"template":"","format":"standard","meta":{"footnotes":""},"categories":[1],"tags":[],"class_list":["post-20871","post","type-post","status-publish","format-standard","hentry","category-noticias"],"yoast_head":"<!-- This site is optimized with the Yoast SEO plugin v25.7 - https:\/\/yoast.com\/wordpress\/plugins\/seo\/ -->\n<title>Sinpro-Rio realiza primeiro encontro do F\u00f3rum Am\u00e9rica - Sinpro-Rio<\/title>\n<meta name=\"robots\" content=\"index, follow, max-snippet:-1, max-image-preview:large, max-video-preview:-1\" \/>\n<link rel=\"canonical\" href=\"https:\/\/www.sinpro-rio.org.br\/principal\/sinpro-rio-realiza-primeiro-encontro-do-forum-america\/\" \/>\n<meta property=\"og:locale\" content=\"pt_BR\" \/>\n<meta property=\"og:type\" content=\"article\" \/>\n<meta property=\"og:title\" content=\"Sinpro-Rio realiza primeiro encontro do F\u00f3rum Am\u00e9rica - Sinpro-Rio\" \/>\n<meta property=\"og:description\" content=\"No dia 25 de mar\u00e7o, foi realizado, na Sede do Sinpro-Rio, o primeiro encontro do F\u00f3rum Am\u00e9rica. O evento, com quatro edi\u00e7\u00f5es, tem por objetivo debater os fen\u00f4menos pol\u00edticos, econ\u00f4micos e sociais ocorridos nos \u00faltimos anos em nosso continente, avaliar as iniciativas que visam \u00e0 integra\u00e7\u00e3o dos pa\u00edses da Am\u00e9rica Am\u00e9rica Latina e o papel [&hellip;]\" \/>\n<meta property=\"og:url\" content=\"https:\/\/www.sinpro-rio.org.br\/principal\/sinpro-rio-realiza-primeiro-encontro-do-forum-america\/\" \/>\n<meta property=\"og:site_name\" content=\"Sinpro-Rio\" \/>\n<meta property=\"article:published_time\" content=\"2009-01-01T00:00:00+00:00\" \/>\n<meta name=\"author\" content=\"rafaelrjp\" \/>\n<meta name=\"twitter:card\" content=\"summary_large_image\" \/>\n<meta name=\"twitter:label1\" content=\"Escrito por\" \/>\n\t<meta name=\"twitter:data1\" content=\"rafaelrjp\" \/>\n\t<meta name=\"twitter:label2\" content=\"Est. tempo de leitura\" \/>\n\t<meta name=\"twitter:data2\" content=\"1 minuto\" \/>\n<script type=\"application\/ld+json\" class=\"yoast-schema-graph\">{\"@context\":\"https:\/\/schema.org\",\"@graph\":[{\"@type\":\"WebPage\",\"@id\":\"https:\/\/www.sinpro-rio.org.br\/principal\/sinpro-rio-realiza-primeiro-encontro-do-forum-america\/\",\"url\":\"https:\/\/www.sinpro-rio.org.br\/principal\/sinpro-rio-realiza-primeiro-encontro-do-forum-america\/\",\"name\":\"Sinpro-Rio realiza primeiro encontro do F\u00f3rum Am\u00e9rica - Sinpro-Rio\",\"isPartOf\":{\"@id\":\"https:\/\/www.sinpro-rio.org.br\/principal\/#website\"},\"datePublished\":\"2009-01-01T00:00:00+00:00\",\"author\":{\"@id\":\"https:\/\/www.sinpro-rio.org.br\/principal\/#\/schema\/person\/49feb585a2f57a31a6bd9f16f78e5be6\"},\"breadcrumb\":{\"@id\":\"https:\/\/www.sinpro-rio.org.br\/principal\/sinpro-rio-realiza-primeiro-encontro-do-forum-america\/#breadcrumb\"},\"inLanguage\":\"pt-BR\",\"potentialAction\":[{\"@type\":\"ReadAction\",\"target\":[\"https:\/\/www.sinpro-rio.org.br\/principal\/sinpro-rio-realiza-primeiro-encontro-do-forum-america\/\"]}]},{\"@type\":\"BreadcrumbList\",\"@id\":\"https:\/\/www.sinpro-rio.org.br\/principal\/sinpro-rio-realiza-primeiro-encontro-do-forum-america\/#breadcrumb\",\"itemListElement\":[{\"@type\":\"ListItem\",\"position\":1,\"name\":\"In\u00edcio\",\"item\":\"https:\/\/www.sinpro-rio.org.br\/principal\/\"},{\"@type\":\"ListItem\",\"position\":2,\"name\":\"Sinpro-Rio realiza primeiro encontro do F\u00f3rum Am\u00e9rica\"}]},{\"@type\":\"WebSite\",\"@id\":\"https:\/\/www.sinpro-rio.org.br\/principal\/#website\",\"url\":\"https:\/\/www.sinpro-rio.org.br\/principal\/\",\"name\":\"Sinpro-Rio\",\"description\":\"Sindicato dos Professores do Munic\u00edpio do Rio de Janeiro e Regi\u00e3o\",\"potentialAction\":[{\"@type\":\"SearchAction\",\"target\":{\"@type\":\"EntryPoint\",\"urlTemplate\":\"https:\/\/www.sinpro-rio.org.br\/principal\/?s={search_term_string}\"},\"query-input\":{\"@type\":\"PropertyValueSpecification\",\"valueRequired\":true,\"valueName\":\"search_term_string\"}}],\"inLanguage\":\"pt-BR\"},{\"@type\":\"Person\",\"@id\":\"https:\/\/www.sinpro-rio.org.br\/principal\/#\/schema\/person\/49feb585a2f57a31a6bd9f16f78e5be6\",\"name\":\"rafaelrjp\",\"image\":{\"@type\":\"ImageObject\",\"inLanguage\":\"pt-BR\",\"@id\":\"https:\/\/www.sinpro-rio.org.br\/principal\/#\/schema\/person\/image\/\",\"url\":\"https:\/\/secure.gravatar.com\/avatar\/489371a0ba4655c340b519882c68cf68?s=96&d=mm&r=g\",\"contentUrl\":\"https:\/\/secure.gravatar.com\/avatar\/489371a0ba4655c340b519882c68cf68?s=96&d=mm&r=g\",\"caption\":\"rafaelrjp\"},\"url\":\"https:\/\/www.sinpro-rio.org.br\/principal\/author\/rafaelrjp\/\"}]}<\/script>\n<!-- \/ Yoast SEO plugin. -->","yoast_head_json":{"title":"Sinpro-Rio realiza primeiro encontro do F\u00f3rum Am\u00e9rica - Sinpro-Rio","robots":{"index":"index","follow":"follow","max-snippet":"max-snippet:-1","max-image-preview":"max-image-preview:large","max-video-preview":"max-video-preview:-1"},"canonical":"https:\/\/www.sinpro-rio.org.br\/principal\/sinpro-rio-realiza-primeiro-encontro-do-forum-america\/","og_locale":"pt_BR","og_type":"article","og_title":"Sinpro-Rio realiza primeiro encontro do F\u00f3rum Am\u00e9rica - Sinpro-Rio","og_description":"No dia 25 de mar\u00e7o, foi realizado, na Sede do Sinpro-Rio, o primeiro encontro do F\u00f3rum Am\u00e9rica. O evento, com quatro edi\u00e7\u00f5es, tem por objetivo debater os fen\u00f4menos pol\u00edticos, econ\u00f4micos e sociais ocorridos nos \u00faltimos anos em nosso continente, avaliar as iniciativas que visam \u00e0 integra\u00e7\u00e3o dos pa\u00edses da Am\u00e9rica Am\u00e9rica Latina e o papel [&hellip;]","og_url":"https:\/\/www.sinpro-rio.org.br\/principal\/sinpro-rio-realiza-primeiro-encontro-do-forum-america\/","og_site_name":"Sinpro-Rio","article_published_time":"2009-01-01T00:00:00+00:00","author":"rafaelrjp","twitter_card":"summary_large_image","twitter_misc":{"Escrito por":"rafaelrjp","Est. tempo de leitura":"1 minuto"},"schema":{"@context":"https:\/\/schema.org","@graph":[{"@type":"WebPage","@id":"https:\/\/www.sinpro-rio.org.br\/principal\/sinpro-rio-realiza-primeiro-encontro-do-forum-america\/","url":"https:\/\/www.sinpro-rio.org.br\/principal\/sinpro-rio-realiza-primeiro-encontro-do-forum-america\/","name":"Sinpro-Rio realiza primeiro encontro do F\u00f3rum Am\u00e9rica - Sinpro-Rio","isPartOf":{"@id":"https:\/\/www.sinpro-rio.org.br\/principal\/#website"},"datePublished":"2009-01-01T00:00:00+00:00","author":{"@id":"https:\/\/www.sinpro-rio.org.br\/principal\/#\/schema\/person\/49feb585a2f57a31a6bd9f16f78e5be6"},"breadcrumb":{"@id":"https:\/\/www.sinpro-rio.org.br\/principal\/sinpro-rio-realiza-primeiro-encontro-do-forum-america\/#breadcrumb"},"inLanguage":"pt-BR","potentialAction":[{"@type":"ReadAction","target":["https:\/\/www.sinpro-rio.org.br\/principal\/sinpro-rio-realiza-primeiro-encontro-do-forum-america\/"]}]},{"@type":"BreadcrumbList","@id":"https:\/\/www.sinpro-rio.org.br\/principal\/sinpro-rio-realiza-primeiro-encontro-do-forum-america\/#breadcrumb","itemListElement":[{"@type":"ListItem","position":1,"name":"In\u00edcio","item":"https:\/\/www.sinpro-rio.org.br\/principal\/"},{"@type":"ListItem","position":2,"name":"Sinpro-Rio realiza primeiro encontro do F\u00f3rum Am\u00e9rica"}]},{"@type":"WebSite","@id":"https:\/\/www.sinpro-rio.org.br\/principal\/#website","url":"https:\/\/www.sinpro-rio.org.br\/principal\/","name":"Sinpro-Rio","description":"Sindicato dos Professores do Munic\u00edpio do Rio de Janeiro e Regi\u00e3o","potentialAction":[{"@type":"SearchAction","target":{"@type":"EntryPoint","urlTemplate":"https:\/\/www.sinpro-rio.org.br\/principal\/?s={search_term_string}"},"query-input":{"@type":"PropertyValueSpecification","valueRequired":true,"valueName":"search_term_string"}}],"inLanguage":"pt-BR"},{"@type":"Person","@id":"https:\/\/www.sinpro-rio.org.br\/principal\/#\/schema\/person\/49feb585a2f57a31a6bd9f16f78e5be6","name":"rafaelrjp","image":{"@type":"ImageObject","inLanguage":"pt-BR","@id":"https:\/\/www.sinpro-rio.org.br\/principal\/#\/schema\/person\/image\/","url":"https:\/\/secure.gravatar.com\/avatar\/489371a0ba4655c340b519882c68cf68?s=96&d=mm&r=g","contentUrl":"https:\/\/secure.gravatar.com\/avatar\/489371a0ba4655c340b519882c68cf68?s=96&d=mm&r=g","caption":"rafaelrjp"},"url":"https:\/\/www.sinpro-rio.org.br\/principal\/author\/rafaelrjp\/"}]}},"_links":{"self":[{"href":"https:\/\/www.sinpro-rio.org.br\/principal\/wp-json\/wp\/v2\/posts\/20871","targetHints":{"allow":["GET"]}}],"collection":[{"href":"https:\/\/www.sinpro-rio.org.br\/principal\/wp-json\/wp\/v2\/posts"}],"about":[{"href":"https:\/\/www.sinpro-rio.org.br\/principal\/wp-json\/wp\/v2\/types\/post"}],"author":[{"embeddable":true,"href":"https:\/\/www.sinpro-rio.org.br\/principal\/wp-json\/wp\/v2\/users\/1"}],"replies":[{"embeddable":true,"href":"https:\/\/www.sinpro-rio.org.br\/principal\/wp-json\/wp\/v2\/comments?post=20871"}],"version-history":[{"count":0,"href":"https:\/\/www.sinpro-rio.org.br\/principal\/wp-json\/wp\/v2\/posts\/20871\/revisions"}],"wp:attachment":[{"href":"https:\/\/www.sinpro-rio.org.br\/principal\/wp-json\/wp\/v2\/media?parent=20871"}],"wp:term":[{"taxonomy":"category","embeddable":true,"href":"https:\/\/www.sinpro-rio.org.br\/principal\/wp-json\/wp\/v2\/categories?post=20871"},{"taxonomy":"post_tag","embeddable":true,"href":"https:\/\/www.sinpro-rio.org.br\/principal\/wp-json\/wp\/v2\/tags?post=20871"}],"curies":[{"name":"wp","href":"https:\/\/api.w.org\/{rel}","templated":true}]}}