{"id":20863,"date":"2009-01-01T00:00:00","date_gmt":"2009-01-01T00:00:00","guid":{"rendered":""},"modified":"-0001-11-30T00:00:00","modified_gmt":"-0001-11-30T03:00:00","slug":"ix-congresso-da-feteerj","status":"publish","type":"post","link":"https:\/\/www.sinpro-rio.org.br\/principal\/ix-congresso-da-feteerj\/","title":{"rendered":"IX Congresso da Feteerj"},"content":{"rendered":"<div class=\"alvo1\">\n<p>Entre os dias 27 e 29 de mar\u00e7o, aconteceu o IX Congresso da Federa\u00e7\u00e3o Trabalhadores em Estabelecimento Ensino do Rio de Janeiro (Feteerj), em Nova Friburgo. Durante o evento, que elegeu a nova diretoria da Federa\u00e7\u00e3o, estiveram presentes o presidente nacional da CUT, Arthur Henrique; o vice-presidente da CUT-RJ, Darby Igayra; os dirigentes do MST, Jo\u00e3o Pedro St\u00e9dile e Ademar Bogo; as educadoras Aparecida Tiradentes, L\u00facia Neves e Glorya Ramos; e o dirigente da Contee, Jos\u00e9 Thadeu.<\/p>\n<p>Nesta edi\u00e7\u00e3o do congresso, foram debatidos temas como a Confer\u00eancia Nacional de Educa\u00e7\u00e3o (Conae), o fortalecimento dos sindicatos filiados \u00e0 Feteerj e a rela\u00e7\u00e3o da Federa\u00e7\u00e3o com a Contee e as centrais sindicais.<\/p>\n<p>O IX Congresso da Feteerj tamb\u00e9m homenageou L\u00e9lia Gonzales que, por sua atua\u00e7\u00e3o marcante na defesa do povo negro, em geral, e, especificamente, da mulher negra, atuou como desencadeadora das mais importantes propostas de atua\u00e7\u00e3o do Movimento Negro Brasileiro. Participou da cria\u00e7\u00e3o do Instituto de Pesquisas das Culturas Negras (IPCN-RJ); do Movimento Negro Unificado (MNU), em n\u00edvel nacional; do Nzinga Coletivo de Mulheres Negras-RJ; e do Olodum-BA, dentre outros.<\/p>\n<p>Veja a rela\u00e7\u00e3o completa da nova diretoria aqui e as fotos aqui <\/p>\n<\/div>\n","protected":false},"excerpt":{"rendered":"<p>Entre os dias 27 e 29 de mar\u00e7o, aconteceu o IX Congresso da Federa\u00e7\u00e3o Trabalhadores em Estabelecimento Ensino do Rio de Janeiro (Feteerj), em Nova Friburgo. Durante o evento, que elegeu a nova diretoria da Federa\u00e7\u00e3o, estiveram presentes o presidente nacional da CUT, Arthur Henrique; o vice-presidente da CUT-RJ, Darby Igayra; os dirigentes do MST, [&hellip;]<\/p>\n","protected":false},"author":1,"featured_media":0,"comment_status":"closed","ping_status":"open","sticky":false,"template":"","format":"standard","meta":{"footnotes":""},"categories":[1],"tags":[],"class_list":["post-20863","post","type-post","status-publish","format-standard","hentry","category-noticias"],"yoast_head":"<!-- This site is optimized with the Yoast SEO plugin v25.7 - https:\/\/yoast.com\/wordpress\/plugins\/seo\/ -->\n<title>IX Congresso da Feteerj - Sinpro-Rio<\/title>\n<meta name=\"robots\" content=\"index, follow, max-snippet:-1, max-image-preview:large, max-video-preview:-1\" \/>\n<link rel=\"canonical\" href=\"https:\/\/www.sinpro-rio.org.br\/principal\/ix-congresso-da-feteerj\/\" \/>\n<meta property=\"og:locale\" content=\"pt_BR\" \/>\n<meta property=\"og:type\" content=\"article\" \/>\n<meta property=\"og:title\" content=\"IX Congresso da Feteerj - Sinpro-Rio\" \/>\n<meta property=\"og:description\" content=\"Entre os dias 27 e 29 de mar\u00e7o, aconteceu o IX Congresso da Federa\u00e7\u00e3o Trabalhadores em Estabelecimento Ensino do Rio de Janeiro (Feteerj), em Nova Friburgo. Durante o evento, que elegeu a nova diretoria da Federa\u00e7\u00e3o, estiveram presentes o presidente nacional da CUT, Arthur Henrique; o vice-presidente da CUT-RJ, Darby Igayra; os dirigentes do MST, [&hellip;]\" \/>\n<meta property=\"og:url\" content=\"https:\/\/www.sinpro-rio.org.br\/principal\/ix-congresso-da-feteerj\/\" \/>\n<meta property=\"og:site_name\" content=\"Sinpro-Rio\" \/>\n<meta property=\"article:published_time\" content=\"2009-01-01T00:00:00+00:00\" \/>\n<meta name=\"author\" content=\"rafaelrjp\" \/>\n<meta name=\"twitter:card\" content=\"summary_large_image\" \/>\n<meta name=\"twitter:label1\" content=\"Escrito por\" \/>\n\t<meta name=\"twitter:data1\" content=\"rafaelrjp\" \/>\n\t<meta name=\"twitter:label2\" content=\"Est. tempo de leitura\" \/>\n\t<meta name=\"twitter:data2\" content=\"1 minuto\" \/>\n<script type=\"application\/ld+json\" class=\"yoast-schema-graph\">{\"@context\":\"https:\/\/schema.org\",\"@graph\":[{\"@type\":\"WebPage\",\"@id\":\"https:\/\/www.sinpro-rio.org.br\/principal\/ix-congresso-da-feteerj\/\",\"url\":\"https:\/\/www.sinpro-rio.org.br\/principal\/ix-congresso-da-feteerj\/\",\"name\":\"IX Congresso da Feteerj - Sinpro-Rio\",\"isPartOf\":{\"@id\":\"https:\/\/www.sinpro-rio.org.br\/principal\/#website\"},\"datePublished\":\"2009-01-01T00:00:00+00:00\",\"author\":{\"@id\":\"https:\/\/www.sinpro-rio.org.br\/principal\/#\/schema\/person\/49feb585a2f57a31a6bd9f16f78e5be6\"},\"breadcrumb\":{\"@id\":\"https:\/\/www.sinpro-rio.org.br\/principal\/ix-congresso-da-feteerj\/#breadcrumb\"},\"inLanguage\":\"pt-BR\",\"potentialAction\":[{\"@type\":\"ReadAction\",\"target\":[\"https:\/\/www.sinpro-rio.org.br\/principal\/ix-congresso-da-feteerj\/\"]}]},{\"@type\":\"BreadcrumbList\",\"@id\":\"https:\/\/www.sinpro-rio.org.br\/principal\/ix-congresso-da-feteerj\/#breadcrumb\",\"itemListElement\":[{\"@type\":\"ListItem\",\"position\":1,\"name\":\"In\u00edcio\",\"item\":\"https:\/\/www.sinpro-rio.org.br\/principal\/\"},{\"@type\":\"ListItem\",\"position\":2,\"name\":\"IX Congresso da Feteerj\"}]},{\"@type\":\"WebSite\",\"@id\":\"https:\/\/www.sinpro-rio.org.br\/principal\/#website\",\"url\":\"https:\/\/www.sinpro-rio.org.br\/principal\/\",\"name\":\"Sinpro-Rio\",\"description\":\"Sindicato dos Professores do Munic\u00edpio do Rio de Janeiro e Regi\u00e3o\",\"potentialAction\":[{\"@type\":\"SearchAction\",\"target\":{\"@type\":\"EntryPoint\",\"urlTemplate\":\"https:\/\/www.sinpro-rio.org.br\/principal\/?s={search_term_string}\"},\"query-input\":{\"@type\":\"PropertyValueSpecification\",\"valueRequired\":true,\"valueName\":\"search_term_string\"}}],\"inLanguage\":\"pt-BR\"},{\"@type\":\"Person\",\"@id\":\"https:\/\/www.sinpro-rio.org.br\/principal\/#\/schema\/person\/49feb585a2f57a31a6bd9f16f78e5be6\",\"name\":\"rafaelrjp\",\"image\":{\"@type\":\"ImageObject\",\"inLanguage\":\"pt-BR\",\"@id\":\"https:\/\/www.sinpro-rio.org.br\/principal\/#\/schema\/person\/image\/\",\"url\":\"https:\/\/secure.gravatar.com\/avatar\/489371a0ba4655c340b519882c68cf68?s=96&d=mm&r=g\",\"contentUrl\":\"https:\/\/secure.gravatar.com\/avatar\/489371a0ba4655c340b519882c68cf68?s=96&d=mm&r=g\",\"caption\":\"rafaelrjp\"},\"url\":\"https:\/\/www.sinpro-rio.org.br\/principal\/author\/rafaelrjp\/\"}]}<\/script>\n<!-- \/ Yoast SEO plugin. -->","yoast_head_json":{"title":"IX Congresso da Feteerj - Sinpro-Rio","robots":{"index":"index","follow":"follow","max-snippet":"max-snippet:-1","max-image-preview":"max-image-preview:large","max-video-preview":"max-video-preview:-1"},"canonical":"https:\/\/www.sinpro-rio.org.br\/principal\/ix-congresso-da-feteerj\/","og_locale":"pt_BR","og_type":"article","og_title":"IX Congresso da Feteerj - Sinpro-Rio","og_description":"Entre os dias 27 e 29 de mar\u00e7o, aconteceu o IX Congresso da Federa\u00e7\u00e3o Trabalhadores em Estabelecimento Ensino do Rio de Janeiro (Feteerj), em Nova Friburgo. Durante o evento, que elegeu a nova diretoria da Federa\u00e7\u00e3o, estiveram presentes o presidente nacional da CUT, Arthur Henrique; o vice-presidente da CUT-RJ, Darby Igayra; os dirigentes do MST, [&hellip;]","og_url":"https:\/\/www.sinpro-rio.org.br\/principal\/ix-congresso-da-feteerj\/","og_site_name":"Sinpro-Rio","article_published_time":"2009-01-01T00:00:00+00:00","author":"rafaelrjp","twitter_card":"summary_large_image","twitter_misc":{"Escrito por":"rafaelrjp","Est. tempo de leitura":"1 minuto"},"schema":{"@context":"https:\/\/schema.org","@graph":[{"@type":"WebPage","@id":"https:\/\/www.sinpro-rio.org.br\/principal\/ix-congresso-da-feteerj\/","url":"https:\/\/www.sinpro-rio.org.br\/principal\/ix-congresso-da-feteerj\/","name":"IX Congresso da Feteerj - Sinpro-Rio","isPartOf":{"@id":"https:\/\/www.sinpro-rio.org.br\/principal\/#website"},"datePublished":"2009-01-01T00:00:00+00:00","author":{"@id":"https:\/\/www.sinpro-rio.org.br\/principal\/#\/schema\/person\/49feb585a2f57a31a6bd9f16f78e5be6"},"breadcrumb":{"@id":"https:\/\/www.sinpro-rio.org.br\/principal\/ix-congresso-da-feteerj\/#breadcrumb"},"inLanguage":"pt-BR","potentialAction":[{"@type":"ReadAction","target":["https:\/\/www.sinpro-rio.org.br\/principal\/ix-congresso-da-feteerj\/"]}]},{"@type":"BreadcrumbList","@id":"https:\/\/www.sinpro-rio.org.br\/principal\/ix-congresso-da-feteerj\/#breadcrumb","itemListElement":[{"@type":"ListItem","position":1,"name":"In\u00edcio","item":"https:\/\/www.sinpro-rio.org.br\/principal\/"},{"@type":"ListItem","position":2,"name":"IX Congresso da Feteerj"}]},{"@type":"WebSite","@id":"https:\/\/www.sinpro-rio.org.br\/principal\/#website","url":"https:\/\/www.sinpro-rio.org.br\/principal\/","name":"Sinpro-Rio","description":"Sindicato dos Professores do Munic\u00edpio do Rio de Janeiro e Regi\u00e3o","potentialAction":[{"@type":"SearchAction","target":{"@type":"EntryPoint","urlTemplate":"https:\/\/www.sinpro-rio.org.br\/principal\/?s={search_term_string}"},"query-input":{"@type":"PropertyValueSpecification","valueRequired":true,"valueName":"search_term_string"}}],"inLanguage":"pt-BR"},{"@type":"Person","@id":"https:\/\/www.sinpro-rio.org.br\/principal\/#\/schema\/person\/49feb585a2f57a31a6bd9f16f78e5be6","name":"rafaelrjp","image":{"@type":"ImageObject","inLanguage":"pt-BR","@id":"https:\/\/www.sinpro-rio.org.br\/principal\/#\/schema\/person\/image\/","url":"https:\/\/secure.gravatar.com\/avatar\/489371a0ba4655c340b519882c68cf68?s=96&d=mm&r=g","contentUrl":"https:\/\/secure.gravatar.com\/avatar\/489371a0ba4655c340b519882c68cf68?s=96&d=mm&r=g","caption":"rafaelrjp"},"url":"https:\/\/www.sinpro-rio.org.br\/principal\/author\/rafaelrjp\/"}]}},"_links":{"self":[{"href":"https:\/\/www.sinpro-rio.org.br\/principal\/wp-json\/wp\/v2\/posts\/20863","targetHints":{"allow":["GET"]}}],"collection":[{"href":"https:\/\/www.sinpro-rio.org.br\/principal\/wp-json\/wp\/v2\/posts"}],"about":[{"href":"https:\/\/www.sinpro-rio.org.br\/principal\/wp-json\/wp\/v2\/types\/post"}],"author":[{"embeddable":true,"href":"https:\/\/www.sinpro-rio.org.br\/principal\/wp-json\/wp\/v2\/users\/1"}],"replies":[{"embeddable":true,"href":"https:\/\/www.sinpro-rio.org.br\/principal\/wp-json\/wp\/v2\/comments?post=20863"}],"version-history":[{"count":0,"href":"https:\/\/www.sinpro-rio.org.br\/principal\/wp-json\/wp\/v2\/posts\/20863\/revisions"}],"wp:attachment":[{"href":"https:\/\/www.sinpro-rio.org.br\/principal\/wp-json\/wp\/v2\/media?parent=20863"}],"wp:term":[{"taxonomy":"category","embeddable":true,"href":"https:\/\/www.sinpro-rio.org.br\/principal\/wp-json\/wp\/v2\/categories?post=20863"},{"taxonomy":"post_tag","embeddable":true,"href":"https:\/\/www.sinpro-rio.org.br\/principal\/wp-json\/wp\/v2\/tags?post=20863"}],"curies":[{"name":"wp","href":"https:\/\/api.w.org\/{rel}","templated":true}]}}