{"id":20850,"date":"2009-01-01T00:00:00","date_gmt":"2009-01-01T00:00:00","guid":{"rendered":""},"modified":"-0001-11-30T00:00:00","modified_gmt":"-0001-11-30T03:00:00","slug":"sinpro-rio-participa-de-audi-ncia-publica-sobre-quot-organizac-es-sociais-no-setor-de-educac-o-quot","status":"publish","type":"post","link":"https:\/\/www.sinpro-rio.org.br\/principal\/sinpro-rio-participa-de-audi-ncia-publica-sobre-quot-organizac-es-sociais-no-setor-de-educac-o-quot\/","title":{"rendered":"Sinpro-Rio participa de audi\u00eancia p\u00fablica sobre &quot;organiza\u00e7\u00f5es sociais no setor de educa\u00e7\u00e3o.&quot;"},"content":{"rendered":"<div class=\"alvo1\">\n<p>No dia 2 de abril, a C\u00e2mara Municipal do Rio de Janeiro sediou audi\u00eancia p\u00fablica sobre as organiza\u00e7\u00f5es sociais no setor de educa\u00e7\u00e3o. Promovida pela Comiss\u00e3o Permanente da Educa\u00e7\u00e3o e Cultura da C\u00e2mara &#8211; presidida pelo vereador Reimont (PT) &#8211; a audi\u00eancia teve como objetivo debater as parcerias com organiza\u00e7\u00f5es sociais da \u00e1rea educacional, tendo por base o Projeto de Lei (PL) n\u00ba 2\/2009 que prev\u00ea a realiza\u00e7\u00e3o de parcerias p\u00fablico-privadas (PPP) no \u00e2mbito da siteistra\u00e7\u00e3o municipal.<\/p>\n<p>Na mesa do debate, estiveram presentes, al\u00e9m do pr\u00f3prio Reimont, os vereadores Paulo Messina (PV) e Brizola Neto (PDT), bem como o presidente do Sinpro-Rio, professor Wanderley Qu\u00eado; a coordenadora do Sindicato dos Professores da Rede P\u00fablica (Sepe), professora Edna F\u00e9lix; e a representante do F\u00f3rum de Educa\u00e7\u00e3o Infantil do Rio de Janeiro, professora L\u00e9a Tiriba.<\/p>\n<p>Reimont abriu a audi\u00eancia lendo o PL que define as organiza\u00e7\u00f5es sociais como modelo de parceira entre sociedade e Estado, como base nas normas gerais previstas na Lei Federal n\u00ba 11.079, de 30 de dezembro de 2004.<\/p>\n<p>A maioria das interven\u00e7\u00f5es foi contr\u00e1ria \u00e0 privatiza\u00e7\u00e3o de setores essenciais. A coordenadora do Sepe, professora Edna F\u00e9lix, falou que a Prefeitura quando questionada sobre \u00e0 baixa qualidade do ensino p\u00fablico, credita o fracasso aos profissionais de educa\u00e7\u00e3o. Para Edna, o sucateamento e a falta de investimentos no setor \u00e9 que levam \u00e0 baixa qualidade na educa\u00e7\u00e3o municipal. Com rela\u00e7\u00e3o \u00e0s organiza\u00e7\u00f5es sociais, Edna F\u00e9lix afirmou que essa lei &#8220;\u00e9 um contrassenso completo&#8221;, pois vai na contram\u00e3o do cen\u00e1rio mundial, em que a iniciativa privada declina e o Estado tenta salvar as grandes empresas.<\/p>\n<p>O professor Wanderley Qu\u00eado, em sua fala, disse que o Sinpro-Rio ratifica a posi\u00e7\u00e3o do Sepe, sobre a puni\u00e7\u00e3o dos docentes pela baixa qualidade do ensino. Segundo Wanderley, a educa\u00e7\u00e3o \u00e9 um segmento estrat\u00e9gico que deveria ser p\u00fablico. Mas, como n\u00e3o \u00e9, deve ser tratada como uma concess\u00e3o e, assim, fiscalizado.<\/p>\n<p>&#8211; Defendemos que, no m\u00ednimo, a delibera\u00e7\u00e3o E\/CME n\u00ba15, que fixa normas para autoriza\u00e7\u00e3o de funcionamento de institui\u00e7\u00f5es de Educa\u00e7\u00e3o Infantil no munic\u00edpio, seja aplicada na rede privada &#8211; declarou Qu\u00eado, que, ao final, concluiu que &#8220;o Sinpro-Rio repudia toda e qualquer forma de terceiriza\u00e7\u00e3o da educa\u00e7\u00e3o&#8221;.<\/p>\n<p>Veja as fotos aqui \n<\/p>\n<\/div>\n","protected":false},"excerpt":{"rendered":"<p>No dia 2 de abril, a C\u00e2mara Municipal do Rio de Janeiro sediou audi\u00eancia p\u00fablica sobre as organiza\u00e7\u00f5es sociais no setor de educa\u00e7\u00e3o. Promovida pela Comiss\u00e3o Permanente da Educa\u00e7\u00e3o e Cultura da C\u00e2mara &#8211; presidida pelo vereador Reimont (PT) &#8211; a audi\u00eancia teve como objetivo debater as parcerias com organiza\u00e7\u00f5es sociais da \u00e1rea educacional, tendo [&hellip;]<\/p>\n","protected":false},"author":1,"featured_media":0,"comment_status":"closed","ping_status":"open","sticky":false,"template":"","format":"standard","meta":{"footnotes":""},"categories":[1],"tags":[],"class_list":["post-20850","post","type-post","status-publish","format-standard","hentry","category-noticias"],"yoast_head":"<!-- This site is optimized with the Yoast SEO plugin v25.7 - https:\/\/yoast.com\/wordpress\/plugins\/seo\/ -->\n<title>Sinpro-Rio participa de audi\u00eancia p\u00fablica sobre &quot;organiza\u00e7\u00f5es sociais no setor de educa\u00e7\u00e3o.&quot; - Sinpro-Rio<\/title>\n<meta name=\"robots\" content=\"index, follow, max-snippet:-1, max-image-preview:large, max-video-preview:-1\" \/>\n<link rel=\"canonical\" href=\"https:\/\/www.sinpro-rio.org.br\/principal\/sinpro-rio-participa-de-audi-ncia-publica-sobre-quot-organizac-es-sociais-no-setor-de-educac-o-quot\/\" \/>\n<meta property=\"og:locale\" content=\"pt_BR\" \/>\n<meta property=\"og:type\" content=\"article\" \/>\n<meta property=\"og:title\" content=\"Sinpro-Rio participa de audi\u00eancia p\u00fablica sobre &quot;organiza\u00e7\u00f5es sociais no setor de educa\u00e7\u00e3o.&quot; - Sinpro-Rio\" \/>\n<meta property=\"og:description\" content=\"No dia 2 de abril, a C\u00e2mara Municipal do Rio de Janeiro sediou audi\u00eancia p\u00fablica sobre as organiza\u00e7\u00f5es sociais no setor de educa\u00e7\u00e3o. Promovida pela Comiss\u00e3o Permanente da Educa\u00e7\u00e3o e Cultura da C\u00e2mara &#8211; presidida pelo vereador Reimont (PT) &#8211; a audi\u00eancia teve como objetivo debater as parcerias com organiza\u00e7\u00f5es sociais da \u00e1rea educacional, tendo [&hellip;]\" \/>\n<meta property=\"og:url\" content=\"https:\/\/www.sinpro-rio.org.br\/principal\/sinpro-rio-participa-de-audi-ncia-publica-sobre-quot-organizac-es-sociais-no-setor-de-educac-o-quot\/\" \/>\n<meta property=\"og:site_name\" content=\"Sinpro-Rio\" \/>\n<meta property=\"article:published_time\" content=\"2009-01-01T00:00:00+00:00\" \/>\n<meta name=\"author\" content=\"rafaelrjp\" \/>\n<meta name=\"twitter:card\" content=\"summary_large_image\" \/>\n<meta name=\"twitter:label1\" content=\"Escrito por\" \/>\n\t<meta name=\"twitter:data1\" content=\"rafaelrjp\" \/>\n\t<meta name=\"twitter:label2\" content=\"Est. tempo de leitura\" \/>\n\t<meta name=\"twitter:data2\" content=\"2 minutos\" \/>\n<script type=\"application\/ld+json\" class=\"yoast-schema-graph\">{\"@context\":\"https:\/\/schema.org\",\"@graph\":[{\"@type\":\"WebPage\",\"@id\":\"https:\/\/www.sinpro-rio.org.br\/principal\/sinpro-rio-participa-de-audi-ncia-publica-sobre-quot-organizac-es-sociais-no-setor-de-educac-o-quot\/\",\"url\":\"https:\/\/www.sinpro-rio.org.br\/principal\/sinpro-rio-participa-de-audi-ncia-publica-sobre-quot-organizac-es-sociais-no-setor-de-educac-o-quot\/\",\"name\":\"Sinpro-Rio participa de audi\u00eancia p\u00fablica sobre &quot;organiza\u00e7\u00f5es sociais no setor de educa\u00e7\u00e3o.&quot; - Sinpro-Rio\",\"isPartOf\":{\"@id\":\"https:\/\/www.sinpro-rio.org.br\/principal\/#website\"},\"datePublished\":\"2009-01-01T00:00:00+00:00\",\"author\":{\"@id\":\"https:\/\/www.sinpro-rio.org.br\/principal\/#\/schema\/person\/49feb585a2f57a31a6bd9f16f78e5be6\"},\"breadcrumb\":{\"@id\":\"https:\/\/www.sinpro-rio.org.br\/principal\/sinpro-rio-participa-de-audi-ncia-publica-sobre-quot-organizac-es-sociais-no-setor-de-educac-o-quot\/#breadcrumb\"},\"inLanguage\":\"pt-BR\",\"potentialAction\":[{\"@type\":\"ReadAction\",\"target\":[\"https:\/\/www.sinpro-rio.org.br\/principal\/sinpro-rio-participa-de-audi-ncia-publica-sobre-quot-organizac-es-sociais-no-setor-de-educac-o-quot\/\"]}]},{\"@type\":\"BreadcrumbList\",\"@id\":\"https:\/\/www.sinpro-rio.org.br\/principal\/sinpro-rio-participa-de-audi-ncia-publica-sobre-quot-organizac-es-sociais-no-setor-de-educac-o-quot\/#breadcrumb\",\"itemListElement\":[{\"@type\":\"ListItem\",\"position\":1,\"name\":\"In\u00edcio\",\"item\":\"https:\/\/www.sinpro-rio.org.br\/principal\/\"},{\"@type\":\"ListItem\",\"position\":2,\"name\":\"Sinpro-Rio participa de audi\u00eancia p\u00fablica sobre &quot;organiza\u00e7\u00f5es sociais no setor de educa\u00e7\u00e3o.&quot;\"}]},{\"@type\":\"WebSite\",\"@id\":\"https:\/\/www.sinpro-rio.org.br\/principal\/#website\",\"url\":\"https:\/\/www.sinpro-rio.org.br\/principal\/\",\"name\":\"Sinpro-Rio\",\"description\":\"Sindicato dos Professores do Munic\u00edpio do Rio de Janeiro e Regi\u00e3o\",\"potentialAction\":[{\"@type\":\"SearchAction\",\"target\":{\"@type\":\"EntryPoint\",\"urlTemplate\":\"https:\/\/www.sinpro-rio.org.br\/principal\/?s={search_term_string}\"},\"query-input\":{\"@type\":\"PropertyValueSpecification\",\"valueRequired\":true,\"valueName\":\"search_term_string\"}}],\"inLanguage\":\"pt-BR\"},{\"@type\":\"Person\",\"@id\":\"https:\/\/www.sinpro-rio.org.br\/principal\/#\/schema\/person\/49feb585a2f57a31a6bd9f16f78e5be6\",\"name\":\"rafaelrjp\",\"image\":{\"@type\":\"ImageObject\",\"inLanguage\":\"pt-BR\",\"@id\":\"https:\/\/www.sinpro-rio.org.br\/principal\/#\/schema\/person\/image\/\",\"url\":\"https:\/\/secure.gravatar.com\/avatar\/489371a0ba4655c340b519882c68cf68?s=96&d=mm&r=g\",\"contentUrl\":\"https:\/\/secure.gravatar.com\/avatar\/489371a0ba4655c340b519882c68cf68?s=96&d=mm&r=g\",\"caption\":\"rafaelrjp\"},\"url\":\"https:\/\/www.sinpro-rio.org.br\/principal\/author\/rafaelrjp\/\"}]}<\/script>\n<!-- \/ Yoast SEO plugin. -->","yoast_head_json":{"title":"Sinpro-Rio participa de audi\u00eancia p\u00fablica sobre &quot;organiza\u00e7\u00f5es sociais no setor de educa\u00e7\u00e3o.&quot; - Sinpro-Rio","robots":{"index":"index","follow":"follow","max-snippet":"max-snippet:-1","max-image-preview":"max-image-preview:large","max-video-preview":"max-video-preview:-1"},"canonical":"https:\/\/www.sinpro-rio.org.br\/principal\/sinpro-rio-participa-de-audi-ncia-publica-sobre-quot-organizac-es-sociais-no-setor-de-educac-o-quot\/","og_locale":"pt_BR","og_type":"article","og_title":"Sinpro-Rio participa de audi\u00eancia p\u00fablica sobre &quot;organiza\u00e7\u00f5es sociais no setor de educa\u00e7\u00e3o.&quot; - Sinpro-Rio","og_description":"No dia 2 de abril, a C\u00e2mara Municipal do Rio de Janeiro sediou audi\u00eancia p\u00fablica sobre as organiza\u00e7\u00f5es sociais no setor de educa\u00e7\u00e3o. Promovida pela Comiss\u00e3o Permanente da Educa\u00e7\u00e3o e Cultura da C\u00e2mara &#8211; presidida pelo vereador Reimont (PT) &#8211; a audi\u00eancia teve como objetivo debater as parcerias com organiza\u00e7\u00f5es sociais da \u00e1rea educacional, tendo [&hellip;]","og_url":"https:\/\/www.sinpro-rio.org.br\/principal\/sinpro-rio-participa-de-audi-ncia-publica-sobre-quot-organizac-es-sociais-no-setor-de-educac-o-quot\/","og_site_name":"Sinpro-Rio","article_published_time":"2009-01-01T00:00:00+00:00","author":"rafaelrjp","twitter_card":"summary_large_image","twitter_misc":{"Escrito por":"rafaelrjp","Est. tempo de leitura":"2 minutos"},"schema":{"@context":"https:\/\/schema.org","@graph":[{"@type":"WebPage","@id":"https:\/\/www.sinpro-rio.org.br\/principal\/sinpro-rio-participa-de-audi-ncia-publica-sobre-quot-organizac-es-sociais-no-setor-de-educac-o-quot\/","url":"https:\/\/www.sinpro-rio.org.br\/principal\/sinpro-rio-participa-de-audi-ncia-publica-sobre-quot-organizac-es-sociais-no-setor-de-educac-o-quot\/","name":"Sinpro-Rio participa de audi\u00eancia p\u00fablica sobre &quot;organiza\u00e7\u00f5es sociais no setor de educa\u00e7\u00e3o.&quot; - Sinpro-Rio","isPartOf":{"@id":"https:\/\/www.sinpro-rio.org.br\/principal\/#website"},"datePublished":"2009-01-01T00:00:00+00:00","author":{"@id":"https:\/\/www.sinpro-rio.org.br\/principal\/#\/schema\/person\/49feb585a2f57a31a6bd9f16f78e5be6"},"breadcrumb":{"@id":"https:\/\/www.sinpro-rio.org.br\/principal\/sinpro-rio-participa-de-audi-ncia-publica-sobre-quot-organizac-es-sociais-no-setor-de-educac-o-quot\/#breadcrumb"},"inLanguage":"pt-BR","potentialAction":[{"@type":"ReadAction","target":["https:\/\/www.sinpro-rio.org.br\/principal\/sinpro-rio-participa-de-audi-ncia-publica-sobre-quot-organizac-es-sociais-no-setor-de-educac-o-quot\/"]}]},{"@type":"BreadcrumbList","@id":"https:\/\/www.sinpro-rio.org.br\/principal\/sinpro-rio-participa-de-audi-ncia-publica-sobre-quot-organizac-es-sociais-no-setor-de-educac-o-quot\/#breadcrumb","itemListElement":[{"@type":"ListItem","position":1,"name":"In\u00edcio","item":"https:\/\/www.sinpro-rio.org.br\/principal\/"},{"@type":"ListItem","position":2,"name":"Sinpro-Rio participa de audi\u00eancia p\u00fablica sobre &quot;organiza\u00e7\u00f5es sociais no setor de educa\u00e7\u00e3o.&quot;"}]},{"@type":"WebSite","@id":"https:\/\/www.sinpro-rio.org.br\/principal\/#website","url":"https:\/\/www.sinpro-rio.org.br\/principal\/","name":"Sinpro-Rio","description":"Sindicato dos Professores do Munic\u00edpio do Rio de Janeiro e Regi\u00e3o","potentialAction":[{"@type":"SearchAction","target":{"@type":"EntryPoint","urlTemplate":"https:\/\/www.sinpro-rio.org.br\/principal\/?s={search_term_string}"},"query-input":{"@type":"PropertyValueSpecification","valueRequired":true,"valueName":"search_term_string"}}],"inLanguage":"pt-BR"},{"@type":"Person","@id":"https:\/\/www.sinpro-rio.org.br\/principal\/#\/schema\/person\/49feb585a2f57a31a6bd9f16f78e5be6","name":"rafaelrjp","image":{"@type":"ImageObject","inLanguage":"pt-BR","@id":"https:\/\/www.sinpro-rio.org.br\/principal\/#\/schema\/person\/image\/","url":"https:\/\/secure.gravatar.com\/avatar\/489371a0ba4655c340b519882c68cf68?s=96&d=mm&r=g","contentUrl":"https:\/\/secure.gravatar.com\/avatar\/489371a0ba4655c340b519882c68cf68?s=96&d=mm&r=g","caption":"rafaelrjp"},"url":"https:\/\/www.sinpro-rio.org.br\/principal\/author\/rafaelrjp\/"}]}},"_links":{"self":[{"href":"https:\/\/www.sinpro-rio.org.br\/principal\/wp-json\/wp\/v2\/posts\/20850","targetHints":{"allow":["GET"]}}],"collection":[{"href":"https:\/\/www.sinpro-rio.org.br\/principal\/wp-json\/wp\/v2\/posts"}],"about":[{"href":"https:\/\/www.sinpro-rio.org.br\/principal\/wp-json\/wp\/v2\/types\/post"}],"author":[{"embeddable":true,"href":"https:\/\/www.sinpro-rio.org.br\/principal\/wp-json\/wp\/v2\/users\/1"}],"replies":[{"embeddable":true,"href":"https:\/\/www.sinpro-rio.org.br\/principal\/wp-json\/wp\/v2\/comments?post=20850"}],"version-history":[{"count":0,"href":"https:\/\/www.sinpro-rio.org.br\/principal\/wp-json\/wp\/v2\/posts\/20850\/revisions"}],"wp:attachment":[{"href":"https:\/\/www.sinpro-rio.org.br\/principal\/wp-json\/wp\/v2\/media?parent=20850"}],"wp:term":[{"taxonomy":"category","embeddable":true,"href":"https:\/\/www.sinpro-rio.org.br\/principal\/wp-json\/wp\/v2\/categories?post=20850"},{"taxonomy":"post_tag","embeddable":true,"href":"https:\/\/www.sinpro-rio.org.br\/principal\/wp-json\/wp\/v2\/tags?post=20850"}],"curies":[{"name":"wp","href":"https:\/\/api.w.org\/{rel}","templated":true}]}}