{"id":20838,"date":"2009-01-01T00:00:00","date_gmt":"2009-01-01T00:00:00","guid":{"rendered":""},"modified":"-0001-11-30T00:00:00","modified_gmt":"-0001-11-30T03:00:00","slug":"subsede-barra-da-tijuca-recebe-a-campanha-saude-do-professor","status":"publish","type":"post","link":"https:\/\/www.sinpro-rio.org.br\/principal\/subsede-barra-da-tijuca-recebe-a-campanha-saude-do-professor\/","title":{"rendered":"Subsede Barra da Tijuca recebe a Campanha Sa\u00fade do Professor"},"content":{"rendered":"<div class=\"alvo1\">\n<p>No \u00faltimo dia 14, a campanha Sa\u00fade do Professor foi oficialmente lan\u00e7ada na Subsede da Barra. O evento teve in\u00edcio com a professora Valqu\u00edria Juncken, coordenadora da comiss\u00e3o Condi\u00e7\u00f5es de Trabalho e Sa\u00fade do Professor, explicando que a Sa\u00fade do Professor se iniciou com a Campanha da Voz e apresentando os oito principais temas abordados pela campanha: Ass\u00e9dio Moral; Agress\u00e3o F\u00edsica; Calend\u00e1rio \u00danico; Exaust\u00e3o Emocional; F\u00e9rias em Janeiro; S\u00edndrome de Burnout; al\u00e9m, \u00e9 claro, da Voz, propriamente dita.<\/p>\n<p>Em seguida, o primeiro vice-presidente, Francilio Paes Leme, falou sobre a educa\u00e7\u00e3o do Pa\u00eds, que, segundo ele, encontra-se doente por n\u00e3o ser tratada como base de um projeto de Na\u00e7\u00e3o. Franc\u00edlio disse ainda que a amea\u00e7a que a sa\u00fade do professor vem vivendo se d\u00e1 por conta das p\u00e9ssimas condi\u00e7\u00f5es de trabalho n\u00e3o s\u00f3 em sala de aula como em todo o meio ambiente de trabalho.<\/p>\n<p>Ap\u00f3s a abertura, Elaine Juncken e Sandra Korman falaram sobre a s\u00edndrome de Burnout, o cotidiano e as dificuldades da categoria, a mobiliza\u00e7\u00e3o dos professores e da sociedade, e como um projeto de vida profissional pode ajudar na autoestima.<\/p>\n<p>&#8211; Os professores respondem a muitas demandas: dos alunos, dos pais, da coordena\u00e7\u00e3o; t\u00eam sal\u00e1rios incompat\u00edveis com sua forma\u00e7\u00e3o e jornadas elevadas de trabalho; convivem com a quest\u00e3o da viol\u00eancia e o desrespeito em sala de aula; e t\u00eam dificuldades em realizar um aprimoramento profissional. Todas essas quest\u00f5es levam a um estresse laboral, que n\u00e3o \u00e9 um simples estresse, e que acaba fragilizando a sa\u00fade do professor &#8211; avaliou Elaine<\/p>\n<p>Para Sandra, &#8220;a s\u00edndrome de Burnout \u00e9 uma resposta a um estado de press\u00e3o muito grande, quando a pessoa n\u00e3o tem seus recursos individuais para enfrent\u00e1-los e acaba apresentando sinais de esgotamento e, tamb\u00e9m, por n\u00e3o saber identific\u00e1-los, acaba desenvolvendo a s\u00edndrome&#8221;. Segundo a psic\u00f3loga, uma reflex\u00e3o sobre a vida profissional e a constru\u00e7\u00e3o e a realiza\u00e7\u00e3o de um projeto voltado para essa \u00e1rea podem ajudar a enfrentar o problema.<\/p>\n<p>O advogado do Sindicato, Dr. Henrique Lopes, encerrou as explana\u00e7\u00f5es falando sobre ass\u00e9dio moral e agress\u00e3o f\u00edsica em sala de aula e no ambiente de trabalho. Para ele, o ass\u00e9dio pode ser avaliado como uma omiss\u00e3o ou a\u00e7\u00e3o abusiva por parte de quem deve representar o trabalhador, e \u00e9 caracterizado por agress\u00f5es verbais, desmoraliza\u00e7\u00e3o perante terceiros, cr\u00edticas infundadas, obriga\u00e7\u00e3o de trabalhar fora do hor\u00e1rio previsto seguida de amea\u00e7a e puni\u00e7\u00e3o, press\u00e3o para aprovar alunos, entre outros fatores. Ao final, o advogado falou o que fazer em casos como os citados: procurar anotar todos os detalhes do que acontece; dar publicidade aos professores que t\u00eam mais abertura, dividir o que est\u00e1 ocorrendo; e procurar o Sinpro-Rio para denunciar, podendo ser anonimamente tamb\u00e9m.<\/p>\n<p>Encerrando o evento, a diretora Valqu\u00edria Juncken convocou todos a assinarem os abaixo-assinados que o Sinpro-Rio est\u00e1 realizando: F\u00e9rias em janeiro de 30 dias corridos e recesso escolar de, no m\u00ednimo, 20 dias em julho; e Apoio ao Projeto de Lei 1.128\/03, do deputado Carlos Abicalil (PT-MT) que visa \u00e0 cria\u00e7\u00e3o do Programa Nacional de Sa\u00fade Vocal do Professor (PNSVP), que tem por como objetivo prevenir a ocorr\u00eancia de preju\u00edzos \u00e0 sa\u00fade vocal. <\/p>\n<\/div>\n","protected":false},"excerpt":{"rendered":"<p>No \u00faltimo dia 14, a campanha Sa\u00fade do Professor foi oficialmente lan\u00e7ada na Subsede da Barra. O evento teve in\u00edcio com a professora Valqu\u00edria Juncken, coordenadora da comiss\u00e3o Condi\u00e7\u00f5es de Trabalho e Sa\u00fade do Professor, explicando que a Sa\u00fade do Professor se iniciou com a Campanha da Voz e apresentando os oito principais temas abordados [&hellip;]<\/p>\n","protected":false},"author":1,"featured_media":0,"comment_status":"closed","ping_status":"open","sticky":false,"template":"","format":"standard","meta":{"footnotes":""},"categories":[1],"tags":[],"class_list":["post-20838","post","type-post","status-publish","format-standard","hentry","category-noticias"],"yoast_head":"<!-- This site is optimized with the Yoast SEO plugin v25.7 - https:\/\/yoast.com\/wordpress\/plugins\/seo\/ -->\n<title>Subsede Barra da Tijuca recebe a Campanha Sa\u00fade do Professor - Sinpro-Rio<\/title>\n<meta name=\"robots\" content=\"index, follow, max-snippet:-1, max-image-preview:large, max-video-preview:-1\" \/>\n<link rel=\"canonical\" href=\"https:\/\/www.sinpro-rio.org.br\/principal\/subsede-barra-da-tijuca-recebe-a-campanha-saude-do-professor\/\" \/>\n<meta property=\"og:locale\" content=\"pt_BR\" \/>\n<meta property=\"og:type\" content=\"article\" \/>\n<meta property=\"og:title\" content=\"Subsede Barra da Tijuca recebe a Campanha Sa\u00fade do Professor - Sinpro-Rio\" \/>\n<meta property=\"og:description\" content=\"No \u00faltimo dia 14, a campanha Sa\u00fade do Professor foi oficialmente lan\u00e7ada na Subsede da Barra. O evento teve in\u00edcio com a professora Valqu\u00edria Juncken, coordenadora da comiss\u00e3o Condi\u00e7\u00f5es de Trabalho e Sa\u00fade do Professor, explicando que a Sa\u00fade do Professor se iniciou com a Campanha da Voz e apresentando os oito principais temas abordados [&hellip;]\" \/>\n<meta property=\"og:url\" content=\"https:\/\/www.sinpro-rio.org.br\/principal\/subsede-barra-da-tijuca-recebe-a-campanha-saude-do-professor\/\" \/>\n<meta property=\"og:site_name\" content=\"Sinpro-Rio\" \/>\n<meta property=\"article:published_time\" content=\"2009-01-01T00:00:00+00:00\" \/>\n<meta name=\"author\" content=\"rafaelrjp\" \/>\n<meta name=\"twitter:card\" content=\"summary_large_image\" \/>\n<meta name=\"twitter:label1\" content=\"Escrito por\" \/>\n\t<meta name=\"twitter:data1\" content=\"rafaelrjp\" \/>\n\t<meta name=\"twitter:label2\" content=\"Est. tempo de leitura\" \/>\n\t<meta name=\"twitter:data2\" content=\"3 minutos\" \/>\n<script type=\"application\/ld+json\" class=\"yoast-schema-graph\">{\"@context\":\"https:\/\/schema.org\",\"@graph\":[{\"@type\":\"WebPage\",\"@id\":\"https:\/\/www.sinpro-rio.org.br\/principal\/subsede-barra-da-tijuca-recebe-a-campanha-saude-do-professor\/\",\"url\":\"https:\/\/www.sinpro-rio.org.br\/principal\/subsede-barra-da-tijuca-recebe-a-campanha-saude-do-professor\/\",\"name\":\"Subsede Barra da Tijuca recebe a Campanha Sa\u00fade do Professor - Sinpro-Rio\",\"isPartOf\":{\"@id\":\"https:\/\/www.sinpro-rio.org.br\/principal\/#website\"},\"datePublished\":\"2009-01-01T00:00:00+00:00\",\"author\":{\"@id\":\"https:\/\/www.sinpro-rio.org.br\/principal\/#\/schema\/person\/49feb585a2f57a31a6bd9f16f78e5be6\"},\"breadcrumb\":{\"@id\":\"https:\/\/www.sinpro-rio.org.br\/principal\/subsede-barra-da-tijuca-recebe-a-campanha-saude-do-professor\/#breadcrumb\"},\"inLanguage\":\"pt-BR\",\"potentialAction\":[{\"@type\":\"ReadAction\",\"target\":[\"https:\/\/www.sinpro-rio.org.br\/principal\/subsede-barra-da-tijuca-recebe-a-campanha-saude-do-professor\/\"]}]},{\"@type\":\"BreadcrumbList\",\"@id\":\"https:\/\/www.sinpro-rio.org.br\/principal\/subsede-barra-da-tijuca-recebe-a-campanha-saude-do-professor\/#breadcrumb\",\"itemListElement\":[{\"@type\":\"ListItem\",\"position\":1,\"name\":\"In\u00edcio\",\"item\":\"https:\/\/www.sinpro-rio.org.br\/principal\/\"},{\"@type\":\"ListItem\",\"position\":2,\"name\":\"Subsede Barra da Tijuca recebe a Campanha Sa\u00fade do Professor\"}]},{\"@type\":\"WebSite\",\"@id\":\"https:\/\/www.sinpro-rio.org.br\/principal\/#website\",\"url\":\"https:\/\/www.sinpro-rio.org.br\/principal\/\",\"name\":\"Sinpro-Rio\",\"description\":\"Sindicato dos Professores do Munic\u00edpio do Rio de Janeiro e Regi\u00e3o\",\"potentialAction\":[{\"@type\":\"SearchAction\",\"target\":{\"@type\":\"EntryPoint\",\"urlTemplate\":\"https:\/\/www.sinpro-rio.org.br\/principal\/?s={search_term_string}\"},\"query-input\":{\"@type\":\"PropertyValueSpecification\",\"valueRequired\":true,\"valueName\":\"search_term_string\"}}],\"inLanguage\":\"pt-BR\"},{\"@type\":\"Person\",\"@id\":\"https:\/\/www.sinpro-rio.org.br\/principal\/#\/schema\/person\/49feb585a2f57a31a6bd9f16f78e5be6\",\"name\":\"rafaelrjp\",\"image\":{\"@type\":\"ImageObject\",\"inLanguage\":\"pt-BR\",\"@id\":\"https:\/\/www.sinpro-rio.org.br\/principal\/#\/schema\/person\/image\/\",\"url\":\"https:\/\/secure.gravatar.com\/avatar\/489371a0ba4655c340b519882c68cf68?s=96&d=mm&r=g\",\"contentUrl\":\"https:\/\/secure.gravatar.com\/avatar\/489371a0ba4655c340b519882c68cf68?s=96&d=mm&r=g\",\"caption\":\"rafaelrjp\"},\"url\":\"https:\/\/www.sinpro-rio.org.br\/principal\/author\/rafaelrjp\/\"}]}<\/script>\n<!-- \/ Yoast SEO plugin. -->","yoast_head_json":{"title":"Subsede Barra da Tijuca recebe a Campanha Sa\u00fade do Professor - Sinpro-Rio","robots":{"index":"index","follow":"follow","max-snippet":"max-snippet:-1","max-image-preview":"max-image-preview:large","max-video-preview":"max-video-preview:-1"},"canonical":"https:\/\/www.sinpro-rio.org.br\/principal\/subsede-barra-da-tijuca-recebe-a-campanha-saude-do-professor\/","og_locale":"pt_BR","og_type":"article","og_title":"Subsede Barra da Tijuca recebe a Campanha Sa\u00fade do Professor - Sinpro-Rio","og_description":"No \u00faltimo dia 14, a campanha Sa\u00fade do Professor foi oficialmente lan\u00e7ada na Subsede da Barra. O evento teve in\u00edcio com a professora Valqu\u00edria Juncken, coordenadora da comiss\u00e3o Condi\u00e7\u00f5es de Trabalho e Sa\u00fade do Professor, explicando que a Sa\u00fade do Professor se iniciou com a Campanha da Voz e apresentando os oito principais temas abordados [&hellip;]","og_url":"https:\/\/www.sinpro-rio.org.br\/principal\/subsede-barra-da-tijuca-recebe-a-campanha-saude-do-professor\/","og_site_name":"Sinpro-Rio","article_published_time":"2009-01-01T00:00:00+00:00","author":"rafaelrjp","twitter_card":"summary_large_image","twitter_misc":{"Escrito por":"rafaelrjp","Est. tempo de leitura":"3 minutos"},"schema":{"@context":"https:\/\/schema.org","@graph":[{"@type":"WebPage","@id":"https:\/\/www.sinpro-rio.org.br\/principal\/subsede-barra-da-tijuca-recebe-a-campanha-saude-do-professor\/","url":"https:\/\/www.sinpro-rio.org.br\/principal\/subsede-barra-da-tijuca-recebe-a-campanha-saude-do-professor\/","name":"Subsede Barra da Tijuca recebe a Campanha Sa\u00fade do Professor - Sinpro-Rio","isPartOf":{"@id":"https:\/\/www.sinpro-rio.org.br\/principal\/#website"},"datePublished":"2009-01-01T00:00:00+00:00","author":{"@id":"https:\/\/www.sinpro-rio.org.br\/principal\/#\/schema\/person\/49feb585a2f57a31a6bd9f16f78e5be6"},"breadcrumb":{"@id":"https:\/\/www.sinpro-rio.org.br\/principal\/subsede-barra-da-tijuca-recebe-a-campanha-saude-do-professor\/#breadcrumb"},"inLanguage":"pt-BR","potentialAction":[{"@type":"ReadAction","target":["https:\/\/www.sinpro-rio.org.br\/principal\/subsede-barra-da-tijuca-recebe-a-campanha-saude-do-professor\/"]}]},{"@type":"BreadcrumbList","@id":"https:\/\/www.sinpro-rio.org.br\/principal\/subsede-barra-da-tijuca-recebe-a-campanha-saude-do-professor\/#breadcrumb","itemListElement":[{"@type":"ListItem","position":1,"name":"In\u00edcio","item":"https:\/\/www.sinpro-rio.org.br\/principal\/"},{"@type":"ListItem","position":2,"name":"Subsede Barra da Tijuca recebe a Campanha Sa\u00fade do Professor"}]},{"@type":"WebSite","@id":"https:\/\/www.sinpro-rio.org.br\/principal\/#website","url":"https:\/\/www.sinpro-rio.org.br\/principal\/","name":"Sinpro-Rio","description":"Sindicato dos Professores do Munic\u00edpio do Rio de Janeiro e Regi\u00e3o","potentialAction":[{"@type":"SearchAction","target":{"@type":"EntryPoint","urlTemplate":"https:\/\/www.sinpro-rio.org.br\/principal\/?s={search_term_string}"},"query-input":{"@type":"PropertyValueSpecification","valueRequired":true,"valueName":"search_term_string"}}],"inLanguage":"pt-BR"},{"@type":"Person","@id":"https:\/\/www.sinpro-rio.org.br\/principal\/#\/schema\/person\/49feb585a2f57a31a6bd9f16f78e5be6","name":"rafaelrjp","image":{"@type":"ImageObject","inLanguage":"pt-BR","@id":"https:\/\/www.sinpro-rio.org.br\/principal\/#\/schema\/person\/image\/","url":"https:\/\/secure.gravatar.com\/avatar\/489371a0ba4655c340b519882c68cf68?s=96&d=mm&r=g","contentUrl":"https:\/\/secure.gravatar.com\/avatar\/489371a0ba4655c340b519882c68cf68?s=96&d=mm&r=g","caption":"rafaelrjp"},"url":"https:\/\/www.sinpro-rio.org.br\/principal\/author\/rafaelrjp\/"}]}},"_links":{"self":[{"href":"https:\/\/www.sinpro-rio.org.br\/principal\/wp-json\/wp\/v2\/posts\/20838","targetHints":{"allow":["GET"]}}],"collection":[{"href":"https:\/\/www.sinpro-rio.org.br\/principal\/wp-json\/wp\/v2\/posts"}],"about":[{"href":"https:\/\/www.sinpro-rio.org.br\/principal\/wp-json\/wp\/v2\/types\/post"}],"author":[{"embeddable":true,"href":"https:\/\/www.sinpro-rio.org.br\/principal\/wp-json\/wp\/v2\/users\/1"}],"replies":[{"embeddable":true,"href":"https:\/\/www.sinpro-rio.org.br\/principal\/wp-json\/wp\/v2\/comments?post=20838"}],"version-history":[{"count":0,"href":"https:\/\/www.sinpro-rio.org.br\/principal\/wp-json\/wp\/v2\/posts\/20838\/revisions"}],"wp:attachment":[{"href":"https:\/\/www.sinpro-rio.org.br\/principal\/wp-json\/wp\/v2\/media?parent=20838"}],"wp:term":[{"taxonomy":"category","embeddable":true,"href":"https:\/\/www.sinpro-rio.org.br\/principal\/wp-json\/wp\/v2\/categories?post=20838"},{"taxonomy":"post_tag","embeddable":true,"href":"https:\/\/www.sinpro-rio.org.br\/principal\/wp-json\/wp\/v2\/tags?post=20838"}],"curies":[{"name":"wp","href":"https:\/\/api.w.org\/{rel}","templated":true}]}}