{"id":20834,"date":"2009-01-01T00:00:00","date_gmt":"2009-01-01T00:00:00","guid":{"rendered":""},"modified":"-0001-11-30T00:00:00","modified_gmt":"-0001-11-30T03:00:00","slug":"sinpro-rio-discute-a-reforma-ortografica","status":"publish","type":"post","link":"https:\/\/www.sinpro-rio.org.br\/principal\/sinpro-rio-discute-a-reforma-ortografica\/","title":{"rendered":"Sinpro-Rio discute a reforma ortogr\u00e1fica"},"content":{"rendered":"<div class=\"alvo1\">\n<p>No dia 16 de abril, o Sinpro-Rio promoveu um importante debate sobre a reforma ortogr\u00e1fica, que \u00e9 um tema bastante discutido pelos educadores atualmente. Para falar sobre o assunto, foram convidados dois especialistas: o fil\u00f3logo e membro da Academia Brasileira de Letras (ABL), Evanildo Bechara; e o doutor em Letras pela UFRJ e professor da Uerj, Jos\u00e9 Carlos Azeredo.<\/p>\n<p>O primeiro palestrante da noite foi o professor da Uerj, que fez uma breve an\u00e1lise da diferen\u00e7a entre ortografia e utiliza\u00e7\u00e3o da l\u00edngua falada. Para Azeredo, as novas mudan\u00e7as n\u00e3o afetam a pron\u00fancia das palavras nos pa\u00edses que assinaram o acordo e tamb\u00e9m n\u00e3o afetam a quest\u00e3o da criatividade dos autores.<\/p>\n<p>&#8211; A ortografia n\u00e3o pode ser entendida como algo que bloqueie o processo criativo &#8211; afirmou o professor. Por fim, Azeredo concluiu que n\u00e3o h\u00e1 como saber de imediato os benef\u00edcios dessa mudan\u00e7a, porque que elas s\u00f3 ser\u00e3o percept\u00edveis daqui a 20 anos.<\/p>\n<p>Em seguida, os cerca de 150 participantes puderam prestigiar o fil\u00f3logo Evanildo Bechara, que participou ativamente do processo do acordo ortogr\u00e1fico. O membro da ABL fez uma an\u00e1lise das mudan\u00e7as e a import\u00e2ncia de n\u00e3o confundir ortografia com l\u00edngua. Bechara tamb\u00e9m comentou o fator da regionaliza\u00e7\u00e3o das pron\u00fancias. Para ele, a quest\u00e3o do Estado ter decretado o acordo \u00e9 uma vertente. Citando Fernando Pessoa, em A L\u00edngua Portuguesa &#8211; obra que reflete as posi\u00e7\u00f5es adotadas pelo poeta em rela\u00e7\u00e3o \u00e0 Reforma Ortogr\u00e1fica da L\u00edngua Portuguesa de 1911, que atraiu os portugueses para uma longa pol\u00eamica &#8211; Bechara explicou que a ortografia possui duas vertentes: social e cultural.<\/p>\n<p>&#8211; Na cultural, utilizada pelos artistas e intelectuais, prima-se pela est\u00e9tica e liberdade da palavra. J\u00e1 a vertente social \u00e9 a ortografia usada por todos e, nesse caso, deve se ter a interven\u00e7\u00e3o do Estado para n\u00e3o haver desobedi\u00eancia \u2013 detalhou Bechara<\/p>\n<p>Em sua palestra, o fil\u00f3logo tamb\u00e9m argumentou a import\u00e2ncia da unifica\u00e7\u00e3o para os oito pa\u00edses envolvidos.<\/p>\n<p>&#8211; H\u00e1 mais de 100 anos, lutamos para essa unifica\u00e7\u00e3o &#8211; afirmou Bechara. Para o acad\u00eamico, &#8220;a ortografia \u00e9 uma conven\u00e7\u00e3o e, como toda conven\u00e7\u00e3o, tem suas falhas, mas esta reforma \u00e9 a que est\u00e1 mais pr\u00f3xima do ideal&#8221;.<\/p>\n<p>&#8220;N\u00f3s acreditamos que essa reforma, ao lado do valor pol\u00edtico, diplom\u00e1tico e econ\u00f4mico, ir\u00e1 difundir a L\u00edngua Portuguesa no mundo&#8221;, concluiu Bechara.<\/p>\n<p>Ap\u00f3s a apresenta\u00e7\u00e3o, os palestrantes responderam algumas perguntas do p\u00fablico. Dentre elas, foi questionado o descontentamento dos portugueses com a reforma. Segundo Evanildo Bechara, o acordo n\u00e3o foi feito entre muros, pois foi assinado por todos os pa\u00edses lus\u00f3fonos.<\/p>\n<p>&#8211; Eu acho dif\u00edcil, por parte de um pa\u00eds, a sonega\u00e7\u00e3o do acordo, mas sabemos que h\u00e1 res\u00edduos de portugueses que acham que o Brasil quer abrasileirar a l\u00edngua &#8211; concluiu Bechara.<\/p>\n<p>Para saber mais sobre a Reforma Ortogr\u00e1fica, acesse www.reformaortografica.com Veja aqui as fotos do evento \n<\/p>\n<\/div>\n","protected":false},"excerpt":{"rendered":"<p>No dia 16 de abril, o Sinpro-Rio promoveu um importante debate sobre a reforma ortogr\u00e1fica, que \u00e9 um tema bastante discutido pelos educadores atualmente. Para falar sobre o assunto, foram convidados dois especialistas: o fil\u00f3logo e membro da Academia Brasileira de Letras (ABL), Evanildo Bechara; e o doutor em Letras pela UFRJ e professor da [&hellip;]<\/p>\n","protected":false},"author":1,"featured_media":0,"comment_status":"closed","ping_status":"open","sticky":false,"template":"","format":"standard","meta":{"footnotes":""},"categories":[1],"tags":[],"class_list":["post-20834","post","type-post","status-publish","format-standard","hentry","category-noticias"],"yoast_head":"<!-- This site is optimized with the Yoast SEO plugin v25.7 - https:\/\/yoast.com\/wordpress\/plugins\/seo\/ -->\n<title>Sinpro-Rio discute a reforma ortogr\u00e1fica - Sinpro-Rio<\/title>\n<meta name=\"robots\" content=\"index, follow, max-snippet:-1, max-image-preview:large, max-video-preview:-1\" \/>\n<link rel=\"canonical\" href=\"https:\/\/www.sinpro-rio.org.br\/principal\/sinpro-rio-discute-a-reforma-ortografica\/\" \/>\n<meta property=\"og:locale\" content=\"pt_BR\" \/>\n<meta property=\"og:type\" content=\"article\" \/>\n<meta property=\"og:title\" content=\"Sinpro-Rio discute a reforma ortogr\u00e1fica - Sinpro-Rio\" \/>\n<meta property=\"og:description\" content=\"No dia 16 de abril, o Sinpro-Rio promoveu um importante debate sobre a reforma ortogr\u00e1fica, que \u00e9 um tema bastante discutido pelos educadores atualmente. Para falar sobre o assunto, foram convidados dois especialistas: o fil\u00f3logo e membro da Academia Brasileira de Letras (ABL), Evanildo Bechara; e o doutor em Letras pela UFRJ e professor da [&hellip;]\" \/>\n<meta property=\"og:url\" content=\"https:\/\/www.sinpro-rio.org.br\/principal\/sinpro-rio-discute-a-reforma-ortografica\/\" \/>\n<meta property=\"og:site_name\" content=\"Sinpro-Rio\" \/>\n<meta property=\"article:published_time\" content=\"2009-01-01T00:00:00+00:00\" \/>\n<meta name=\"author\" content=\"rafaelrjp\" \/>\n<meta name=\"twitter:card\" content=\"summary_large_image\" \/>\n<meta name=\"twitter:label1\" content=\"Escrito por\" \/>\n\t<meta name=\"twitter:data1\" content=\"rafaelrjp\" \/>\n\t<meta name=\"twitter:label2\" content=\"Est. tempo de leitura\" \/>\n\t<meta name=\"twitter:data2\" content=\"3 minutos\" \/>\n<script type=\"application\/ld+json\" class=\"yoast-schema-graph\">{\"@context\":\"https:\/\/schema.org\",\"@graph\":[{\"@type\":\"WebPage\",\"@id\":\"https:\/\/www.sinpro-rio.org.br\/principal\/sinpro-rio-discute-a-reforma-ortografica\/\",\"url\":\"https:\/\/www.sinpro-rio.org.br\/principal\/sinpro-rio-discute-a-reforma-ortografica\/\",\"name\":\"Sinpro-Rio discute a reforma ortogr\u00e1fica - Sinpro-Rio\",\"isPartOf\":{\"@id\":\"https:\/\/www.sinpro-rio.org.br\/principal\/#website\"},\"datePublished\":\"2009-01-01T00:00:00+00:00\",\"author\":{\"@id\":\"https:\/\/www.sinpro-rio.org.br\/principal\/#\/schema\/person\/49feb585a2f57a31a6bd9f16f78e5be6\"},\"breadcrumb\":{\"@id\":\"https:\/\/www.sinpro-rio.org.br\/principal\/sinpro-rio-discute-a-reforma-ortografica\/#breadcrumb\"},\"inLanguage\":\"pt-BR\",\"potentialAction\":[{\"@type\":\"ReadAction\",\"target\":[\"https:\/\/www.sinpro-rio.org.br\/principal\/sinpro-rio-discute-a-reforma-ortografica\/\"]}]},{\"@type\":\"BreadcrumbList\",\"@id\":\"https:\/\/www.sinpro-rio.org.br\/principal\/sinpro-rio-discute-a-reforma-ortografica\/#breadcrumb\",\"itemListElement\":[{\"@type\":\"ListItem\",\"position\":1,\"name\":\"In\u00edcio\",\"item\":\"https:\/\/www.sinpro-rio.org.br\/principal\/\"},{\"@type\":\"ListItem\",\"position\":2,\"name\":\"Sinpro-Rio discute a reforma ortogr\u00e1fica\"}]},{\"@type\":\"WebSite\",\"@id\":\"https:\/\/www.sinpro-rio.org.br\/principal\/#website\",\"url\":\"https:\/\/www.sinpro-rio.org.br\/principal\/\",\"name\":\"Sinpro-Rio\",\"description\":\"Sindicato dos Professores do Munic\u00edpio do Rio de Janeiro e Regi\u00e3o\",\"potentialAction\":[{\"@type\":\"SearchAction\",\"target\":{\"@type\":\"EntryPoint\",\"urlTemplate\":\"https:\/\/www.sinpro-rio.org.br\/principal\/?s={search_term_string}\"},\"query-input\":{\"@type\":\"PropertyValueSpecification\",\"valueRequired\":true,\"valueName\":\"search_term_string\"}}],\"inLanguage\":\"pt-BR\"},{\"@type\":\"Person\",\"@id\":\"https:\/\/www.sinpro-rio.org.br\/principal\/#\/schema\/person\/49feb585a2f57a31a6bd9f16f78e5be6\",\"name\":\"rafaelrjp\",\"image\":{\"@type\":\"ImageObject\",\"inLanguage\":\"pt-BR\",\"@id\":\"https:\/\/www.sinpro-rio.org.br\/principal\/#\/schema\/person\/image\/\",\"url\":\"https:\/\/secure.gravatar.com\/avatar\/489371a0ba4655c340b519882c68cf68?s=96&d=mm&r=g\",\"contentUrl\":\"https:\/\/secure.gravatar.com\/avatar\/489371a0ba4655c340b519882c68cf68?s=96&d=mm&r=g\",\"caption\":\"rafaelrjp\"},\"url\":\"https:\/\/www.sinpro-rio.org.br\/principal\/author\/rafaelrjp\/\"}]}<\/script>\n<!-- \/ Yoast SEO plugin. -->","yoast_head_json":{"title":"Sinpro-Rio discute a reforma ortogr\u00e1fica - Sinpro-Rio","robots":{"index":"index","follow":"follow","max-snippet":"max-snippet:-1","max-image-preview":"max-image-preview:large","max-video-preview":"max-video-preview:-1"},"canonical":"https:\/\/www.sinpro-rio.org.br\/principal\/sinpro-rio-discute-a-reforma-ortografica\/","og_locale":"pt_BR","og_type":"article","og_title":"Sinpro-Rio discute a reforma ortogr\u00e1fica - Sinpro-Rio","og_description":"No dia 16 de abril, o Sinpro-Rio promoveu um importante debate sobre a reforma ortogr\u00e1fica, que \u00e9 um tema bastante discutido pelos educadores atualmente. Para falar sobre o assunto, foram convidados dois especialistas: o fil\u00f3logo e membro da Academia Brasileira de Letras (ABL), Evanildo Bechara; e o doutor em Letras pela UFRJ e professor da [&hellip;]","og_url":"https:\/\/www.sinpro-rio.org.br\/principal\/sinpro-rio-discute-a-reforma-ortografica\/","og_site_name":"Sinpro-Rio","article_published_time":"2009-01-01T00:00:00+00:00","author":"rafaelrjp","twitter_card":"summary_large_image","twitter_misc":{"Escrito por":"rafaelrjp","Est. tempo de leitura":"3 minutos"},"schema":{"@context":"https:\/\/schema.org","@graph":[{"@type":"WebPage","@id":"https:\/\/www.sinpro-rio.org.br\/principal\/sinpro-rio-discute-a-reforma-ortografica\/","url":"https:\/\/www.sinpro-rio.org.br\/principal\/sinpro-rio-discute-a-reforma-ortografica\/","name":"Sinpro-Rio discute a reforma ortogr\u00e1fica - Sinpro-Rio","isPartOf":{"@id":"https:\/\/www.sinpro-rio.org.br\/principal\/#website"},"datePublished":"2009-01-01T00:00:00+00:00","author":{"@id":"https:\/\/www.sinpro-rio.org.br\/principal\/#\/schema\/person\/49feb585a2f57a31a6bd9f16f78e5be6"},"breadcrumb":{"@id":"https:\/\/www.sinpro-rio.org.br\/principal\/sinpro-rio-discute-a-reforma-ortografica\/#breadcrumb"},"inLanguage":"pt-BR","potentialAction":[{"@type":"ReadAction","target":["https:\/\/www.sinpro-rio.org.br\/principal\/sinpro-rio-discute-a-reforma-ortografica\/"]}]},{"@type":"BreadcrumbList","@id":"https:\/\/www.sinpro-rio.org.br\/principal\/sinpro-rio-discute-a-reforma-ortografica\/#breadcrumb","itemListElement":[{"@type":"ListItem","position":1,"name":"In\u00edcio","item":"https:\/\/www.sinpro-rio.org.br\/principal\/"},{"@type":"ListItem","position":2,"name":"Sinpro-Rio discute a reforma ortogr\u00e1fica"}]},{"@type":"WebSite","@id":"https:\/\/www.sinpro-rio.org.br\/principal\/#website","url":"https:\/\/www.sinpro-rio.org.br\/principal\/","name":"Sinpro-Rio","description":"Sindicato dos Professores do Munic\u00edpio do Rio de Janeiro e Regi\u00e3o","potentialAction":[{"@type":"SearchAction","target":{"@type":"EntryPoint","urlTemplate":"https:\/\/www.sinpro-rio.org.br\/principal\/?s={search_term_string}"},"query-input":{"@type":"PropertyValueSpecification","valueRequired":true,"valueName":"search_term_string"}}],"inLanguage":"pt-BR"},{"@type":"Person","@id":"https:\/\/www.sinpro-rio.org.br\/principal\/#\/schema\/person\/49feb585a2f57a31a6bd9f16f78e5be6","name":"rafaelrjp","image":{"@type":"ImageObject","inLanguage":"pt-BR","@id":"https:\/\/www.sinpro-rio.org.br\/principal\/#\/schema\/person\/image\/","url":"https:\/\/secure.gravatar.com\/avatar\/489371a0ba4655c340b519882c68cf68?s=96&d=mm&r=g","contentUrl":"https:\/\/secure.gravatar.com\/avatar\/489371a0ba4655c340b519882c68cf68?s=96&d=mm&r=g","caption":"rafaelrjp"},"url":"https:\/\/www.sinpro-rio.org.br\/principal\/author\/rafaelrjp\/"}]}},"_links":{"self":[{"href":"https:\/\/www.sinpro-rio.org.br\/principal\/wp-json\/wp\/v2\/posts\/20834","targetHints":{"allow":["GET"]}}],"collection":[{"href":"https:\/\/www.sinpro-rio.org.br\/principal\/wp-json\/wp\/v2\/posts"}],"about":[{"href":"https:\/\/www.sinpro-rio.org.br\/principal\/wp-json\/wp\/v2\/types\/post"}],"author":[{"embeddable":true,"href":"https:\/\/www.sinpro-rio.org.br\/principal\/wp-json\/wp\/v2\/users\/1"}],"replies":[{"embeddable":true,"href":"https:\/\/www.sinpro-rio.org.br\/principal\/wp-json\/wp\/v2\/comments?post=20834"}],"version-history":[{"count":0,"href":"https:\/\/www.sinpro-rio.org.br\/principal\/wp-json\/wp\/v2\/posts\/20834\/revisions"}],"wp:attachment":[{"href":"https:\/\/www.sinpro-rio.org.br\/principal\/wp-json\/wp\/v2\/media?parent=20834"}],"wp:term":[{"taxonomy":"category","embeddable":true,"href":"https:\/\/www.sinpro-rio.org.br\/principal\/wp-json\/wp\/v2\/categories?post=20834"},{"taxonomy":"post_tag","embeddable":true,"href":"https:\/\/www.sinpro-rio.org.br\/principal\/wp-json\/wp\/v2\/tags?post=20834"}],"curies":[{"name":"wp","href":"https:\/\/api.w.org\/{rel}","templated":true}]}}