{"id":20833,"date":"2009-01-01T00:00:00","date_gmt":"2009-01-01T00:00:00","guid":{"rendered":""},"modified":"-0001-11-30T00:00:00","modified_gmt":"-0001-11-30T03:00:00","slug":"mobilizac-o-e-palavra-de-ordem-para-professores-da-educac-o-basica","status":"publish","type":"post","link":"https:\/\/www.sinpro-rio.org.br\/principal\/mobilizac-o-e-palavra-de-ordem-para-professores-da-educac-o-basica\/","title":{"rendered":"Mobiliza\u00e7\u00e3o \u00e9 palavra de ordem para professores da Educa\u00e7\u00e3o B\u00e1sica"},"content":{"rendered":"<div class=\"alvo1\">\n<p>No dia 18 de abril, os professores da Educa\u00e7\u00e3o B\u00e1sica do Ensino Privado se reuniram em assembleia para discutir os desdobramentos das parit\u00e1rias &#8211; entre o Sindicato e os patr\u00f5es &#8211; na Campanha Salarial de 2009. Ap\u00f3s os informes habituais, o primeiro-secret\u00e1rio do Sinpro-Rio, professor Marcelo Pereira, fez um relato da \u00faltima negocia\u00e7\u00e3o, em que o patronato fez uma contraproposta \u00e0s reivindica\u00e7\u00f5es aprovadas, em assembleia, no dia 14 de mar\u00e7o.<\/p>\n<p>Segundo as institui\u00e7\u00f5es de ensino, n\u00e3o h\u00e1 condi\u00e7\u00f5es de pagar o INPC de 5,92% para a categoria, por conta da atual crise financeira mundial. Por isso, eles prop\u00f5em que o reajuste pelo \u00edndice seja parcelado: 4,5%, em abril; e o restante, em outubro deste ano. Com essa perspectiva, o ganho salarial nem foi cogitado pelos patr\u00f5es.<\/p>\n<p>Outro ponto muito debatido e que estava na proposta do patronato foi a quest\u00e3o das f\u00e9rias em janeiro. Para eles, n\u00e3o h\u00e1 necessidade de se garantir na Conven\u00e7\u00e3o Coletiva de Trabalho as f\u00e9rias naquele m\u00eas, pois 95% das escolas j\u00e1 adotam esse per\u00edodo para as f\u00e9rias dos seus professores. Ao final de sua fala, o professor Marcelo disse que o Sindicato, na parit\u00e1ria, debateu muito, repudiou a proposta apresentada e informou ao patronato que essa proposta vergonhosa seria apresentada \u00e0 categoria.<\/p>\n<p>Em seguida, o presidente do Sinpro-Rio, professor Wanderley Qu\u00eado, fez um discurso en\u00e9rgico contra a proposta patronal e afirmou que o setor educacional n\u00e3o tem crise, fato que pode ser facilmente comprovado pelas recentes pesquisas.<\/p>\n<p>&#8211; Essa crise est\u00e1 sendo usada para afrontar a Campanha Salarial &#8211; afirmou Qu\u00eado. Para ele, a quest\u00e3o do ganho real zero n\u00e3o pode ser considerada com uma proposta e \u00e9 inadmiss\u00edvel o reajuste ser parcelado. &#8220;Essa quest\u00e3o do ganho real n\u00e3o se pode abrir m\u00e3o e o ganho real n\u00e3o pode ser parcelado de jeito nenhum. Vamos resistir, n\u00e3o vamos permitir!&#8221;, conclamou o presidente.<\/p>\n<p>Ap\u00f3s a fala de Wanderley, v\u00e1rios professores fizeram interven\u00e7\u00f5es contra a proposta do patronato e convocando a categoria para uma mobiliza\u00e7\u00e3o maior. Um deles foi o 1\u00ba vice-presidente do Sinpro-Rio, professor Francilio Paes Leme, que afirmou para os empres\u00e1rios o que interessa \u00e9 n\u00e3o perder o lucro. Segundo Francilio, a categoria n\u00e3o pode acreditar nessa falsa id\u00e9ia de crise na educa\u00e7\u00e3o.<\/p>\n<p>&#8211; N\u00e3o podemos assinar acordo que n\u00e3o tenha ganho real, porque n\u00e3o h\u00e1 crise na escola &#8211; concluiu o professor.<\/p>\n<p>No final do encontro, os professores aprovaram uma nova assembleia para o dia 9 de maio, \u00e0s 10h, na sede do Sinpro-Rio, j\u00e1 que a pr\u00f3xima parit\u00e1ria com o sindicato patronal ser\u00e1 no dia 4 do mesmo m\u00eas. Wanderley refor\u00e7ou a convoca\u00e7\u00e3o para as pr\u00f3ximas mobiliza\u00e7\u00f5es por melhores sal\u00e1rios, condi\u00e7\u00f5es de trabalho e sa\u00fade, que acontecer\u00e3o no dia 27 de abril, \u00e0s 12h, no Cal\u00e7ad\u00e3o de Campo Grande; e no dia 29, tamb\u00e9m ao meio-dia, na escadaria C\u00e2mara dos Vereadores, na Cinel\u00e2ndia.<\/p>\n<p>Confira aqui algumas fotos do evento. \n<\/p>\n<\/div>\n","protected":false},"excerpt":{"rendered":"<p>No dia 18 de abril, os professores da Educa\u00e7\u00e3o B\u00e1sica do Ensino Privado se reuniram em assembleia para discutir os desdobramentos das parit\u00e1rias &#8211; entre o Sindicato e os patr\u00f5es &#8211; na Campanha Salarial de 2009. Ap\u00f3s os informes habituais, o primeiro-secret\u00e1rio do Sinpro-Rio, professor Marcelo Pereira, fez um relato da \u00faltima negocia\u00e7\u00e3o, em que [&hellip;]<\/p>\n","protected":false},"author":1,"featured_media":0,"comment_status":"closed","ping_status":"open","sticky":false,"template":"","format":"standard","meta":{"footnotes":""},"categories":[1],"tags":[],"class_list":["post-20833","post","type-post","status-publish","format-standard","hentry","category-noticias"],"yoast_head":"<!-- This site is optimized with the Yoast SEO plugin v25.7 - https:\/\/yoast.com\/wordpress\/plugins\/seo\/ -->\n<title>Mobiliza\u00e7\u00e3o \u00e9 palavra de ordem para professores da Educa\u00e7\u00e3o B\u00e1sica - Sinpro-Rio<\/title>\n<meta name=\"robots\" content=\"index, follow, max-snippet:-1, max-image-preview:large, max-video-preview:-1\" \/>\n<link rel=\"canonical\" href=\"https:\/\/www.sinpro-rio.org.br\/principal\/mobilizac-o-e-palavra-de-ordem-para-professores-da-educac-o-basica\/\" \/>\n<meta property=\"og:locale\" content=\"pt_BR\" \/>\n<meta property=\"og:type\" content=\"article\" \/>\n<meta property=\"og:title\" content=\"Mobiliza\u00e7\u00e3o \u00e9 palavra de ordem para professores da Educa\u00e7\u00e3o B\u00e1sica - Sinpro-Rio\" \/>\n<meta property=\"og:description\" content=\"No dia 18 de abril, os professores da Educa\u00e7\u00e3o B\u00e1sica do Ensino Privado se reuniram em assembleia para discutir os desdobramentos das parit\u00e1rias &#8211; entre o Sindicato e os patr\u00f5es &#8211; na Campanha Salarial de 2009. Ap\u00f3s os informes habituais, o primeiro-secret\u00e1rio do Sinpro-Rio, professor Marcelo Pereira, fez um relato da \u00faltima negocia\u00e7\u00e3o, em que [&hellip;]\" \/>\n<meta property=\"og:url\" content=\"https:\/\/www.sinpro-rio.org.br\/principal\/mobilizac-o-e-palavra-de-ordem-para-professores-da-educac-o-basica\/\" \/>\n<meta property=\"og:site_name\" content=\"Sinpro-Rio\" \/>\n<meta property=\"article:published_time\" content=\"2009-01-01T00:00:00+00:00\" \/>\n<meta name=\"author\" content=\"rafaelrjp\" \/>\n<meta name=\"twitter:card\" content=\"summary_large_image\" \/>\n<meta name=\"twitter:label1\" content=\"Escrito por\" \/>\n\t<meta name=\"twitter:data1\" content=\"rafaelrjp\" \/>\n\t<meta name=\"twitter:label2\" content=\"Est. tempo de leitura\" \/>\n\t<meta name=\"twitter:data2\" content=\"3 minutos\" \/>\n<script type=\"application\/ld+json\" class=\"yoast-schema-graph\">{\"@context\":\"https:\/\/schema.org\",\"@graph\":[{\"@type\":\"WebPage\",\"@id\":\"https:\/\/www.sinpro-rio.org.br\/principal\/mobilizac-o-e-palavra-de-ordem-para-professores-da-educac-o-basica\/\",\"url\":\"https:\/\/www.sinpro-rio.org.br\/principal\/mobilizac-o-e-palavra-de-ordem-para-professores-da-educac-o-basica\/\",\"name\":\"Mobiliza\u00e7\u00e3o \u00e9 palavra de ordem para professores da Educa\u00e7\u00e3o B\u00e1sica - Sinpro-Rio\",\"isPartOf\":{\"@id\":\"https:\/\/www.sinpro-rio.org.br\/principal\/#website\"},\"datePublished\":\"2009-01-01T00:00:00+00:00\",\"author\":{\"@id\":\"https:\/\/www.sinpro-rio.org.br\/principal\/#\/schema\/person\/49feb585a2f57a31a6bd9f16f78e5be6\"},\"breadcrumb\":{\"@id\":\"https:\/\/www.sinpro-rio.org.br\/principal\/mobilizac-o-e-palavra-de-ordem-para-professores-da-educac-o-basica\/#breadcrumb\"},\"inLanguage\":\"pt-BR\",\"potentialAction\":[{\"@type\":\"ReadAction\",\"target\":[\"https:\/\/www.sinpro-rio.org.br\/principal\/mobilizac-o-e-palavra-de-ordem-para-professores-da-educac-o-basica\/\"]}]},{\"@type\":\"BreadcrumbList\",\"@id\":\"https:\/\/www.sinpro-rio.org.br\/principal\/mobilizac-o-e-palavra-de-ordem-para-professores-da-educac-o-basica\/#breadcrumb\",\"itemListElement\":[{\"@type\":\"ListItem\",\"position\":1,\"name\":\"In\u00edcio\",\"item\":\"https:\/\/www.sinpro-rio.org.br\/principal\/\"},{\"@type\":\"ListItem\",\"position\":2,\"name\":\"Mobiliza\u00e7\u00e3o \u00e9 palavra de ordem para professores da Educa\u00e7\u00e3o B\u00e1sica\"}]},{\"@type\":\"WebSite\",\"@id\":\"https:\/\/www.sinpro-rio.org.br\/principal\/#website\",\"url\":\"https:\/\/www.sinpro-rio.org.br\/principal\/\",\"name\":\"Sinpro-Rio\",\"description\":\"Sindicato dos Professores do Munic\u00edpio do Rio de Janeiro e Regi\u00e3o\",\"potentialAction\":[{\"@type\":\"SearchAction\",\"target\":{\"@type\":\"EntryPoint\",\"urlTemplate\":\"https:\/\/www.sinpro-rio.org.br\/principal\/?s={search_term_string}\"},\"query-input\":{\"@type\":\"PropertyValueSpecification\",\"valueRequired\":true,\"valueName\":\"search_term_string\"}}],\"inLanguage\":\"pt-BR\"},{\"@type\":\"Person\",\"@id\":\"https:\/\/www.sinpro-rio.org.br\/principal\/#\/schema\/person\/49feb585a2f57a31a6bd9f16f78e5be6\",\"name\":\"rafaelrjp\",\"image\":{\"@type\":\"ImageObject\",\"inLanguage\":\"pt-BR\",\"@id\":\"https:\/\/www.sinpro-rio.org.br\/principal\/#\/schema\/person\/image\/\",\"url\":\"https:\/\/secure.gravatar.com\/avatar\/489371a0ba4655c340b519882c68cf68?s=96&d=mm&r=g\",\"contentUrl\":\"https:\/\/secure.gravatar.com\/avatar\/489371a0ba4655c340b519882c68cf68?s=96&d=mm&r=g\",\"caption\":\"rafaelrjp\"},\"url\":\"https:\/\/www.sinpro-rio.org.br\/principal\/author\/rafaelrjp\/\"}]}<\/script>\n<!-- \/ Yoast SEO plugin. -->","yoast_head_json":{"title":"Mobiliza\u00e7\u00e3o \u00e9 palavra de ordem para professores da Educa\u00e7\u00e3o B\u00e1sica - Sinpro-Rio","robots":{"index":"index","follow":"follow","max-snippet":"max-snippet:-1","max-image-preview":"max-image-preview:large","max-video-preview":"max-video-preview:-1"},"canonical":"https:\/\/www.sinpro-rio.org.br\/principal\/mobilizac-o-e-palavra-de-ordem-para-professores-da-educac-o-basica\/","og_locale":"pt_BR","og_type":"article","og_title":"Mobiliza\u00e7\u00e3o \u00e9 palavra de ordem para professores da Educa\u00e7\u00e3o B\u00e1sica - Sinpro-Rio","og_description":"No dia 18 de abril, os professores da Educa\u00e7\u00e3o B\u00e1sica do Ensino Privado se reuniram em assembleia para discutir os desdobramentos das parit\u00e1rias &#8211; entre o Sindicato e os patr\u00f5es &#8211; na Campanha Salarial de 2009. Ap\u00f3s os informes habituais, o primeiro-secret\u00e1rio do Sinpro-Rio, professor Marcelo Pereira, fez um relato da \u00faltima negocia\u00e7\u00e3o, em que [&hellip;]","og_url":"https:\/\/www.sinpro-rio.org.br\/principal\/mobilizac-o-e-palavra-de-ordem-para-professores-da-educac-o-basica\/","og_site_name":"Sinpro-Rio","article_published_time":"2009-01-01T00:00:00+00:00","author":"rafaelrjp","twitter_card":"summary_large_image","twitter_misc":{"Escrito por":"rafaelrjp","Est. tempo de leitura":"3 minutos"},"schema":{"@context":"https:\/\/schema.org","@graph":[{"@type":"WebPage","@id":"https:\/\/www.sinpro-rio.org.br\/principal\/mobilizac-o-e-palavra-de-ordem-para-professores-da-educac-o-basica\/","url":"https:\/\/www.sinpro-rio.org.br\/principal\/mobilizac-o-e-palavra-de-ordem-para-professores-da-educac-o-basica\/","name":"Mobiliza\u00e7\u00e3o \u00e9 palavra de ordem para professores da Educa\u00e7\u00e3o B\u00e1sica - Sinpro-Rio","isPartOf":{"@id":"https:\/\/www.sinpro-rio.org.br\/principal\/#website"},"datePublished":"2009-01-01T00:00:00+00:00","author":{"@id":"https:\/\/www.sinpro-rio.org.br\/principal\/#\/schema\/person\/49feb585a2f57a31a6bd9f16f78e5be6"},"breadcrumb":{"@id":"https:\/\/www.sinpro-rio.org.br\/principal\/mobilizac-o-e-palavra-de-ordem-para-professores-da-educac-o-basica\/#breadcrumb"},"inLanguage":"pt-BR","potentialAction":[{"@type":"ReadAction","target":["https:\/\/www.sinpro-rio.org.br\/principal\/mobilizac-o-e-palavra-de-ordem-para-professores-da-educac-o-basica\/"]}]},{"@type":"BreadcrumbList","@id":"https:\/\/www.sinpro-rio.org.br\/principal\/mobilizac-o-e-palavra-de-ordem-para-professores-da-educac-o-basica\/#breadcrumb","itemListElement":[{"@type":"ListItem","position":1,"name":"In\u00edcio","item":"https:\/\/www.sinpro-rio.org.br\/principal\/"},{"@type":"ListItem","position":2,"name":"Mobiliza\u00e7\u00e3o \u00e9 palavra de ordem para professores da Educa\u00e7\u00e3o B\u00e1sica"}]},{"@type":"WebSite","@id":"https:\/\/www.sinpro-rio.org.br\/principal\/#website","url":"https:\/\/www.sinpro-rio.org.br\/principal\/","name":"Sinpro-Rio","description":"Sindicato dos Professores do Munic\u00edpio do Rio de Janeiro e Regi\u00e3o","potentialAction":[{"@type":"SearchAction","target":{"@type":"EntryPoint","urlTemplate":"https:\/\/www.sinpro-rio.org.br\/principal\/?s={search_term_string}"},"query-input":{"@type":"PropertyValueSpecification","valueRequired":true,"valueName":"search_term_string"}}],"inLanguage":"pt-BR"},{"@type":"Person","@id":"https:\/\/www.sinpro-rio.org.br\/principal\/#\/schema\/person\/49feb585a2f57a31a6bd9f16f78e5be6","name":"rafaelrjp","image":{"@type":"ImageObject","inLanguage":"pt-BR","@id":"https:\/\/www.sinpro-rio.org.br\/principal\/#\/schema\/person\/image\/","url":"https:\/\/secure.gravatar.com\/avatar\/489371a0ba4655c340b519882c68cf68?s=96&d=mm&r=g","contentUrl":"https:\/\/secure.gravatar.com\/avatar\/489371a0ba4655c340b519882c68cf68?s=96&d=mm&r=g","caption":"rafaelrjp"},"url":"https:\/\/www.sinpro-rio.org.br\/principal\/author\/rafaelrjp\/"}]}},"_links":{"self":[{"href":"https:\/\/www.sinpro-rio.org.br\/principal\/wp-json\/wp\/v2\/posts\/20833","targetHints":{"allow":["GET"]}}],"collection":[{"href":"https:\/\/www.sinpro-rio.org.br\/principal\/wp-json\/wp\/v2\/posts"}],"about":[{"href":"https:\/\/www.sinpro-rio.org.br\/principal\/wp-json\/wp\/v2\/types\/post"}],"author":[{"embeddable":true,"href":"https:\/\/www.sinpro-rio.org.br\/principal\/wp-json\/wp\/v2\/users\/1"}],"replies":[{"embeddable":true,"href":"https:\/\/www.sinpro-rio.org.br\/principal\/wp-json\/wp\/v2\/comments?post=20833"}],"version-history":[{"count":0,"href":"https:\/\/www.sinpro-rio.org.br\/principal\/wp-json\/wp\/v2\/posts\/20833\/revisions"}],"wp:attachment":[{"href":"https:\/\/www.sinpro-rio.org.br\/principal\/wp-json\/wp\/v2\/media?parent=20833"}],"wp:term":[{"taxonomy":"category","embeddable":true,"href":"https:\/\/www.sinpro-rio.org.br\/principal\/wp-json\/wp\/v2\/categories?post=20833"},{"taxonomy":"post_tag","embeddable":true,"href":"https:\/\/www.sinpro-rio.org.br\/principal\/wp-json\/wp\/v2\/tags?post=20833"}],"curies":[{"name":"wp","href":"https:\/\/api.w.org\/{rel}","templated":true}]}}