{"id":20832,"date":"2009-01-01T00:00:00","date_gmt":"2009-01-01T00:00:00","guid":{"rendered":""},"modified":"2023-07-07T14:49:50","modified_gmt":"2023-07-07T17:49:50","slug":"noticias-da-assembleia-da-educac-o-superior-2","status":"publish","type":"post","link":"https:\/\/www.sinpro-rio.org.br\/principal\/noticias-da-assembleia-da-educac-o-superior-2\/","title":{"rendered":"Not\u00edcias da assembleia da Educa\u00e7\u00e3o Superior"},"content":{"rendered":"<div class=\"alvo1\">\n<p>No dia 18 de abril, os professores da Educa\u00e7\u00e3o Superior do Ensino Privado se reuniram em assembleia para discutir os desdobramentos das parit\u00e1rias &#8211; entre o Sindicato e os patr\u00f5es &#8211; na Campanha Salarial de 2009. Ap\u00f3s os informes habituais, o primeiro-secret\u00e1rio do Sinpro-Rio, professor Marcelo Pereira, fez um relato da \u00faltima negocia\u00e7\u00e3o, em que o patronato fez uma contraproposta \u00e0s reivindica\u00e7\u00f5es aprovadas, em assembleia, no dia 14 de mar\u00e7o.<\/p>\n<p>Segundo o patronato, a manuten\u00e7\u00e3o das cl\u00e1usulas sociais da Conven\u00e7\u00e3o Coletiva de Trabalho (CCT) da Educa\u00e7\u00e3o Superior s\u00f3 ser\u00e1 aceita se n\u00e3o houver reajuste salarial. Outra posibilidade proposta pelos representantes das Institui\u00e7\u00f5es de Educa\u00e7\u00e3o Superior (IES), \u00e9 uma profunda revis\u00e3o da CCT em troca do rejuste salarial. Nessa reformula\u00e7\u00e3o, os patr\u00f5es pretendem suprimir 10 cl\u00e1usulas da Conven\u00e7\u00e3o e alterar a reda\u00e7\u00e3o de 11.<\/p>\n<p>Ap\u00f3s a exposi\u00e7\u00e3o da inaceit\u00e1vel proposta, foi feita uma exposi\u00e7\u00e3o da reformula\u00e7\u00e3o pretendida pelo patronato, que ser\u00e1 divulgada pela diretoria. O presidente do Sinpro-Rio, professor Wanderley Qu\u00eado, lembrou que essa exposi\u00e7\u00e3o s\u00f3 foi feita a t\u00edtulo de informa\u00e7\u00e3o, pois a diretoria do Sindicato repudia essa multila\u00e7\u00e3o dos direitos dos professores da Educa\u00e7\u00e3o Superior. Para Qu\u00eado, a atitude do patronato demostra o descaso com a sociedade, afronta com a lei e o esc\u00e1rnio com a categoria. &#8220;N\u00e3o vamos aceitar essa proposta&#8221;, declarou o presidente.<\/p>\n<p>Alguns professores fizeram interven\u00e7\u00f5es duras contra a proposta do patronato, considerada perversa, e convocaram a categoria a uma mobiliza\u00e7\u00e3o (27\/04, \u00e0s 12h, no Cal\u00e7ad\u00e3o de Campo Grande e; 29\/04, \u00e0s 12h, na escadaria da C\u00e2mara dos Vereadores). Ao final, os professores aprovaram a data para a pr\u00f3xima assembleia no dia 9 de maio, \u00e0s 14h, na sede do Sinpro-Rio.<\/p>\n<p>Confira aqui algumas fotos do evento. \n<\/p>\n<\/div>\n","protected":false},"excerpt":{"rendered":"<p>No dia 18 de abril, os professores da Educa\u00e7\u00e3o Superior do Ensino Privado se reuniram em assembleia para discutir os desdobramentos das parit\u00e1rias &#8211; entre o Sindicato e os patr\u00f5es &#8211; na Campanha Salarial de 2009. Ap\u00f3s os informes habituais, o primeiro-secret\u00e1rio do Sinpro-Rio, professor Marcelo Pereira, fez um relato da \u00faltima negocia\u00e7\u00e3o, em que [&hellip;]<\/p>\n","protected":false},"author":1,"featured_media":0,"comment_status":"closed","ping_status":"open","sticky":false,"template":"","format":"standard","meta":{"footnotes":""},"categories":[1],"tags":[619],"class_list":["post-20832","post","type-post","status-publish","format-standard","hentry","category-noticias","tag-convencao-coletiva"],"yoast_head":"<!-- This site is optimized with the Yoast SEO plugin v25.7 - https:\/\/yoast.com\/wordpress\/plugins\/seo\/ -->\n<title>Not\u00edcias da assembleia da Educa\u00e7\u00e3o Superior - Sinpro-Rio<\/title>\n<meta name=\"robots\" content=\"index, follow, max-snippet:-1, max-image-preview:large, max-video-preview:-1\" \/>\n<link rel=\"canonical\" href=\"https:\/\/www.sinpro-rio.org.br\/principal\/noticias-da-assembleia-da-educac-o-superior-2\/\" \/>\n<meta property=\"og:locale\" content=\"pt_BR\" \/>\n<meta property=\"og:type\" content=\"article\" \/>\n<meta property=\"og:title\" content=\"Not\u00edcias da assembleia da Educa\u00e7\u00e3o Superior - Sinpro-Rio\" \/>\n<meta property=\"og:description\" content=\"No dia 18 de abril, os professores da Educa\u00e7\u00e3o Superior do Ensino Privado se reuniram em assembleia para discutir os desdobramentos das parit\u00e1rias &#8211; entre o Sindicato e os patr\u00f5es &#8211; na Campanha Salarial de 2009. Ap\u00f3s os informes habituais, o primeiro-secret\u00e1rio do Sinpro-Rio, professor Marcelo Pereira, fez um relato da \u00faltima negocia\u00e7\u00e3o, em que [&hellip;]\" \/>\n<meta property=\"og:url\" content=\"https:\/\/www.sinpro-rio.org.br\/principal\/noticias-da-assembleia-da-educac-o-superior-2\/\" \/>\n<meta property=\"og:site_name\" content=\"Sinpro-Rio\" \/>\n<meta property=\"article:published_time\" content=\"2009-01-01T00:00:00+00:00\" \/>\n<meta property=\"article:modified_time\" content=\"2023-07-07T17:49:50+00:00\" \/>\n<meta name=\"author\" content=\"rafaelrjp\" \/>\n<meta name=\"twitter:card\" content=\"summary_large_image\" \/>\n<meta name=\"twitter:label1\" content=\"Escrito por\" \/>\n\t<meta name=\"twitter:data1\" content=\"rafaelrjp\" \/>\n\t<meta name=\"twitter:label2\" content=\"Est. tempo de leitura\" \/>\n\t<meta name=\"twitter:data2\" content=\"2 minutos\" \/>\n<script type=\"application\/ld+json\" class=\"yoast-schema-graph\">{\"@context\":\"https:\/\/schema.org\",\"@graph\":[{\"@type\":\"WebPage\",\"@id\":\"https:\/\/www.sinpro-rio.org.br\/principal\/noticias-da-assembleia-da-educac-o-superior-2\/\",\"url\":\"https:\/\/www.sinpro-rio.org.br\/principal\/noticias-da-assembleia-da-educac-o-superior-2\/\",\"name\":\"Not\u00edcias da assembleia da Educa\u00e7\u00e3o Superior - Sinpro-Rio\",\"isPartOf\":{\"@id\":\"https:\/\/www.sinpro-rio.org.br\/principal\/#website\"},\"datePublished\":\"2009-01-01T00:00:00+00:00\",\"dateModified\":\"2023-07-07T17:49:50+00:00\",\"author\":{\"@id\":\"https:\/\/www.sinpro-rio.org.br\/principal\/#\/schema\/person\/49feb585a2f57a31a6bd9f16f78e5be6\"},\"breadcrumb\":{\"@id\":\"https:\/\/www.sinpro-rio.org.br\/principal\/noticias-da-assembleia-da-educac-o-superior-2\/#breadcrumb\"},\"inLanguage\":\"pt-BR\",\"potentialAction\":[{\"@type\":\"ReadAction\",\"target\":[\"https:\/\/www.sinpro-rio.org.br\/principal\/noticias-da-assembleia-da-educac-o-superior-2\/\"]}]},{\"@type\":\"BreadcrumbList\",\"@id\":\"https:\/\/www.sinpro-rio.org.br\/principal\/noticias-da-assembleia-da-educac-o-superior-2\/#breadcrumb\",\"itemListElement\":[{\"@type\":\"ListItem\",\"position\":1,\"name\":\"In\u00edcio\",\"item\":\"https:\/\/www.sinpro-rio.org.br\/principal\/\"},{\"@type\":\"ListItem\",\"position\":2,\"name\":\"Not\u00edcias da assembleia da Educa\u00e7\u00e3o Superior\"}]},{\"@type\":\"WebSite\",\"@id\":\"https:\/\/www.sinpro-rio.org.br\/principal\/#website\",\"url\":\"https:\/\/www.sinpro-rio.org.br\/principal\/\",\"name\":\"Sinpro-Rio\",\"description\":\"Sindicato dos Professores do Munic\u00edpio do Rio de Janeiro e Regi\u00e3o\",\"potentialAction\":[{\"@type\":\"SearchAction\",\"target\":{\"@type\":\"EntryPoint\",\"urlTemplate\":\"https:\/\/www.sinpro-rio.org.br\/principal\/?s={search_term_string}\"},\"query-input\":{\"@type\":\"PropertyValueSpecification\",\"valueRequired\":true,\"valueName\":\"search_term_string\"}}],\"inLanguage\":\"pt-BR\"},{\"@type\":\"Person\",\"@id\":\"https:\/\/www.sinpro-rio.org.br\/principal\/#\/schema\/person\/49feb585a2f57a31a6bd9f16f78e5be6\",\"name\":\"rafaelrjp\",\"image\":{\"@type\":\"ImageObject\",\"inLanguage\":\"pt-BR\",\"@id\":\"https:\/\/www.sinpro-rio.org.br\/principal\/#\/schema\/person\/image\/\",\"url\":\"https:\/\/secure.gravatar.com\/avatar\/489371a0ba4655c340b519882c68cf68?s=96&d=mm&r=g\",\"contentUrl\":\"https:\/\/secure.gravatar.com\/avatar\/489371a0ba4655c340b519882c68cf68?s=96&d=mm&r=g\",\"caption\":\"rafaelrjp\"},\"url\":\"https:\/\/www.sinpro-rio.org.br\/principal\/author\/rafaelrjp\/\"}]}<\/script>\n<!-- \/ Yoast SEO plugin. -->","yoast_head_json":{"title":"Not\u00edcias da assembleia da Educa\u00e7\u00e3o Superior - Sinpro-Rio","robots":{"index":"index","follow":"follow","max-snippet":"max-snippet:-1","max-image-preview":"max-image-preview:large","max-video-preview":"max-video-preview:-1"},"canonical":"https:\/\/www.sinpro-rio.org.br\/principal\/noticias-da-assembleia-da-educac-o-superior-2\/","og_locale":"pt_BR","og_type":"article","og_title":"Not\u00edcias da assembleia da Educa\u00e7\u00e3o Superior - Sinpro-Rio","og_description":"No dia 18 de abril, os professores da Educa\u00e7\u00e3o Superior do Ensino Privado se reuniram em assembleia para discutir os desdobramentos das parit\u00e1rias &#8211; entre o Sindicato e os patr\u00f5es &#8211; na Campanha Salarial de 2009. Ap\u00f3s os informes habituais, o primeiro-secret\u00e1rio do Sinpro-Rio, professor Marcelo Pereira, fez um relato da \u00faltima negocia\u00e7\u00e3o, em que [&hellip;]","og_url":"https:\/\/www.sinpro-rio.org.br\/principal\/noticias-da-assembleia-da-educac-o-superior-2\/","og_site_name":"Sinpro-Rio","article_published_time":"2009-01-01T00:00:00+00:00","article_modified_time":"2023-07-07T17:49:50+00:00","author":"rafaelrjp","twitter_card":"summary_large_image","twitter_misc":{"Escrito por":"rafaelrjp","Est. tempo de leitura":"2 minutos"},"schema":{"@context":"https:\/\/schema.org","@graph":[{"@type":"WebPage","@id":"https:\/\/www.sinpro-rio.org.br\/principal\/noticias-da-assembleia-da-educac-o-superior-2\/","url":"https:\/\/www.sinpro-rio.org.br\/principal\/noticias-da-assembleia-da-educac-o-superior-2\/","name":"Not\u00edcias da assembleia da Educa\u00e7\u00e3o Superior - Sinpro-Rio","isPartOf":{"@id":"https:\/\/www.sinpro-rio.org.br\/principal\/#website"},"datePublished":"2009-01-01T00:00:00+00:00","dateModified":"2023-07-07T17:49:50+00:00","author":{"@id":"https:\/\/www.sinpro-rio.org.br\/principal\/#\/schema\/person\/49feb585a2f57a31a6bd9f16f78e5be6"},"breadcrumb":{"@id":"https:\/\/www.sinpro-rio.org.br\/principal\/noticias-da-assembleia-da-educac-o-superior-2\/#breadcrumb"},"inLanguage":"pt-BR","potentialAction":[{"@type":"ReadAction","target":["https:\/\/www.sinpro-rio.org.br\/principal\/noticias-da-assembleia-da-educac-o-superior-2\/"]}]},{"@type":"BreadcrumbList","@id":"https:\/\/www.sinpro-rio.org.br\/principal\/noticias-da-assembleia-da-educac-o-superior-2\/#breadcrumb","itemListElement":[{"@type":"ListItem","position":1,"name":"In\u00edcio","item":"https:\/\/www.sinpro-rio.org.br\/principal\/"},{"@type":"ListItem","position":2,"name":"Not\u00edcias da assembleia da Educa\u00e7\u00e3o Superior"}]},{"@type":"WebSite","@id":"https:\/\/www.sinpro-rio.org.br\/principal\/#website","url":"https:\/\/www.sinpro-rio.org.br\/principal\/","name":"Sinpro-Rio","description":"Sindicato dos Professores do Munic\u00edpio do Rio de Janeiro e Regi\u00e3o","potentialAction":[{"@type":"SearchAction","target":{"@type":"EntryPoint","urlTemplate":"https:\/\/www.sinpro-rio.org.br\/principal\/?s={search_term_string}"},"query-input":{"@type":"PropertyValueSpecification","valueRequired":true,"valueName":"search_term_string"}}],"inLanguage":"pt-BR"},{"@type":"Person","@id":"https:\/\/www.sinpro-rio.org.br\/principal\/#\/schema\/person\/49feb585a2f57a31a6bd9f16f78e5be6","name":"rafaelrjp","image":{"@type":"ImageObject","inLanguage":"pt-BR","@id":"https:\/\/www.sinpro-rio.org.br\/principal\/#\/schema\/person\/image\/","url":"https:\/\/secure.gravatar.com\/avatar\/489371a0ba4655c340b519882c68cf68?s=96&d=mm&r=g","contentUrl":"https:\/\/secure.gravatar.com\/avatar\/489371a0ba4655c340b519882c68cf68?s=96&d=mm&r=g","caption":"rafaelrjp"},"url":"https:\/\/www.sinpro-rio.org.br\/principal\/author\/rafaelrjp\/"}]}},"_links":{"self":[{"href":"https:\/\/www.sinpro-rio.org.br\/principal\/wp-json\/wp\/v2\/posts\/20832","targetHints":{"allow":["GET"]}}],"collection":[{"href":"https:\/\/www.sinpro-rio.org.br\/principal\/wp-json\/wp\/v2\/posts"}],"about":[{"href":"https:\/\/www.sinpro-rio.org.br\/principal\/wp-json\/wp\/v2\/types\/post"}],"author":[{"embeddable":true,"href":"https:\/\/www.sinpro-rio.org.br\/principal\/wp-json\/wp\/v2\/users\/1"}],"replies":[{"embeddable":true,"href":"https:\/\/www.sinpro-rio.org.br\/principal\/wp-json\/wp\/v2\/comments?post=20832"}],"version-history":[{"count":1,"href":"https:\/\/www.sinpro-rio.org.br\/principal\/wp-json\/wp\/v2\/posts\/20832\/revisions"}],"predecessor-version":[{"id":36178,"href":"https:\/\/www.sinpro-rio.org.br\/principal\/wp-json\/wp\/v2\/posts\/20832\/revisions\/36178"}],"wp:attachment":[{"href":"https:\/\/www.sinpro-rio.org.br\/principal\/wp-json\/wp\/v2\/media?parent=20832"}],"wp:term":[{"taxonomy":"category","embeddable":true,"href":"https:\/\/www.sinpro-rio.org.br\/principal\/wp-json\/wp\/v2\/categories?post=20832"},{"taxonomy":"post_tag","embeddable":true,"href":"https:\/\/www.sinpro-rio.org.br\/principal\/wp-json\/wp\/v2\/tags?post=20832"}],"curies":[{"name":"wp","href":"https:\/\/api.w.org\/{rel}","templated":true}]}}