{"id":20830,"date":"2009-01-01T00:00:00","date_gmt":"2009-01-01T00:00:00","guid":{"rendered":""},"modified":"-0001-11-30T00:00:00","modified_gmt":"-0001-11-30T03:00:00","slug":"mobilizac-o-por-melhores-condic-es-de-trabalho-e-saude-dos-professores-em-campo-grande","status":"publish","type":"post","link":"https:\/\/www.sinpro-rio.org.br\/principal\/mobilizac-o-por-melhores-condic-es-de-trabalho-e-saude-dos-professores-em-campo-grande\/","title":{"rendered":"Mobiliza\u00e7\u00e3o por melhores condi\u00e7\u00f5es de trabalho e sa\u00fade dos professores em Campo Grande"},"content":{"rendered":"<div class=\"alvo1\">\n<p>No \u00faltimo dia 27, o Sinpro-Rio esteve presente no cal\u00e7ad\u00e3o de Campo Grande, reivindicando melhores condi\u00e7\u00f5es de trabalho e sa\u00fade para a categoria. A popula\u00e7\u00e3o foi conferir as den\u00fancias e as exig\u00eancias dos professores, dentre elas o n\u00famero excessivo de alunos em sala de aula, a dif\u00edcil negocia\u00e7\u00e3o com o patronato na Campanha Salarial de 2009, a luta por um calend\u00e1rio \u00fanico e pelas f\u00e9rias em janeiro, entre outras.<\/p>\n<p>Com o apoio do Centro de Estudos e Divulga\u00e7\u00e3o das Culturas Negras (Cedicun) e do Movimento Cultural de Campo Grande, a mobiliza\u00e7\u00e3o contou com as presen\u00e7as de Darby Igayara, representante da CUT-RJ; de representantes da Copap, nas figuras das diretoras Adalgiza Burity, Mariza Muniz e Leila Azevedo, al\u00e9m dos aposentados sempre presentes nas lutas do sindicato; e dos diretores Afonso Celso Teixeira, Afonso Maria Furtado, \u00c1guida Cavalcanti, Andr\u00e9 Marinho, Antonio Rodrigues, Celeste Morgado, Dilson Ribeiro, Glenio do Nascimento, Ireni Felizardo, Jos\u00e9 Angelo de Souza, Jos\u00e9 Cloves Praxedes, Maria do C\u00e9u Carvalho, Olney Almeida, V\u00e2nio Lenzi, Vera C\u00e2mara, Viviane Siqueira e Wanderley Qu\u00eado.<\/p>\n<p>Confira aqui algumas fotos e aqui o v\u00eddeo da mobiliza\u00e7\u00e3o \n<\/p>\n<\/div>\n","protected":false},"excerpt":{"rendered":"<p>No \u00faltimo dia 27, o Sinpro-Rio esteve presente no cal\u00e7ad\u00e3o de Campo Grande, reivindicando melhores condi\u00e7\u00f5es de trabalho e sa\u00fade para a categoria. A popula\u00e7\u00e3o foi conferir as den\u00fancias e as exig\u00eancias dos professores, dentre elas o n\u00famero excessivo de alunos em sala de aula, a dif\u00edcil negocia\u00e7\u00e3o com o patronato na Campanha Salarial de [&hellip;]<\/p>\n","protected":false},"author":1,"featured_media":0,"comment_status":"closed","ping_status":"open","sticky":false,"template":"","format":"standard","meta":{"footnotes":""},"categories":[1],"tags":[],"class_list":["post-20830","post","type-post","status-publish","format-standard","hentry","category-noticias"],"yoast_head":"<!-- This site is optimized with the Yoast SEO plugin v25.7 - https:\/\/yoast.com\/wordpress\/plugins\/seo\/ -->\n<title>Mobiliza\u00e7\u00e3o por melhores condi\u00e7\u00f5es de trabalho e sa\u00fade dos professores em Campo Grande - Sinpro-Rio<\/title>\n<meta name=\"robots\" content=\"index, follow, max-snippet:-1, max-image-preview:large, max-video-preview:-1\" \/>\n<link rel=\"canonical\" href=\"https:\/\/www.sinpro-rio.org.br\/principal\/mobilizac-o-por-melhores-condic-es-de-trabalho-e-saude-dos-professores-em-campo-grande\/\" \/>\n<meta property=\"og:locale\" content=\"pt_BR\" \/>\n<meta property=\"og:type\" content=\"article\" \/>\n<meta property=\"og:title\" content=\"Mobiliza\u00e7\u00e3o por melhores condi\u00e7\u00f5es de trabalho e sa\u00fade dos professores em Campo Grande - Sinpro-Rio\" \/>\n<meta property=\"og:description\" content=\"No \u00faltimo dia 27, o Sinpro-Rio esteve presente no cal\u00e7ad\u00e3o de Campo Grande, reivindicando melhores condi\u00e7\u00f5es de trabalho e sa\u00fade para a categoria. A popula\u00e7\u00e3o foi conferir as den\u00fancias e as exig\u00eancias dos professores, dentre elas o n\u00famero excessivo de alunos em sala de aula, a dif\u00edcil negocia\u00e7\u00e3o com o patronato na Campanha Salarial de [&hellip;]\" \/>\n<meta property=\"og:url\" content=\"https:\/\/www.sinpro-rio.org.br\/principal\/mobilizac-o-por-melhores-condic-es-de-trabalho-e-saude-dos-professores-em-campo-grande\/\" \/>\n<meta property=\"og:site_name\" content=\"Sinpro-Rio\" \/>\n<meta property=\"article:published_time\" content=\"2009-01-01T00:00:00+00:00\" \/>\n<meta name=\"author\" content=\"rafaelrjp\" \/>\n<meta name=\"twitter:card\" content=\"summary_large_image\" \/>\n<meta name=\"twitter:label1\" content=\"Escrito por\" \/>\n\t<meta name=\"twitter:data1\" content=\"rafaelrjp\" \/>\n\t<meta name=\"twitter:label2\" content=\"Est. tempo de leitura\" \/>\n\t<meta name=\"twitter:data2\" content=\"1 minuto\" \/>\n<script type=\"application\/ld+json\" class=\"yoast-schema-graph\">{\"@context\":\"https:\/\/schema.org\",\"@graph\":[{\"@type\":\"WebPage\",\"@id\":\"https:\/\/www.sinpro-rio.org.br\/principal\/mobilizac-o-por-melhores-condic-es-de-trabalho-e-saude-dos-professores-em-campo-grande\/\",\"url\":\"https:\/\/www.sinpro-rio.org.br\/principal\/mobilizac-o-por-melhores-condic-es-de-trabalho-e-saude-dos-professores-em-campo-grande\/\",\"name\":\"Mobiliza\u00e7\u00e3o por melhores condi\u00e7\u00f5es de trabalho e sa\u00fade dos professores em Campo Grande - Sinpro-Rio\",\"isPartOf\":{\"@id\":\"https:\/\/www.sinpro-rio.org.br\/principal\/#website\"},\"datePublished\":\"2009-01-01T00:00:00+00:00\",\"author\":{\"@id\":\"https:\/\/www.sinpro-rio.org.br\/principal\/#\/schema\/person\/49feb585a2f57a31a6bd9f16f78e5be6\"},\"breadcrumb\":{\"@id\":\"https:\/\/www.sinpro-rio.org.br\/principal\/mobilizac-o-por-melhores-condic-es-de-trabalho-e-saude-dos-professores-em-campo-grande\/#breadcrumb\"},\"inLanguage\":\"pt-BR\",\"potentialAction\":[{\"@type\":\"ReadAction\",\"target\":[\"https:\/\/www.sinpro-rio.org.br\/principal\/mobilizac-o-por-melhores-condic-es-de-trabalho-e-saude-dos-professores-em-campo-grande\/\"]}]},{\"@type\":\"BreadcrumbList\",\"@id\":\"https:\/\/www.sinpro-rio.org.br\/principal\/mobilizac-o-por-melhores-condic-es-de-trabalho-e-saude-dos-professores-em-campo-grande\/#breadcrumb\",\"itemListElement\":[{\"@type\":\"ListItem\",\"position\":1,\"name\":\"In\u00edcio\",\"item\":\"https:\/\/www.sinpro-rio.org.br\/principal\/\"},{\"@type\":\"ListItem\",\"position\":2,\"name\":\"Mobiliza\u00e7\u00e3o por melhores condi\u00e7\u00f5es de trabalho e sa\u00fade dos professores em Campo Grande\"}]},{\"@type\":\"WebSite\",\"@id\":\"https:\/\/www.sinpro-rio.org.br\/principal\/#website\",\"url\":\"https:\/\/www.sinpro-rio.org.br\/principal\/\",\"name\":\"Sinpro-Rio\",\"description\":\"Sindicato dos Professores do Munic\u00edpio do Rio de Janeiro e Regi\u00e3o\",\"potentialAction\":[{\"@type\":\"SearchAction\",\"target\":{\"@type\":\"EntryPoint\",\"urlTemplate\":\"https:\/\/www.sinpro-rio.org.br\/principal\/?s={search_term_string}\"},\"query-input\":{\"@type\":\"PropertyValueSpecification\",\"valueRequired\":true,\"valueName\":\"search_term_string\"}}],\"inLanguage\":\"pt-BR\"},{\"@type\":\"Person\",\"@id\":\"https:\/\/www.sinpro-rio.org.br\/principal\/#\/schema\/person\/49feb585a2f57a31a6bd9f16f78e5be6\",\"name\":\"rafaelrjp\",\"image\":{\"@type\":\"ImageObject\",\"inLanguage\":\"pt-BR\",\"@id\":\"https:\/\/www.sinpro-rio.org.br\/principal\/#\/schema\/person\/image\/\",\"url\":\"https:\/\/secure.gravatar.com\/avatar\/489371a0ba4655c340b519882c68cf68?s=96&d=mm&r=g\",\"contentUrl\":\"https:\/\/secure.gravatar.com\/avatar\/489371a0ba4655c340b519882c68cf68?s=96&d=mm&r=g\",\"caption\":\"rafaelrjp\"},\"url\":\"https:\/\/www.sinpro-rio.org.br\/principal\/author\/rafaelrjp\/\"}]}<\/script>\n<!-- \/ Yoast SEO plugin. -->","yoast_head_json":{"title":"Mobiliza\u00e7\u00e3o por melhores condi\u00e7\u00f5es de trabalho e sa\u00fade dos professores em Campo Grande - Sinpro-Rio","robots":{"index":"index","follow":"follow","max-snippet":"max-snippet:-1","max-image-preview":"max-image-preview:large","max-video-preview":"max-video-preview:-1"},"canonical":"https:\/\/www.sinpro-rio.org.br\/principal\/mobilizac-o-por-melhores-condic-es-de-trabalho-e-saude-dos-professores-em-campo-grande\/","og_locale":"pt_BR","og_type":"article","og_title":"Mobiliza\u00e7\u00e3o por melhores condi\u00e7\u00f5es de trabalho e sa\u00fade dos professores em Campo Grande - Sinpro-Rio","og_description":"No \u00faltimo dia 27, o Sinpro-Rio esteve presente no cal\u00e7ad\u00e3o de Campo Grande, reivindicando melhores condi\u00e7\u00f5es de trabalho e sa\u00fade para a categoria. A popula\u00e7\u00e3o foi conferir as den\u00fancias e as exig\u00eancias dos professores, dentre elas o n\u00famero excessivo de alunos em sala de aula, a dif\u00edcil negocia\u00e7\u00e3o com o patronato na Campanha Salarial de [&hellip;]","og_url":"https:\/\/www.sinpro-rio.org.br\/principal\/mobilizac-o-por-melhores-condic-es-de-trabalho-e-saude-dos-professores-em-campo-grande\/","og_site_name":"Sinpro-Rio","article_published_time":"2009-01-01T00:00:00+00:00","author":"rafaelrjp","twitter_card":"summary_large_image","twitter_misc":{"Escrito por":"rafaelrjp","Est. tempo de leitura":"1 minuto"},"schema":{"@context":"https:\/\/schema.org","@graph":[{"@type":"WebPage","@id":"https:\/\/www.sinpro-rio.org.br\/principal\/mobilizac-o-por-melhores-condic-es-de-trabalho-e-saude-dos-professores-em-campo-grande\/","url":"https:\/\/www.sinpro-rio.org.br\/principal\/mobilizac-o-por-melhores-condic-es-de-trabalho-e-saude-dos-professores-em-campo-grande\/","name":"Mobiliza\u00e7\u00e3o por melhores condi\u00e7\u00f5es de trabalho e sa\u00fade dos professores em Campo Grande - Sinpro-Rio","isPartOf":{"@id":"https:\/\/www.sinpro-rio.org.br\/principal\/#website"},"datePublished":"2009-01-01T00:00:00+00:00","author":{"@id":"https:\/\/www.sinpro-rio.org.br\/principal\/#\/schema\/person\/49feb585a2f57a31a6bd9f16f78e5be6"},"breadcrumb":{"@id":"https:\/\/www.sinpro-rio.org.br\/principal\/mobilizac-o-por-melhores-condic-es-de-trabalho-e-saude-dos-professores-em-campo-grande\/#breadcrumb"},"inLanguage":"pt-BR","potentialAction":[{"@type":"ReadAction","target":["https:\/\/www.sinpro-rio.org.br\/principal\/mobilizac-o-por-melhores-condic-es-de-trabalho-e-saude-dos-professores-em-campo-grande\/"]}]},{"@type":"BreadcrumbList","@id":"https:\/\/www.sinpro-rio.org.br\/principal\/mobilizac-o-por-melhores-condic-es-de-trabalho-e-saude-dos-professores-em-campo-grande\/#breadcrumb","itemListElement":[{"@type":"ListItem","position":1,"name":"In\u00edcio","item":"https:\/\/www.sinpro-rio.org.br\/principal\/"},{"@type":"ListItem","position":2,"name":"Mobiliza\u00e7\u00e3o por melhores condi\u00e7\u00f5es de trabalho e sa\u00fade dos professores em Campo Grande"}]},{"@type":"WebSite","@id":"https:\/\/www.sinpro-rio.org.br\/principal\/#website","url":"https:\/\/www.sinpro-rio.org.br\/principal\/","name":"Sinpro-Rio","description":"Sindicato dos Professores do Munic\u00edpio do Rio de Janeiro e Regi\u00e3o","potentialAction":[{"@type":"SearchAction","target":{"@type":"EntryPoint","urlTemplate":"https:\/\/www.sinpro-rio.org.br\/principal\/?s={search_term_string}"},"query-input":{"@type":"PropertyValueSpecification","valueRequired":true,"valueName":"search_term_string"}}],"inLanguage":"pt-BR"},{"@type":"Person","@id":"https:\/\/www.sinpro-rio.org.br\/principal\/#\/schema\/person\/49feb585a2f57a31a6bd9f16f78e5be6","name":"rafaelrjp","image":{"@type":"ImageObject","inLanguage":"pt-BR","@id":"https:\/\/www.sinpro-rio.org.br\/principal\/#\/schema\/person\/image\/","url":"https:\/\/secure.gravatar.com\/avatar\/489371a0ba4655c340b519882c68cf68?s=96&d=mm&r=g","contentUrl":"https:\/\/secure.gravatar.com\/avatar\/489371a0ba4655c340b519882c68cf68?s=96&d=mm&r=g","caption":"rafaelrjp"},"url":"https:\/\/www.sinpro-rio.org.br\/principal\/author\/rafaelrjp\/"}]}},"_links":{"self":[{"href":"https:\/\/www.sinpro-rio.org.br\/principal\/wp-json\/wp\/v2\/posts\/20830","targetHints":{"allow":["GET"]}}],"collection":[{"href":"https:\/\/www.sinpro-rio.org.br\/principal\/wp-json\/wp\/v2\/posts"}],"about":[{"href":"https:\/\/www.sinpro-rio.org.br\/principal\/wp-json\/wp\/v2\/types\/post"}],"author":[{"embeddable":true,"href":"https:\/\/www.sinpro-rio.org.br\/principal\/wp-json\/wp\/v2\/users\/1"}],"replies":[{"embeddable":true,"href":"https:\/\/www.sinpro-rio.org.br\/principal\/wp-json\/wp\/v2\/comments?post=20830"}],"version-history":[{"count":0,"href":"https:\/\/www.sinpro-rio.org.br\/principal\/wp-json\/wp\/v2\/posts\/20830\/revisions"}],"wp:attachment":[{"href":"https:\/\/www.sinpro-rio.org.br\/principal\/wp-json\/wp\/v2\/media?parent=20830"}],"wp:term":[{"taxonomy":"category","embeddable":true,"href":"https:\/\/www.sinpro-rio.org.br\/principal\/wp-json\/wp\/v2\/categories?post=20830"},{"taxonomy":"post_tag","embeddable":true,"href":"https:\/\/www.sinpro-rio.org.br\/principal\/wp-json\/wp\/v2\/tags?post=20830"}],"curies":[{"name":"wp","href":"https:\/\/api.w.org\/{rel}","templated":true}]}}