{"id":20825,"date":"2009-01-01T00:00:00","date_gmt":"2009-01-01T00:00:00","guid":{"rendered":""},"modified":"-0001-11-30T00:00:00","modified_gmt":"-0001-11-30T03:00:00","slug":"sinpro-rio-faz-ato-publico-na-cinel-ndia","status":"publish","type":"post","link":"https:\/\/www.sinpro-rio.org.br\/principal\/sinpro-rio-faz-ato-publico-na-cinel-ndia\/","title":{"rendered":"Sinpro-Rio faz ato p\u00fablico na Cinel\u00e2ndia"},"content":{"rendered":"<div class=\"alvo1\">\n<p>No dia 29 de abril, o Sinpro-Rio mobilizou os professores da rede particular para a luta por melhores sal\u00e1rios, condi\u00e7\u00f5es de trabalho e sa\u00fade em frente \u00e0 C\u00e2mara dos Vereadores, na Cinel\u00e2ndia.<\/p>\n<p>Durante o ato p\u00fablico, foram feitas den\u00fancias sobre a penosa realidade dos professores, que enfrentam sala de aula lotadas, ass\u00e9dio moral, s\u00edndrome de Burnout e a dif\u00edcil negocia\u00e7\u00e3o com o patronato na Campanha Salarial de 2009, al\u00e9m da luta por um calend\u00e1rio \u00fanico e pelas f\u00e9rias em janeiro.<\/p>\n<p>A manifesta\u00e7\u00e3o, que contou com a presen\u00e7a em massa da Diretoria do Sinpro-Rio, teve o apoio do vereador Reimont (PT), que esteve presente ao ato e parabenizou a mobiliza\u00e7\u00e3o. Tamb\u00e9m apoiaram o movimento o Sinpro-Petr\u00f3polis, representado pelo professor Luiz Alberto Grossi; o Sinpro-Nova Friburgo, pelo professor Francisco Levi; o Sinpro-Maca\u00e9, pela professora Guilhermina da Rocha; al\u00e9m da Contee, presente na figura do companheiro Jos\u00e9 Roberto; e da CUT-RJ, atr\u00e1ves do sindicalista Darby Igayara.<\/p>\n<p>Diversos professores se manifestaram, entre eles, o presidente do Sinpro-Rio, Wanderley Qu\u00eado, que defendeu que a &#8220;escola deve ser para todos&#8221;. Segundo Wanderley, dizer que a escola particular \u00e9 a solu\u00e7\u00e3o \u00e9 um absurdo.<\/p>\n<p>&#8211; Uma escola que cobra mais de R$ 1.000 de mensalidade n\u00e3o pode ser a melhor do pa\u00eds, porque n\u00e3o \u00e9 para todos! &#8211; enfatizou o presidente.<\/p>\n<p>Para o primeiro-tesoureiro do Sinpro-Rio, professor Afonso Maria, os donos do capital est\u00e3o querendo p\u00f4r a culpa na crise para explorar os trabalhadores.<\/p>\n<p>&#8211; Viemos aqui denunciar. O professor n\u00e3o vai pagar pela crise &#8211; afirmou Afonso.<\/p>\n<p>O pr\u00f3ximo passo da mobiliza\u00e7\u00e3o acontecer\u00e1, no dia 5 de maio, \u00e0s 10h, na audi\u00eancia p\u00fablica sobre Condi\u00e7\u00f5es de Trabalho e Sa\u00fade do Professor, que ser\u00e1 realizada na C\u00e2mara de Vereadores do Rio, uma audi\u00eancia p\u00fablica, promovida pela Comiss\u00e3o Permanente da Educa\u00e7\u00e3o e Cultura da Casa.<\/p>\n<p>Para ver fotos clique aqui. \n<\/p>\n<\/div>\n","protected":false},"excerpt":{"rendered":"<p>No dia 29 de abril, o Sinpro-Rio mobilizou os professores da rede particular para a luta por melhores sal\u00e1rios, condi\u00e7\u00f5es de trabalho e sa\u00fade em frente \u00e0 C\u00e2mara dos Vereadores, na Cinel\u00e2ndia. Durante o ato p\u00fablico, foram feitas den\u00fancias sobre a penosa realidade dos professores, que enfrentam sala de aula lotadas, ass\u00e9dio moral, s\u00edndrome de [&hellip;]<\/p>\n","protected":false},"author":1,"featured_media":0,"comment_status":"closed","ping_status":"open","sticky":false,"template":"","format":"standard","meta":{"footnotes":""},"categories":[1],"tags":[],"class_list":["post-20825","post","type-post","status-publish","format-standard","hentry","category-noticias"],"yoast_head":"<!-- This site is optimized with the Yoast SEO plugin v25.7 - https:\/\/yoast.com\/wordpress\/plugins\/seo\/ -->\n<title>Sinpro-Rio faz ato p\u00fablico na Cinel\u00e2ndia - Sinpro-Rio<\/title>\n<meta name=\"robots\" content=\"index, follow, max-snippet:-1, max-image-preview:large, max-video-preview:-1\" \/>\n<link rel=\"canonical\" href=\"https:\/\/www.sinpro-rio.org.br\/principal\/sinpro-rio-faz-ato-publico-na-cinel-ndia\/\" \/>\n<meta property=\"og:locale\" content=\"pt_BR\" \/>\n<meta property=\"og:type\" content=\"article\" \/>\n<meta property=\"og:title\" content=\"Sinpro-Rio faz ato p\u00fablico na Cinel\u00e2ndia - Sinpro-Rio\" \/>\n<meta property=\"og:description\" content=\"No dia 29 de abril, o Sinpro-Rio mobilizou os professores da rede particular para a luta por melhores sal\u00e1rios, condi\u00e7\u00f5es de trabalho e sa\u00fade em frente \u00e0 C\u00e2mara dos Vereadores, na Cinel\u00e2ndia. Durante o ato p\u00fablico, foram feitas den\u00fancias sobre a penosa realidade dos professores, que enfrentam sala de aula lotadas, ass\u00e9dio moral, s\u00edndrome de [&hellip;]\" \/>\n<meta property=\"og:url\" content=\"https:\/\/www.sinpro-rio.org.br\/principal\/sinpro-rio-faz-ato-publico-na-cinel-ndia\/\" \/>\n<meta property=\"og:site_name\" content=\"Sinpro-Rio\" \/>\n<meta property=\"article:published_time\" content=\"2009-01-01T00:00:00+00:00\" \/>\n<meta name=\"author\" content=\"rafaelrjp\" \/>\n<meta name=\"twitter:card\" content=\"summary_large_image\" \/>\n<meta name=\"twitter:label1\" content=\"Escrito por\" \/>\n\t<meta name=\"twitter:data1\" content=\"rafaelrjp\" \/>\n\t<meta name=\"twitter:label2\" content=\"Est. tempo de leitura\" \/>\n\t<meta name=\"twitter:data2\" content=\"2 minutos\" \/>\n<script type=\"application\/ld+json\" class=\"yoast-schema-graph\">{\"@context\":\"https:\/\/schema.org\",\"@graph\":[{\"@type\":\"WebPage\",\"@id\":\"https:\/\/www.sinpro-rio.org.br\/principal\/sinpro-rio-faz-ato-publico-na-cinel-ndia\/\",\"url\":\"https:\/\/www.sinpro-rio.org.br\/principal\/sinpro-rio-faz-ato-publico-na-cinel-ndia\/\",\"name\":\"Sinpro-Rio faz ato p\u00fablico na Cinel\u00e2ndia - Sinpro-Rio\",\"isPartOf\":{\"@id\":\"https:\/\/www.sinpro-rio.org.br\/principal\/#website\"},\"datePublished\":\"2009-01-01T00:00:00+00:00\",\"author\":{\"@id\":\"https:\/\/www.sinpro-rio.org.br\/principal\/#\/schema\/person\/49feb585a2f57a31a6bd9f16f78e5be6\"},\"breadcrumb\":{\"@id\":\"https:\/\/www.sinpro-rio.org.br\/principal\/sinpro-rio-faz-ato-publico-na-cinel-ndia\/#breadcrumb\"},\"inLanguage\":\"pt-BR\",\"potentialAction\":[{\"@type\":\"ReadAction\",\"target\":[\"https:\/\/www.sinpro-rio.org.br\/principal\/sinpro-rio-faz-ato-publico-na-cinel-ndia\/\"]}]},{\"@type\":\"BreadcrumbList\",\"@id\":\"https:\/\/www.sinpro-rio.org.br\/principal\/sinpro-rio-faz-ato-publico-na-cinel-ndia\/#breadcrumb\",\"itemListElement\":[{\"@type\":\"ListItem\",\"position\":1,\"name\":\"In\u00edcio\",\"item\":\"https:\/\/www.sinpro-rio.org.br\/principal\/\"},{\"@type\":\"ListItem\",\"position\":2,\"name\":\"Sinpro-Rio faz ato p\u00fablico na Cinel\u00e2ndia\"}]},{\"@type\":\"WebSite\",\"@id\":\"https:\/\/www.sinpro-rio.org.br\/principal\/#website\",\"url\":\"https:\/\/www.sinpro-rio.org.br\/principal\/\",\"name\":\"Sinpro-Rio\",\"description\":\"Sindicato dos Professores do Munic\u00edpio do Rio de Janeiro e Regi\u00e3o\",\"potentialAction\":[{\"@type\":\"SearchAction\",\"target\":{\"@type\":\"EntryPoint\",\"urlTemplate\":\"https:\/\/www.sinpro-rio.org.br\/principal\/?s={search_term_string}\"},\"query-input\":{\"@type\":\"PropertyValueSpecification\",\"valueRequired\":true,\"valueName\":\"search_term_string\"}}],\"inLanguage\":\"pt-BR\"},{\"@type\":\"Person\",\"@id\":\"https:\/\/www.sinpro-rio.org.br\/principal\/#\/schema\/person\/49feb585a2f57a31a6bd9f16f78e5be6\",\"name\":\"rafaelrjp\",\"image\":{\"@type\":\"ImageObject\",\"inLanguage\":\"pt-BR\",\"@id\":\"https:\/\/www.sinpro-rio.org.br\/principal\/#\/schema\/person\/image\/\",\"url\":\"https:\/\/secure.gravatar.com\/avatar\/489371a0ba4655c340b519882c68cf68?s=96&d=mm&r=g\",\"contentUrl\":\"https:\/\/secure.gravatar.com\/avatar\/489371a0ba4655c340b519882c68cf68?s=96&d=mm&r=g\",\"caption\":\"rafaelrjp\"},\"url\":\"https:\/\/www.sinpro-rio.org.br\/principal\/author\/rafaelrjp\/\"}]}<\/script>\n<!-- \/ Yoast SEO plugin. -->","yoast_head_json":{"title":"Sinpro-Rio faz ato p\u00fablico na Cinel\u00e2ndia - Sinpro-Rio","robots":{"index":"index","follow":"follow","max-snippet":"max-snippet:-1","max-image-preview":"max-image-preview:large","max-video-preview":"max-video-preview:-1"},"canonical":"https:\/\/www.sinpro-rio.org.br\/principal\/sinpro-rio-faz-ato-publico-na-cinel-ndia\/","og_locale":"pt_BR","og_type":"article","og_title":"Sinpro-Rio faz ato p\u00fablico na Cinel\u00e2ndia - Sinpro-Rio","og_description":"No dia 29 de abril, o Sinpro-Rio mobilizou os professores da rede particular para a luta por melhores sal\u00e1rios, condi\u00e7\u00f5es de trabalho e sa\u00fade em frente \u00e0 C\u00e2mara dos Vereadores, na Cinel\u00e2ndia. Durante o ato p\u00fablico, foram feitas den\u00fancias sobre a penosa realidade dos professores, que enfrentam sala de aula lotadas, ass\u00e9dio moral, s\u00edndrome de [&hellip;]","og_url":"https:\/\/www.sinpro-rio.org.br\/principal\/sinpro-rio-faz-ato-publico-na-cinel-ndia\/","og_site_name":"Sinpro-Rio","article_published_time":"2009-01-01T00:00:00+00:00","author":"rafaelrjp","twitter_card":"summary_large_image","twitter_misc":{"Escrito por":"rafaelrjp","Est. tempo de leitura":"2 minutos"},"schema":{"@context":"https:\/\/schema.org","@graph":[{"@type":"WebPage","@id":"https:\/\/www.sinpro-rio.org.br\/principal\/sinpro-rio-faz-ato-publico-na-cinel-ndia\/","url":"https:\/\/www.sinpro-rio.org.br\/principal\/sinpro-rio-faz-ato-publico-na-cinel-ndia\/","name":"Sinpro-Rio faz ato p\u00fablico na Cinel\u00e2ndia - Sinpro-Rio","isPartOf":{"@id":"https:\/\/www.sinpro-rio.org.br\/principal\/#website"},"datePublished":"2009-01-01T00:00:00+00:00","author":{"@id":"https:\/\/www.sinpro-rio.org.br\/principal\/#\/schema\/person\/49feb585a2f57a31a6bd9f16f78e5be6"},"breadcrumb":{"@id":"https:\/\/www.sinpro-rio.org.br\/principal\/sinpro-rio-faz-ato-publico-na-cinel-ndia\/#breadcrumb"},"inLanguage":"pt-BR","potentialAction":[{"@type":"ReadAction","target":["https:\/\/www.sinpro-rio.org.br\/principal\/sinpro-rio-faz-ato-publico-na-cinel-ndia\/"]}]},{"@type":"BreadcrumbList","@id":"https:\/\/www.sinpro-rio.org.br\/principal\/sinpro-rio-faz-ato-publico-na-cinel-ndia\/#breadcrumb","itemListElement":[{"@type":"ListItem","position":1,"name":"In\u00edcio","item":"https:\/\/www.sinpro-rio.org.br\/principal\/"},{"@type":"ListItem","position":2,"name":"Sinpro-Rio faz ato p\u00fablico na Cinel\u00e2ndia"}]},{"@type":"WebSite","@id":"https:\/\/www.sinpro-rio.org.br\/principal\/#website","url":"https:\/\/www.sinpro-rio.org.br\/principal\/","name":"Sinpro-Rio","description":"Sindicato dos Professores do Munic\u00edpio do Rio de Janeiro e Regi\u00e3o","potentialAction":[{"@type":"SearchAction","target":{"@type":"EntryPoint","urlTemplate":"https:\/\/www.sinpro-rio.org.br\/principal\/?s={search_term_string}"},"query-input":{"@type":"PropertyValueSpecification","valueRequired":true,"valueName":"search_term_string"}}],"inLanguage":"pt-BR"},{"@type":"Person","@id":"https:\/\/www.sinpro-rio.org.br\/principal\/#\/schema\/person\/49feb585a2f57a31a6bd9f16f78e5be6","name":"rafaelrjp","image":{"@type":"ImageObject","inLanguage":"pt-BR","@id":"https:\/\/www.sinpro-rio.org.br\/principal\/#\/schema\/person\/image\/","url":"https:\/\/secure.gravatar.com\/avatar\/489371a0ba4655c340b519882c68cf68?s=96&d=mm&r=g","contentUrl":"https:\/\/secure.gravatar.com\/avatar\/489371a0ba4655c340b519882c68cf68?s=96&d=mm&r=g","caption":"rafaelrjp"},"url":"https:\/\/www.sinpro-rio.org.br\/principal\/author\/rafaelrjp\/"}]}},"_links":{"self":[{"href":"https:\/\/www.sinpro-rio.org.br\/principal\/wp-json\/wp\/v2\/posts\/20825","targetHints":{"allow":["GET"]}}],"collection":[{"href":"https:\/\/www.sinpro-rio.org.br\/principal\/wp-json\/wp\/v2\/posts"}],"about":[{"href":"https:\/\/www.sinpro-rio.org.br\/principal\/wp-json\/wp\/v2\/types\/post"}],"author":[{"embeddable":true,"href":"https:\/\/www.sinpro-rio.org.br\/principal\/wp-json\/wp\/v2\/users\/1"}],"replies":[{"embeddable":true,"href":"https:\/\/www.sinpro-rio.org.br\/principal\/wp-json\/wp\/v2\/comments?post=20825"}],"version-history":[{"count":0,"href":"https:\/\/www.sinpro-rio.org.br\/principal\/wp-json\/wp\/v2\/posts\/20825\/revisions"}],"wp:attachment":[{"href":"https:\/\/www.sinpro-rio.org.br\/principal\/wp-json\/wp\/v2\/media?parent=20825"}],"wp:term":[{"taxonomy":"category","embeddable":true,"href":"https:\/\/www.sinpro-rio.org.br\/principal\/wp-json\/wp\/v2\/categories?post=20825"},{"taxonomy":"post_tag","embeddable":true,"href":"https:\/\/www.sinpro-rio.org.br\/principal\/wp-json\/wp\/v2\/tags?post=20825"}],"curies":[{"name":"wp","href":"https:\/\/api.w.org\/{rel}","templated":true}]}}