{"id":20824,"date":"2009-01-01T00:00:00","date_gmt":"2009-01-01T00:00:00","guid":{"rendered":""},"modified":"-0001-11-30T00:00:00","modified_gmt":"-0001-11-30T03:00:00","slug":"lancamento-do-concurso-de-redac-o-camelia-da-liberdade-2009","status":"publish","type":"post","link":"https:\/\/www.sinpro-rio.org.br\/principal\/lancamento-do-concurso-de-redac-o-camelia-da-liberdade-2009\/","title":{"rendered":"Lan\u00e7amento do Concurso de Reda\u00e7\u00e3o Cam\u00e9lia da Liberdade 2009"},"content":{"rendered":"<div class=\"alvo1\">\n<p>O Centro de Articula\u00e7\u00e3o de Popula\u00e7\u00f5es Marginalizadas (Ceap) lan\u00e7ou, no \u00faltimo dia 29 de abril, no Col\u00e9gio Pedro II, o quarto Concurso de Reda\u00e7\u00e3o Cam\u00e9lia da Liberdade, que tem como tema deste ano &#8220;100 anos de Solano Trindade, o poeta do povo&#8221;.<\/p>\n<p>O evento teve in\u00edcio com uma solenidade que contou com a presen\u00e7a de Denise Pessoa, representante do Col\u00e9gio Pedro II; Fernando Francisco, da Petrobras; Maria de Lourdes Bernardes, da Funda\u00e7\u00e3o Cesgranrio; Nelito Rodrigues, superintendente da Secretaria de Educa\u00e7\u00e3o; Sergio Maia, representante das escolas cat\u00f3licas do Rio de Janeiro; e da diretora do Sinpro-Rio Gl\u00f3rya Ramos. Ap\u00f3s, a cerim\u00f4nia o grupo de funk Os Muleques fez uma apresenta\u00e7\u00e3o inspirada nos poemas de Solano Trindade.<\/p>\n<p>Na parte da tarde, os alunos puderam participar de oficinas de teatro baseadas em obras do poeta e os professores assistiram a palestras sobre sua vida, ministrada por Carmem Greg\u00f3rio. Os docentes tamb\u00e9m tiveram a oportunidade de conhecer projetos bem sucedidos de estabelecimentos de ensino que implementaram a Lei n\u00ba 10.639, de 2003, que incluiu a hist\u00f3ria e cultura afro-brasileira no curr\u00edculo da rede de ensino, com os professores Alexandre Nascimento (da Faetec) e Giovana Aurelio (do Instituto Recanto); e sobre os agentes da lei n\u00ba 10.639 com o professor Moacir Mendes. Ap\u00f3s as palestras, o p\u00fablico assistiu ao lan\u00e7amento do DVD Cultura Negra &#8211; Resist\u00eancia e Identidade.<\/p>\n<p>As inscri\u00e7\u00f5es para o concurso v\u00e3o at\u00e9 o dia 20 de maio e o resultado sai em 30 de junho. Mais informa\u00e7\u00f5es acesse: www.portalceap.org<\/p>\n<p>Para ver fotos clique aqui. \n<\/p>\n<\/div>\n","protected":false},"excerpt":{"rendered":"<p>O Centro de Articula\u00e7\u00e3o de Popula\u00e7\u00f5es Marginalizadas (Ceap) lan\u00e7ou, no \u00faltimo dia 29 de abril, no Col\u00e9gio Pedro II, o quarto Concurso de Reda\u00e7\u00e3o Cam\u00e9lia da Liberdade, que tem como tema deste ano &#8220;100 anos de Solano Trindade, o poeta do povo&#8221;. O evento teve in\u00edcio com uma solenidade que contou com a presen\u00e7a de [&hellip;]<\/p>\n","protected":false},"author":1,"featured_media":0,"comment_status":"closed","ping_status":"open","sticky":false,"template":"","format":"standard","meta":{"footnotes":""},"categories":[1],"tags":[],"class_list":["post-20824","post","type-post","status-publish","format-standard","hentry","category-noticias"],"yoast_head":"<!-- This site is optimized with the Yoast SEO plugin v25.7 - https:\/\/yoast.com\/wordpress\/plugins\/seo\/ -->\n<title>Lan\u00e7amento do Concurso de Reda\u00e7\u00e3o Cam\u00e9lia da Liberdade 2009 - Sinpro-Rio<\/title>\n<meta name=\"robots\" content=\"index, follow, max-snippet:-1, max-image-preview:large, max-video-preview:-1\" \/>\n<link rel=\"canonical\" href=\"https:\/\/www.sinpro-rio.org.br\/principal\/lancamento-do-concurso-de-redac-o-camelia-da-liberdade-2009\/\" \/>\n<meta property=\"og:locale\" content=\"pt_BR\" \/>\n<meta property=\"og:type\" content=\"article\" \/>\n<meta property=\"og:title\" content=\"Lan\u00e7amento do Concurso de Reda\u00e7\u00e3o Cam\u00e9lia da Liberdade 2009 - Sinpro-Rio\" \/>\n<meta property=\"og:description\" content=\"O Centro de Articula\u00e7\u00e3o de Popula\u00e7\u00f5es Marginalizadas (Ceap) lan\u00e7ou, no \u00faltimo dia 29 de abril, no Col\u00e9gio Pedro II, o quarto Concurso de Reda\u00e7\u00e3o Cam\u00e9lia da Liberdade, que tem como tema deste ano &#8220;100 anos de Solano Trindade, o poeta do povo&#8221;. O evento teve in\u00edcio com uma solenidade que contou com a presen\u00e7a de [&hellip;]\" \/>\n<meta property=\"og:url\" content=\"https:\/\/www.sinpro-rio.org.br\/principal\/lancamento-do-concurso-de-redac-o-camelia-da-liberdade-2009\/\" \/>\n<meta property=\"og:site_name\" content=\"Sinpro-Rio\" \/>\n<meta property=\"article:published_time\" content=\"2009-01-01T00:00:00+00:00\" \/>\n<meta name=\"author\" content=\"rafaelrjp\" \/>\n<meta name=\"twitter:card\" content=\"summary_large_image\" \/>\n<meta name=\"twitter:label1\" content=\"Escrito por\" \/>\n\t<meta name=\"twitter:data1\" content=\"rafaelrjp\" \/>\n\t<meta name=\"twitter:label2\" content=\"Est. tempo de leitura\" \/>\n\t<meta name=\"twitter:data2\" content=\"1 minuto\" \/>\n<script type=\"application\/ld+json\" class=\"yoast-schema-graph\">{\"@context\":\"https:\/\/schema.org\",\"@graph\":[{\"@type\":\"WebPage\",\"@id\":\"https:\/\/www.sinpro-rio.org.br\/principal\/lancamento-do-concurso-de-redac-o-camelia-da-liberdade-2009\/\",\"url\":\"https:\/\/www.sinpro-rio.org.br\/principal\/lancamento-do-concurso-de-redac-o-camelia-da-liberdade-2009\/\",\"name\":\"Lan\u00e7amento do Concurso de Reda\u00e7\u00e3o Cam\u00e9lia da Liberdade 2009 - Sinpro-Rio\",\"isPartOf\":{\"@id\":\"https:\/\/www.sinpro-rio.org.br\/principal\/#website\"},\"datePublished\":\"2009-01-01T00:00:00+00:00\",\"author\":{\"@id\":\"https:\/\/www.sinpro-rio.org.br\/principal\/#\/schema\/person\/49feb585a2f57a31a6bd9f16f78e5be6\"},\"breadcrumb\":{\"@id\":\"https:\/\/www.sinpro-rio.org.br\/principal\/lancamento-do-concurso-de-redac-o-camelia-da-liberdade-2009\/#breadcrumb\"},\"inLanguage\":\"pt-BR\",\"potentialAction\":[{\"@type\":\"ReadAction\",\"target\":[\"https:\/\/www.sinpro-rio.org.br\/principal\/lancamento-do-concurso-de-redac-o-camelia-da-liberdade-2009\/\"]}]},{\"@type\":\"BreadcrumbList\",\"@id\":\"https:\/\/www.sinpro-rio.org.br\/principal\/lancamento-do-concurso-de-redac-o-camelia-da-liberdade-2009\/#breadcrumb\",\"itemListElement\":[{\"@type\":\"ListItem\",\"position\":1,\"name\":\"In\u00edcio\",\"item\":\"https:\/\/www.sinpro-rio.org.br\/principal\/\"},{\"@type\":\"ListItem\",\"position\":2,\"name\":\"Lan\u00e7amento do Concurso de Reda\u00e7\u00e3o Cam\u00e9lia da Liberdade 2009\"}]},{\"@type\":\"WebSite\",\"@id\":\"https:\/\/www.sinpro-rio.org.br\/principal\/#website\",\"url\":\"https:\/\/www.sinpro-rio.org.br\/principal\/\",\"name\":\"Sinpro-Rio\",\"description\":\"Sindicato dos Professores do Munic\u00edpio do Rio de Janeiro e Regi\u00e3o\",\"potentialAction\":[{\"@type\":\"SearchAction\",\"target\":{\"@type\":\"EntryPoint\",\"urlTemplate\":\"https:\/\/www.sinpro-rio.org.br\/principal\/?s={search_term_string}\"},\"query-input\":{\"@type\":\"PropertyValueSpecification\",\"valueRequired\":true,\"valueName\":\"search_term_string\"}}],\"inLanguage\":\"pt-BR\"},{\"@type\":\"Person\",\"@id\":\"https:\/\/www.sinpro-rio.org.br\/principal\/#\/schema\/person\/49feb585a2f57a31a6bd9f16f78e5be6\",\"name\":\"rafaelrjp\",\"image\":{\"@type\":\"ImageObject\",\"inLanguage\":\"pt-BR\",\"@id\":\"https:\/\/www.sinpro-rio.org.br\/principal\/#\/schema\/person\/image\/\",\"url\":\"https:\/\/secure.gravatar.com\/avatar\/489371a0ba4655c340b519882c68cf68?s=96&d=mm&r=g\",\"contentUrl\":\"https:\/\/secure.gravatar.com\/avatar\/489371a0ba4655c340b519882c68cf68?s=96&d=mm&r=g\",\"caption\":\"rafaelrjp\"},\"url\":\"https:\/\/www.sinpro-rio.org.br\/principal\/author\/rafaelrjp\/\"}]}<\/script>\n<!-- \/ Yoast SEO plugin. -->","yoast_head_json":{"title":"Lan\u00e7amento do Concurso de Reda\u00e7\u00e3o Cam\u00e9lia da Liberdade 2009 - Sinpro-Rio","robots":{"index":"index","follow":"follow","max-snippet":"max-snippet:-1","max-image-preview":"max-image-preview:large","max-video-preview":"max-video-preview:-1"},"canonical":"https:\/\/www.sinpro-rio.org.br\/principal\/lancamento-do-concurso-de-redac-o-camelia-da-liberdade-2009\/","og_locale":"pt_BR","og_type":"article","og_title":"Lan\u00e7amento do Concurso de Reda\u00e7\u00e3o Cam\u00e9lia da Liberdade 2009 - Sinpro-Rio","og_description":"O Centro de Articula\u00e7\u00e3o de Popula\u00e7\u00f5es Marginalizadas (Ceap) lan\u00e7ou, no \u00faltimo dia 29 de abril, no Col\u00e9gio Pedro II, o quarto Concurso de Reda\u00e7\u00e3o Cam\u00e9lia da Liberdade, que tem como tema deste ano &#8220;100 anos de Solano Trindade, o poeta do povo&#8221;. O evento teve in\u00edcio com uma solenidade que contou com a presen\u00e7a de [&hellip;]","og_url":"https:\/\/www.sinpro-rio.org.br\/principal\/lancamento-do-concurso-de-redac-o-camelia-da-liberdade-2009\/","og_site_name":"Sinpro-Rio","article_published_time":"2009-01-01T00:00:00+00:00","author":"rafaelrjp","twitter_card":"summary_large_image","twitter_misc":{"Escrito por":"rafaelrjp","Est. tempo de leitura":"1 minuto"},"schema":{"@context":"https:\/\/schema.org","@graph":[{"@type":"WebPage","@id":"https:\/\/www.sinpro-rio.org.br\/principal\/lancamento-do-concurso-de-redac-o-camelia-da-liberdade-2009\/","url":"https:\/\/www.sinpro-rio.org.br\/principal\/lancamento-do-concurso-de-redac-o-camelia-da-liberdade-2009\/","name":"Lan\u00e7amento do Concurso de Reda\u00e7\u00e3o Cam\u00e9lia da Liberdade 2009 - Sinpro-Rio","isPartOf":{"@id":"https:\/\/www.sinpro-rio.org.br\/principal\/#website"},"datePublished":"2009-01-01T00:00:00+00:00","author":{"@id":"https:\/\/www.sinpro-rio.org.br\/principal\/#\/schema\/person\/49feb585a2f57a31a6bd9f16f78e5be6"},"breadcrumb":{"@id":"https:\/\/www.sinpro-rio.org.br\/principal\/lancamento-do-concurso-de-redac-o-camelia-da-liberdade-2009\/#breadcrumb"},"inLanguage":"pt-BR","potentialAction":[{"@type":"ReadAction","target":["https:\/\/www.sinpro-rio.org.br\/principal\/lancamento-do-concurso-de-redac-o-camelia-da-liberdade-2009\/"]}]},{"@type":"BreadcrumbList","@id":"https:\/\/www.sinpro-rio.org.br\/principal\/lancamento-do-concurso-de-redac-o-camelia-da-liberdade-2009\/#breadcrumb","itemListElement":[{"@type":"ListItem","position":1,"name":"In\u00edcio","item":"https:\/\/www.sinpro-rio.org.br\/principal\/"},{"@type":"ListItem","position":2,"name":"Lan\u00e7amento do Concurso de Reda\u00e7\u00e3o Cam\u00e9lia da Liberdade 2009"}]},{"@type":"WebSite","@id":"https:\/\/www.sinpro-rio.org.br\/principal\/#website","url":"https:\/\/www.sinpro-rio.org.br\/principal\/","name":"Sinpro-Rio","description":"Sindicato dos Professores do Munic\u00edpio do Rio de Janeiro e Regi\u00e3o","potentialAction":[{"@type":"SearchAction","target":{"@type":"EntryPoint","urlTemplate":"https:\/\/www.sinpro-rio.org.br\/principal\/?s={search_term_string}"},"query-input":{"@type":"PropertyValueSpecification","valueRequired":true,"valueName":"search_term_string"}}],"inLanguage":"pt-BR"},{"@type":"Person","@id":"https:\/\/www.sinpro-rio.org.br\/principal\/#\/schema\/person\/49feb585a2f57a31a6bd9f16f78e5be6","name":"rafaelrjp","image":{"@type":"ImageObject","inLanguage":"pt-BR","@id":"https:\/\/www.sinpro-rio.org.br\/principal\/#\/schema\/person\/image\/","url":"https:\/\/secure.gravatar.com\/avatar\/489371a0ba4655c340b519882c68cf68?s=96&d=mm&r=g","contentUrl":"https:\/\/secure.gravatar.com\/avatar\/489371a0ba4655c340b519882c68cf68?s=96&d=mm&r=g","caption":"rafaelrjp"},"url":"https:\/\/www.sinpro-rio.org.br\/principal\/author\/rafaelrjp\/"}]}},"_links":{"self":[{"href":"https:\/\/www.sinpro-rio.org.br\/principal\/wp-json\/wp\/v2\/posts\/20824","targetHints":{"allow":["GET"]}}],"collection":[{"href":"https:\/\/www.sinpro-rio.org.br\/principal\/wp-json\/wp\/v2\/posts"}],"about":[{"href":"https:\/\/www.sinpro-rio.org.br\/principal\/wp-json\/wp\/v2\/types\/post"}],"author":[{"embeddable":true,"href":"https:\/\/www.sinpro-rio.org.br\/principal\/wp-json\/wp\/v2\/users\/1"}],"replies":[{"embeddable":true,"href":"https:\/\/www.sinpro-rio.org.br\/principal\/wp-json\/wp\/v2\/comments?post=20824"}],"version-history":[{"count":0,"href":"https:\/\/www.sinpro-rio.org.br\/principal\/wp-json\/wp\/v2\/posts\/20824\/revisions"}],"wp:attachment":[{"href":"https:\/\/www.sinpro-rio.org.br\/principal\/wp-json\/wp\/v2\/media?parent=20824"}],"wp:term":[{"taxonomy":"category","embeddable":true,"href":"https:\/\/www.sinpro-rio.org.br\/principal\/wp-json\/wp\/v2\/categories?post=20824"},{"taxonomy":"post_tag","embeddable":true,"href":"https:\/\/www.sinpro-rio.org.br\/principal\/wp-json\/wp\/v2\/tags?post=20824"}],"curies":[{"name":"wp","href":"https:\/\/api.w.org\/{rel}","templated":true}]}}