{"id":20821,"date":"2009-01-01T00:00:00","date_gmt":"2009-01-01T00:00:00","guid":{"rendered":""},"modified":"-0001-11-30T00:00:00","modified_gmt":"-0001-11-30T03:00:00","slug":"proxima-reuni-o-do-forum-permanente-da-educac-o-superior-dia-14-05","status":"publish","type":"post","link":"https:\/\/www.sinpro-rio.org.br\/principal\/proxima-reuni-o-do-forum-permanente-da-educac-o-superior-dia-14-05\/","title":{"rendered":"Pr\u00f3xima reuni\u00e3o do F\u00f3rum Permanente da Educa\u00e7\u00e3o Superior, dia 14\/05"},"content":{"rendered":"<div class=\"alvo1\">\n<p>No dia 14\/05, \u00e0s 14h, acontecer\u00e1 a 5\u00aa Reuni\u00e3o do F\u00f3rum Permanente de Educa\u00e7\u00e3o Superior, na sede do Sinpro-Rio. O f\u00f3rum, promovido pelo Sindicato atrav\u00e9s de sua comiss\u00e3o de Educa\u00e7\u00e3o Superior, tem como objetivo produzir uma discuss\u00e3o qualificada dos problemas que afetam esse segmento do ensino. Nesta edi\u00e7\u00e3o, ser\u00e1 debatida efetividade da LDB, Campanha Salarial 2009 e a Conven\u00e7\u00e3o Coletiva de Trabalho da Educa\u00e7\u00e3o Superior. Mais informa\u00e7\u00f5es e inscri\u00e7\u00f5es: 3262-3400 \n<\/p>\n<\/div>\n","protected":false},"excerpt":{"rendered":"<p>No dia 14\/05, \u00e0s 14h, acontecer\u00e1 a 5\u00aa Reuni\u00e3o do F\u00f3rum Permanente de Educa\u00e7\u00e3o Superior, na sede do Sinpro-Rio. O f\u00f3rum, promovido pelo Sindicato atrav\u00e9s de sua comiss\u00e3o de Educa\u00e7\u00e3o Superior, tem como objetivo produzir uma discuss\u00e3o qualificada dos problemas que afetam esse segmento do ensino. Nesta edi\u00e7\u00e3o, ser\u00e1 debatida efetividade da LDB, Campanha Salarial [&hellip;]<\/p>\n","protected":false},"author":1,"featured_media":0,"comment_status":"closed","ping_status":"open","sticky":false,"template":"","format":"standard","meta":{"footnotes":""},"categories":[1],"tags":[],"class_list":["post-20821","post","type-post","status-publish","format-standard","hentry","category-noticias"],"yoast_head":"<!-- This site is optimized with the Yoast SEO plugin v25.7 - https:\/\/yoast.com\/wordpress\/plugins\/seo\/ -->\n<title>Pr\u00f3xima reuni\u00e3o do F\u00f3rum Permanente da Educa\u00e7\u00e3o Superior, dia 14\/05 - Sinpro-Rio<\/title>\n<meta name=\"robots\" content=\"index, follow, max-snippet:-1, max-image-preview:large, max-video-preview:-1\" \/>\n<link rel=\"canonical\" href=\"https:\/\/www.sinpro-rio.org.br\/principal\/proxima-reuni-o-do-forum-permanente-da-educac-o-superior-dia-14-05\/\" \/>\n<meta property=\"og:locale\" content=\"pt_BR\" \/>\n<meta property=\"og:type\" content=\"article\" \/>\n<meta property=\"og:title\" content=\"Pr\u00f3xima reuni\u00e3o do F\u00f3rum Permanente da Educa\u00e7\u00e3o Superior, dia 14\/05 - Sinpro-Rio\" \/>\n<meta property=\"og:description\" content=\"No dia 14\/05, \u00e0s 14h, acontecer\u00e1 a 5\u00aa Reuni\u00e3o do F\u00f3rum Permanente de Educa\u00e7\u00e3o Superior, na sede do Sinpro-Rio. O f\u00f3rum, promovido pelo Sindicato atrav\u00e9s de sua comiss\u00e3o de Educa\u00e7\u00e3o Superior, tem como objetivo produzir uma discuss\u00e3o qualificada dos problemas que afetam esse segmento do ensino. Nesta edi\u00e7\u00e3o, ser\u00e1 debatida efetividade da LDB, Campanha Salarial [&hellip;]\" \/>\n<meta property=\"og:url\" content=\"https:\/\/www.sinpro-rio.org.br\/principal\/proxima-reuni-o-do-forum-permanente-da-educac-o-superior-dia-14-05\/\" \/>\n<meta property=\"og:site_name\" content=\"Sinpro-Rio\" \/>\n<meta property=\"article:published_time\" content=\"2009-01-01T00:00:00+00:00\" \/>\n<meta name=\"author\" content=\"rafaelrjp\" \/>\n<meta name=\"twitter:card\" content=\"summary_large_image\" \/>\n<meta name=\"twitter:label1\" content=\"Escrito por\" \/>\n\t<meta name=\"twitter:data1\" content=\"rafaelrjp\" \/>\n<script type=\"application\/ld+json\" class=\"yoast-schema-graph\">{\"@context\":\"https:\/\/schema.org\",\"@graph\":[{\"@type\":\"WebPage\",\"@id\":\"https:\/\/www.sinpro-rio.org.br\/principal\/proxima-reuni-o-do-forum-permanente-da-educac-o-superior-dia-14-05\/\",\"url\":\"https:\/\/www.sinpro-rio.org.br\/principal\/proxima-reuni-o-do-forum-permanente-da-educac-o-superior-dia-14-05\/\",\"name\":\"Pr\u00f3xima reuni\u00e3o do F\u00f3rum Permanente da Educa\u00e7\u00e3o Superior, dia 14\/05 - Sinpro-Rio\",\"isPartOf\":{\"@id\":\"https:\/\/www.sinpro-rio.org.br\/principal\/#website\"},\"datePublished\":\"2009-01-01T00:00:00+00:00\",\"author\":{\"@id\":\"https:\/\/www.sinpro-rio.org.br\/principal\/#\/schema\/person\/49feb585a2f57a31a6bd9f16f78e5be6\"},\"breadcrumb\":{\"@id\":\"https:\/\/www.sinpro-rio.org.br\/principal\/proxima-reuni-o-do-forum-permanente-da-educac-o-superior-dia-14-05\/#breadcrumb\"},\"inLanguage\":\"pt-BR\",\"potentialAction\":[{\"@type\":\"ReadAction\",\"target\":[\"https:\/\/www.sinpro-rio.org.br\/principal\/proxima-reuni-o-do-forum-permanente-da-educac-o-superior-dia-14-05\/\"]}]},{\"@type\":\"BreadcrumbList\",\"@id\":\"https:\/\/www.sinpro-rio.org.br\/principal\/proxima-reuni-o-do-forum-permanente-da-educac-o-superior-dia-14-05\/#breadcrumb\",\"itemListElement\":[{\"@type\":\"ListItem\",\"position\":1,\"name\":\"In\u00edcio\",\"item\":\"https:\/\/www.sinpro-rio.org.br\/principal\/\"},{\"@type\":\"ListItem\",\"position\":2,\"name\":\"Pr\u00f3xima reuni\u00e3o do F\u00f3rum Permanente da Educa\u00e7\u00e3o Superior, dia 14\/05\"}]},{\"@type\":\"WebSite\",\"@id\":\"https:\/\/www.sinpro-rio.org.br\/principal\/#website\",\"url\":\"https:\/\/www.sinpro-rio.org.br\/principal\/\",\"name\":\"Sinpro-Rio\",\"description\":\"Sindicato dos Professores do Munic\u00edpio do Rio de Janeiro e Regi\u00e3o\",\"potentialAction\":[{\"@type\":\"SearchAction\",\"target\":{\"@type\":\"EntryPoint\",\"urlTemplate\":\"https:\/\/www.sinpro-rio.org.br\/principal\/?s={search_term_string}\"},\"query-input\":{\"@type\":\"PropertyValueSpecification\",\"valueRequired\":true,\"valueName\":\"search_term_string\"}}],\"inLanguage\":\"pt-BR\"},{\"@type\":\"Person\",\"@id\":\"https:\/\/www.sinpro-rio.org.br\/principal\/#\/schema\/person\/49feb585a2f57a31a6bd9f16f78e5be6\",\"name\":\"rafaelrjp\",\"image\":{\"@type\":\"ImageObject\",\"inLanguage\":\"pt-BR\",\"@id\":\"https:\/\/www.sinpro-rio.org.br\/principal\/#\/schema\/person\/image\/\",\"url\":\"https:\/\/secure.gravatar.com\/avatar\/489371a0ba4655c340b519882c68cf68?s=96&d=mm&r=g\",\"contentUrl\":\"https:\/\/secure.gravatar.com\/avatar\/489371a0ba4655c340b519882c68cf68?s=96&d=mm&r=g\",\"caption\":\"rafaelrjp\"},\"url\":\"https:\/\/www.sinpro-rio.org.br\/principal\/author\/rafaelrjp\/\"}]}<\/script>\n<!-- \/ Yoast SEO plugin. -->","yoast_head_json":{"title":"Pr\u00f3xima reuni\u00e3o do F\u00f3rum Permanente da Educa\u00e7\u00e3o Superior, dia 14\/05 - Sinpro-Rio","robots":{"index":"index","follow":"follow","max-snippet":"max-snippet:-1","max-image-preview":"max-image-preview:large","max-video-preview":"max-video-preview:-1"},"canonical":"https:\/\/www.sinpro-rio.org.br\/principal\/proxima-reuni-o-do-forum-permanente-da-educac-o-superior-dia-14-05\/","og_locale":"pt_BR","og_type":"article","og_title":"Pr\u00f3xima reuni\u00e3o do F\u00f3rum Permanente da Educa\u00e7\u00e3o Superior, dia 14\/05 - Sinpro-Rio","og_description":"No dia 14\/05, \u00e0s 14h, acontecer\u00e1 a 5\u00aa Reuni\u00e3o do F\u00f3rum Permanente de Educa\u00e7\u00e3o Superior, na sede do Sinpro-Rio. O f\u00f3rum, promovido pelo Sindicato atrav\u00e9s de sua comiss\u00e3o de Educa\u00e7\u00e3o Superior, tem como objetivo produzir uma discuss\u00e3o qualificada dos problemas que afetam esse segmento do ensino. Nesta edi\u00e7\u00e3o, ser\u00e1 debatida efetividade da LDB, Campanha Salarial [&hellip;]","og_url":"https:\/\/www.sinpro-rio.org.br\/principal\/proxima-reuni-o-do-forum-permanente-da-educac-o-superior-dia-14-05\/","og_site_name":"Sinpro-Rio","article_published_time":"2009-01-01T00:00:00+00:00","author":"rafaelrjp","twitter_card":"summary_large_image","twitter_misc":{"Escrito por":"rafaelrjp"},"schema":{"@context":"https:\/\/schema.org","@graph":[{"@type":"WebPage","@id":"https:\/\/www.sinpro-rio.org.br\/principal\/proxima-reuni-o-do-forum-permanente-da-educac-o-superior-dia-14-05\/","url":"https:\/\/www.sinpro-rio.org.br\/principal\/proxima-reuni-o-do-forum-permanente-da-educac-o-superior-dia-14-05\/","name":"Pr\u00f3xima reuni\u00e3o do F\u00f3rum Permanente da Educa\u00e7\u00e3o Superior, dia 14\/05 - Sinpro-Rio","isPartOf":{"@id":"https:\/\/www.sinpro-rio.org.br\/principal\/#website"},"datePublished":"2009-01-01T00:00:00+00:00","author":{"@id":"https:\/\/www.sinpro-rio.org.br\/principal\/#\/schema\/person\/49feb585a2f57a31a6bd9f16f78e5be6"},"breadcrumb":{"@id":"https:\/\/www.sinpro-rio.org.br\/principal\/proxima-reuni-o-do-forum-permanente-da-educac-o-superior-dia-14-05\/#breadcrumb"},"inLanguage":"pt-BR","potentialAction":[{"@type":"ReadAction","target":["https:\/\/www.sinpro-rio.org.br\/principal\/proxima-reuni-o-do-forum-permanente-da-educac-o-superior-dia-14-05\/"]}]},{"@type":"BreadcrumbList","@id":"https:\/\/www.sinpro-rio.org.br\/principal\/proxima-reuni-o-do-forum-permanente-da-educac-o-superior-dia-14-05\/#breadcrumb","itemListElement":[{"@type":"ListItem","position":1,"name":"In\u00edcio","item":"https:\/\/www.sinpro-rio.org.br\/principal\/"},{"@type":"ListItem","position":2,"name":"Pr\u00f3xima reuni\u00e3o do F\u00f3rum Permanente da Educa\u00e7\u00e3o Superior, dia 14\/05"}]},{"@type":"WebSite","@id":"https:\/\/www.sinpro-rio.org.br\/principal\/#website","url":"https:\/\/www.sinpro-rio.org.br\/principal\/","name":"Sinpro-Rio","description":"Sindicato dos Professores do Munic\u00edpio do Rio de Janeiro e Regi\u00e3o","potentialAction":[{"@type":"SearchAction","target":{"@type":"EntryPoint","urlTemplate":"https:\/\/www.sinpro-rio.org.br\/principal\/?s={search_term_string}"},"query-input":{"@type":"PropertyValueSpecification","valueRequired":true,"valueName":"search_term_string"}}],"inLanguage":"pt-BR"},{"@type":"Person","@id":"https:\/\/www.sinpro-rio.org.br\/principal\/#\/schema\/person\/49feb585a2f57a31a6bd9f16f78e5be6","name":"rafaelrjp","image":{"@type":"ImageObject","inLanguage":"pt-BR","@id":"https:\/\/www.sinpro-rio.org.br\/principal\/#\/schema\/person\/image\/","url":"https:\/\/secure.gravatar.com\/avatar\/489371a0ba4655c340b519882c68cf68?s=96&d=mm&r=g","contentUrl":"https:\/\/secure.gravatar.com\/avatar\/489371a0ba4655c340b519882c68cf68?s=96&d=mm&r=g","caption":"rafaelrjp"},"url":"https:\/\/www.sinpro-rio.org.br\/principal\/author\/rafaelrjp\/"}]}},"_links":{"self":[{"href":"https:\/\/www.sinpro-rio.org.br\/principal\/wp-json\/wp\/v2\/posts\/20821","targetHints":{"allow":["GET"]}}],"collection":[{"href":"https:\/\/www.sinpro-rio.org.br\/principal\/wp-json\/wp\/v2\/posts"}],"about":[{"href":"https:\/\/www.sinpro-rio.org.br\/principal\/wp-json\/wp\/v2\/types\/post"}],"author":[{"embeddable":true,"href":"https:\/\/www.sinpro-rio.org.br\/principal\/wp-json\/wp\/v2\/users\/1"}],"replies":[{"embeddable":true,"href":"https:\/\/www.sinpro-rio.org.br\/principal\/wp-json\/wp\/v2\/comments?post=20821"}],"version-history":[{"count":0,"href":"https:\/\/www.sinpro-rio.org.br\/principal\/wp-json\/wp\/v2\/posts\/20821\/revisions"}],"wp:attachment":[{"href":"https:\/\/www.sinpro-rio.org.br\/principal\/wp-json\/wp\/v2\/media?parent=20821"}],"wp:term":[{"taxonomy":"category","embeddable":true,"href":"https:\/\/www.sinpro-rio.org.br\/principal\/wp-json\/wp\/v2\/categories?post=20821"},{"taxonomy":"post_tag","embeddable":true,"href":"https:\/\/www.sinpro-rio.org.br\/principal\/wp-json\/wp\/v2\/tags?post=20821"}],"curies":[{"name":"wp","href":"https:\/\/api.w.org\/{rel}","templated":true}]}}