{"id":20820,"date":"2009-01-01T00:00:00","date_gmt":"2009-01-01T00:00:00","guid":{"rendered":""},"modified":"-0001-11-30T00:00:00","modified_gmt":"-0001-11-30T03:00:00","slug":"sinpro-rio-marca-presenca-no-forum-permanente-da-educac-o-infantil","status":"publish","type":"post","link":"https:\/\/www.sinpro-rio.org.br\/principal\/sinpro-rio-marca-presenca-no-forum-permanente-da-educac-o-infantil\/","title":{"rendered":"Sinpro-Rio marca presen\u00e7a no F\u00f3rum Permanente da Educa\u00e7\u00e3o Infantil"},"content":{"rendered":"<div class=\"alvo1\">\n<p>A Comiss\u00e3o de Educa\u00e7\u00e3o Infantil do Sinpro-Rio esteve presente, atrav\u00e9s das diretoras Mariza Muniz e Ireni Felizardo, no F\u00f3rum Permanente da Educa\u00e7\u00e3o Infantil do Rio de Janeiro, realizado no dia 5 de maio, no Hotel Atl\u00e2ntico Copacabana.<\/p>\n<p>O encontro teve in\u00edcio com a coordenadora geral de Educa\u00e7\u00e3o Infantil do MEC, Rita Coelho, explicando o objetivo do encontro: apresentar refer\u00eancias para se discutir o curr\u00edculo da Educa\u00e7\u00e3o Infantil e &#8220;Descobrir qual o papel espec\u00edfico deste primeiro momento da Educa\u00e7\u00e3o B\u00e1sica com o conhecimento&#8221; avaliou Rita.<\/p>\n<p>Em seguida, foi apresentado o Projeto MEC-UFRGS, que tratou da contribui\u00e7\u00f5es de pesquisadores, docentes e de f\u00f3runs regionais sobre a\u00e7\u00f5es cotidianas na educa\u00e7\u00e3o das crian\u00e7as de zero a tr\u00eas anos e foi desenvolvido pelas pesquisadoras Loide Trois, Maria Carmem Barbosa, Maria Luiza Flores e Simone Albuquerque.<\/p>\n<p>As quatro explicaram que o projeto come\u00e7ou com o envio de um question\u00e1rio a pesquisadores, docentes e respons\u00e1veis por f\u00f3rum estaduais, e, em cima das respostas, foi poss\u00edvel apontar alguns eixos comuns aos aos tr\u00eas perfis de entrevistados, como: a import\u00e2ncia de dissociar o educar do cuidar; de debater o curr\u00edculo na Educa\u00e7\u00e3o Infantil; de enfatizar a forma\u00e7\u00e3o dos professores; de aprofundar as rela\u00e7\u00f5es com a fam\u00edlia da crian\u00e7a; al\u00e9m da preocupa\u00e7\u00e3o com a ludicidade e as brincadeiras, o direito e o bem-estar infantil.<\/p>\n<p>Com base nesses eixos, foi poss\u00edvel apontar os desafios a serem superados pela Educa\u00e7\u00e3o Infantil: investimento na forma\u00e7\u00e3o e valoriza\u00e7\u00e3o do professor, regulamentar e melhorar a infraestrutura das institui\u00e7\u00f5es de ensino e aumentar a participa\u00e7\u00e3o da fam\u00edlia no processo educativo.<\/p>\n<p>Ap\u00f3s a explana\u00e7\u00e3o da pesquisa desenvolvida pela UFRGS, seguiu-se um debate onde foram abordados o privil\u00e9gio de trabalhar com crian\u00e7as, a dissocia\u00e7\u00e3o do educar do cuidar, a forma\u00e7\u00e3o do professor, entre outros.<\/p>\n<p>Na parte da tarde, o MEC promoveu um debate sobre as Diretrizes Curriculares da Educa\u00e7\u00e3o Infantil com a coordenadora do Curso de Especializa\u00e7\u00e3o em Educa\u00e7\u00e3o Infantil da PUC-Rio, Sonia Kramer.<\/p>\n<p>Para ver fotos clique aqui \n<\/p>\n<\/div>\n","protected":false},"excerpt":{"rendered":"<p>A Comiss\u00e3o de Educa\u00e7\u00e3o Infantil do Sinpro-Rio esteve presente, atrav\u00e9s das diretoras Mariza Muniz e Ireni Felizardo, no F\u00f3rum Permanente da Educa\u00e7\u00e3o Infantil do Rio de Janeiro, realizado no dia 5 de maio, no Hotel Atl\u00e2ntico Copacabana. O encontro teve in\u00edcio com a coordenadora geral de Educa\u00e7\u00e3o Infantil do MEC, Rita Coelho, explicando o objetivo [&hellip;]<\/p>\n","protected":false},"author":1,"featured_media":0,"comment_status":"closed","ping_status":"open","sticky":false,"template":"","format":"standard","meta":{"footnotes":""},"categories":[1],"tags":[],"class_list":["post-20820","post","type-post","status-publish","format-standard","hentry","category-noticias"],"yoast_head":"<!-- This site is optimized with the Yoast SEO plugin v25.7 - https:\/\/yoast.com\/wordpress\/plugins\/seo\/ -->\n<title>Sinpro-Rio marca presen\u00e7a no F\u00f3rum Permanente da Educa\u00e7\u00e3o Infantil - Sinpro-Rio<\/title>\n<meta name=\"robots\" content=\"index, follow, max-snippet:-1, max-image-preview:large, max-video-preview:-1\" \/>\n<link rel=\"canonical\" href=\"https:\/\/www.sinpro-rio.org.br\/principal\/sinpro-rio-marca-presenca-no-forum-permanente-da-educac-o-infantil\/\" \/>\n<meta property=\"og:locale\" content=\"pt_BR\" \/>\n<meta property=\"og:type\" content=\"article\" \/>\n<meta property=\"og:title\" content=\"Sinpro-Rio marca presen\u00e7a no F\u00f3rum Permanente da Educa\u00e7\u00e3o Infantil - Sinpro-Rio\" \/>\n<meta property=\"og:description\" content=\"A Comiss\u00e3o de Educa\u00e7\u00e3o Infantil do Sinpro-Rio esteve presente, atrav\u00e9s das diretoras Mariza Muniz e Ireni Felizardo, no F\u00f3rum Permanente da Educa\u00e7\u00e3o Infantil do Rio de Janeiro, realizado no dia 5 de maio, no Hotel Atl\u00e2ntico Copacabana. O encontro teve in\u00edcio com a coordenadora geral de Educa\u00e7\u00e3o Infantil do MEC, Rita Coelho, explicando o objetivo [&hellip;]\" \/>\n<meta property=\"og:url\" content=\"https:\/\/www.sinpro-rio.org.br\/principal\/sinpro-rio-marca-presenca-no-forum-permanente-da-educac-o-infantil\/\" \/>\n<meta property=\"og:site_name\" content=\"Sinpro-Rio\" \/>\n<meta property=\"article:published_time\" content=\"2009-01-01T00:00:00+00:00\" \/>\n<meta name=\"author\" content=\"rafaelrjp\" \/>\n<meta name=\"twitter:card\" content=\"summary_large_image\" \/>\n<meta name=\"twitter:label1\" content=\"Escrito por\" \/>\n\t<meta name=\"twitter:data1\" content=\"rafaelrjp\" \/>\n\t<meta name=\"twitter:label2\" content=\"Est. tempo de leitura\" \/>\n\t<meta name=\"twitter:data2\" content=\"2 minutos\" \/>\n<script type=\"application\/ld+json\" class=\"yoast-schema-graph\">{\"@context\":\"https:\/\/schema.org\",\"@graph\":[{\"@type\":\"WebPage\",\"@id\":\"https:\/\/www.sinpro-rio.org.br\/principal\/sinpro-rio-marca-presenca-no-forum-permanente-da-educac-o-infantil\/\",\"url\":\"https:\/\/www.sinpro-rio.org.br\/principal\/sinpro-rio-marca-presenca-no-forum-permanente-da-educac-o-infantil\/\",\"name\":\"Sinpro-Rio marca presen\u00e7a no F\u00f3rum Permanente da Educa\u00e7\u00e3o Infantil - Sinpro-Rio\",\"isPartOf\":{\"@id\":\"https:\/\/www.sinpro-rio.org.br\/principal\/#website\"},\"datePublished\":\"2009-01-01T00:00:00+00:00\",\"author\":{\"@id\":\"https:\/\/www.sinpro-rio.org.br\/principal\/#\/schema\/person\/49feb585a2f57a31a6bd9f16f78e5be6\"},\"breadcrumb\":{\"@id\":\"https:\/\/www.sinpro-rio.org.br\/principal\/sinpro-rio-marca-presenca-no-forum-permanente-da-educac-o-infantil\/#breadcrumb\"},\"inLanguage\":\"pt-BR\",\"potentialAction\":[{\"@type\":\"ReadAction\",\"target\":[\"https:\/\/www.sinpro-rio.org.br\/principal\/sinpro-rio-marca-presenca-no-forum-permanente-da-educac-o-infantil\/\"]}]},{\"@type\":\"BreadcrumbList\",\"@id\":\"https:\/\/www.sinpro-rio.org.br\/principal\/sinpro-rio-marca-presenca-no-forum-permanente-da-educac-o-infantil\/#breadcrumb\",\"itemListElement\":[{\"@type\":\"ListItem\",\"position\":1,\"name\":\"In\u00edcio\",\"item\":\"https:\/\/www.sinpro-rio.org.br\/principal\/\"},{\"@type\":\"ListItem\",\"position\":2,\"name\":\"Sinpro-Rio marca presen\u00e7a no F\u00f3rum Permanente da Educa\u00e7\u00e3o Infantil\"}]},{\"@type\":\"WebSite\",\"@id\":\"https:\/\/www.sinpro-rio.org.br\/principal\/#website\",\"url\":\"https:\/\/www.sinpro-rio.org.br\/principal\/\",\"name\":\"Sinpro-Rio\",\"description\":\"Sindicato dos Professores do Munic\u00edpio do Rio de Janeiro e Regi\u00e3o\",\"potentialAction\":[{\"@type\":\"SearchAction\",\"target\":{\"@type\":\"EntryPoint\",\"urlTemplate\":\"https:\/\/www.sinpro-rio.org.br\/principal\/?s={search_term_string}\"},\"query-input\":{\"@type\":\"PropertyValueSpecification\",\"valueRequired\":true,\"valueName\":\"search_term_string\"}}],\"inLanguage\":\"pt-BR\"},{\"@type\":\"Person\",\"@id\":\"https:\/\/www.sinpro-rio.org.br\/principal\/#\/schema\/person\/49feb585a2f57a31a6bd9f16f78e5be6\",\"name\":\"rafaelrjp\",\"image\":{\"@type\":\"ImageObject\",\"inLanguage\":\"pt-BR\",\"@id\":\"https:\/\/www.sinpro-rio.org.br\/principal\/#\/schema\/person\/image\/\",\"url\":\"https:\/\/secure.gravatar.com\/avatar\/489371a0ba4655c340b519882c68cf68?s=96&d=mm&r=g\",\"contentUrl\":\"https:\/\/secure.gravatar.com\/avatar\/489371a0ba4655c340b519882c68cf68?s=96&d=mm&r=g\",\"caption\":\"rafaelrjp\"},\"url\":\"https:\/\/www.sinpro-rio.org.br\/principal\/author\/rafaelrjp\/\"}]}<\/script>\n<!-- \/ Yoast SEO plugin. -->","yoast_head_json":{"title":"Sinpro-Rio marca presen\u00e7a no F\u00f3rum Permanente da Educa\u00e7\u00e3o Infantil - Sinpro-Rio","robots":{"index":"index","follow":"follow","max-snippet":"max-snippet:-1","max-image-preview":"max-image-preview:large","max-video-preview":"max-video-preview:-1"},"canonical":"https:\/\/www.sinpro-rio.org.br\/principal\/sinpro-rio-marca-presenca-no-forum-permanente-da-educac-o-infantil\/","og_locale":"pt_BR","og_type":"article","og_title":"Sinpro-Rio marca presen\u00e7a no F\u00f3rum Permanente da Educa\u00e7\u00e3o Infantil - Sinpro-Rio","og_description":"A Comiss\u00e3o de Educa\u00e7\u00e3o Infantil do Sinpro-Rio esteve presente, atrav\u00e9s das diretoras Mariza Muniz e Ireni Felizardo, no F\u00f3rum Permanente da Educa\u00e7\u00e3o Infantil do Rio de Janeiro, realizado no dia 5 de maio, no Hotel Atl\u00e2ntico Copacabana. O encontro teve in\u00edcio com a coordenadora geral de Educa\u00e7\u00e3o Infantil do MEC, Rita Coelho, explicando o objetivo [&hellip;]","og_url":"https:\/\/www.sinpro-rio.org.br\/principal\/sinpro-rio-marca-presenca-no-forum-permanente-da-educac-o-infantil\/","og_site_name":"Sinpro-Rio","article_published_time":"2009-01-01T00:00:00+00:00","author":"rafaelrjp","twitter_card":"summary_large_image","twitter_misc":{"Escrito por":"rafaelrjp","Est. tempo de leitura":"2 minutos"},"schema":{"@context":"https:\/\/schema.org","@graph":[{"@type":"WebPage","@id":"https:\/\/www.sinpro-rio.org.br\/principal\/sinpro-rio-marca-presenca-no-forum-permanente-da-educac-o-infantil\/","url":"https:\/\/www.sinpro-rio.org.br\/principal\/sinpro-rio-marca-presenca-no-forum-permanente-da-educac-o-infantil\/","name":"Sinpro-Rio marca presen\u00e7a no F\u00f3rum Permanente da Educa\u00e7\u00e3o Infantil - Sinpro-Rio","isPartOf":{"@id":"https:\/\/www.sinpro-rio.org.br\/principal\/#website"},"datePublished":"2009-01-01T00:00:00+00:00","author":{"@id":"https:\/\/www.sinpro-rio.org.br\/principal\/#\/schema\/person\/49feb585a2f57a31a6bd9f16f78e5be6"},"breadcrumb":{"@id":"https:\/\/www.sinpro-rio.org.br\/principal\/sinpro-rio-marca-presenca-no-forum-permanente-da-educac-o-infantil\/#breadcrumb"},"inLanguage":"pt-BR","potentialAction":[{"@type":"ReadAction","target":["https:\/\/www.sinpro-rio.org.br\/principal\/sinpro-rio-marca-presenca-no-forum-permanente-da-educac-o-infantil\/"]}]},{"@type":"BreadcrumbList","@id":"https:\/\/www.sinpro-rio.org.br\/principal\/sinpro-rio-marca-presenca-no-forum-permanente-da-educac-o-infantil\/#breadcrumb","itemListElement":[{"@type":"ListItem","position":1,"name":"In\u00edcio","item":"https:\/\/www.sinpro-rio.org.br\/principal\/"},{"@type":"ListItem","position":2,"name":"Sinpro-Rio marca presen\u00e7a no F\u00f3rum Permanente da Educa\u00e7\u00e3o Infantil"}]},{"@type":"WebSite","@id":"https:\/\/www.sinpro-rio.org.br\/principal\/#website","url":"https:\/\/www.sinpro-rio.org.br\/principal\/","name":"Sinpro-Rio","description":"Sindicato dos Professores do Munic\u00edpio do Rio de Janeiro e Regi\u00e3o","potentialAction":[{"@type":"SearchAction","target":{"@type":"EntryPoint","urlTemplate":"https:\/\/www.sinpro-rio.org.br\/principal\/?s={search_term_string}"},"query-input":{"@type":"PropertyValueSpecification","valueRequired":true,"valueName":"search_term_string"}}],"inLanguage":"pt-BR"},{"@type":"Person","@id":"https:\/\/www.sinpro-rio.org.br\/principal\/#\/schema\/person\/49feb585a2f57a31a6bd9f16f78e5be6","name":"rafaelrjp","image":{"@type":"ImageObject","inLanguage":"pt-BR","@id":"https:\/\/www.sinpro-rio.org.br\/principal\/#\/schema\/person\/image\/","url":"https:\/\/secure.gravatar.com\/avatar\/489371a0ba4655c340b519882c68cf68?s=96&d=mm&r=g","contentUrl":"https:\/\/secure.gravatar.com\/avatar\/489371a0ba4655c340b519882c68cf68?s=96&d=mm&r=g","caption":"rafaelrjp"},"url":"https:\/\/www.sinpro-rio.org.br\/principal\/author\/rafaelrjp\/"}]}},"_links":{"self":[{"href":"https:\/\/www.sinpro-rio.org.br\/principal\/wp-json\/wp\/v2\/posts\/20820","targetHints":{"allow":["GET"]}}],"collection":[{"href":"https:\/\/www.sinpro-rio.org.br\/principal\/wp-json\/wp\/v2\/posts"}],"about":[{"href":"https:\/\/www.sinpro-rio.org.br\/principal\/wp-json\/wp\/v2\/types\/post"}],"author":[{"embeddable":true,"href":"https:\/\/www.sinpro-rio.org.br\/principal\/wp-json\/wp\/v2\/users\/1"}],"replies":[{"embeddable":true,"href":"https:\/\/www.sinpro-rio.org.br\/principal\/wp-json\/wp\/v2\/comments?post=20820"}],"version-history":[{"count":0,"href":"https:\/\/www.sinpro-rio.org.br\/principal\/wp-json\/wp\/v2\/posts\/20820\/revisions"}],"wp:attachment":[{"href":"https:\/\/www.sinpro-rio.org.br\/principal\/wp-json\/wp\/v2\/media?parent=20820"}],"wp:term":[{"taxonomy":"category","embeddable":true,"href":"https:\/\/www.sinpro-rio.org.br\/principal\/wp-json\/wp\/v2\/categories?post=20820"},{"taxonomy":"post_tag","embeddable":true,"href":"https:\/\/www.sinpro-rio.org.br\/principal\/wp-json\/wp\/v2\/tags?post=20820"}],"curies":[{"name":"wp","href":"https:\/\/api.w.org\/{rel}","templated":true}]}}