{"id":20811,"date":"2009-01-01T00:00:00","date_gmt":"2009-01-01T00:00:00","guid":{"rendered":""},"modified":"2023-07-07T14:49:49","modified_gmt":"2023-07-07T17:49:49","slug":"resultado-da-assembleia-da-educac-o-basica-2","status":"publish","type":"post","link":"https:\/\/www.sinpro-rio.org.br\/principal\/resultado-da-assembleia-da-educac-o-basica-2\/","title":{"rendered":"Resultado da Assembleia da Educa\u00e7\u00e3o B\u00e1sica"},"content":{"rendered":"<div class=\"alvo1\">\n<p>No s\u00e1bado, dia 9 de maio, os professores da Educa\u00e7\u00e3o B\u00e1sica se reuniram em assembleia para debater os rumos das negocia\u00e7\u00f5es da Campanha Salarial de 2009. Ap\u00f3s os informes habituais, o primeiro-secret\u00e1rio do Sinpro-Rio, professor Marcelo Pereira, fez relatos das duas \u00faltimas parit\u00e1rias &#8211; entre o Sindicato e os patr\u00f5es &#8211; que apontaram para o seguinte caminho: o patronato recuou no parcelamento do reajuste salarial pelo INPC, que ficou em 5, 92%, fazendo uma proposta de pagamento em uma \u00fanica vez, mas sem o ganho real. Outra reivindica\u00e7\u00e3o da categoria que n\u00e3o entrou na contraproposta dos patr\u00f5es foi a unifica\u00e7\u00e3o das f\u00e9rias em janeiro. Segundo os representantes patronais, inserir a quest\u00e3o como cla\u00fasula na Conven\u00e7\u00e3o Coletiva (CCT) do Trabalho \u00e9 inegoci\u00e1vel.<\/p>\n<p>Para a assembleia, n\u00e3o houve mudan\u00e7a nesta contraproposta. Sem o ganho real nos sal\u00e1rios e sem legaliza\u00e7\u00e3o das f\u00e9rias em janeiro na CCT, n\u00e3o h\u00e1 novidade alguma.<\/p>\n<p>Ao final do encontro, a categoria decidiu marcar duas grande mobiliza\u00e7\u00f5es por melhores sal\u00e1rios, condi\u00e7\u00f5es de trabalho e sa\u00fade na Zona Sul e em Madureira. Al\u00e9m disso, uma maior divulga\u00e7\u00e3o da luta atrav\u00e9s de carros de som. A pr\u00f3xima assembleia ficou marcada para o dia 23 de maio, \u00e0s 10h, na sede do Sindicato.<\/p>\n<p>Para ver fotos clique aqui \n<\/p>\n<\/div>\n","protected":false},"excerpt":{"rendered":"<p>No s\u00e1bado, dia 9 de maio, os professores da Educa\u00e7\u00e3o B\u00e1sica se reuniram em assembleia para debater os rumos das negocia\u00e7\u00f5es da Campanha Salarial de 2009. Ap\u00f3s os informes habituais, o primeiro-secret\u00e1rio do Sinpro-Rio, professor Marcelo Pereira, fez relatos das duas \u00faltimas parit\u00e1rias &#8211; entre o Sindicato e os patr\u00f5es &#8211; que apontaram para o [&hellip;]<\/p>\n","protected":false},"author":1,"featured_media":0,"comment_status":"closed","ping_status":"open","sticky":false,"template":"","format":"standard","meta":{"footnotes":""},"categories":[1],"tags":[619],"class_list":["post-20811","post","type-post","status-publish","format-standard","hentry","category-noticias","tag-convencao-coletiva"],"yoast_head":"<!-- This site is optimized with the Yoast SEO plugin v25.7 - https:\/\/yoast.com\/wordpress\/plugins\/seo\/ -->\n<title>Resultado da Assembleia da Educa\u00e7\u00e3o B\u00e1sica - Sinpro-Rio<\/title>\n<meta name=\"robots\" content=\"index, follow, max-snippet:-1, max-image-preview:large, max-video-preview:-1\" \/>\n<link rel=\"canonical\" href=\"https:\/\/www.sinpro-rio.org.br\/principal\/resultado-da-assembleia-da-educac-o-basica-2\/\" \/>\n<meta property=\"og:locale\" content=\"pt_BR\" \/>\n<meta property=\"og:type\" content=\"article\" \/>\n<meta property=\"og:title\" content=\"Resultado da Assembleia da Educa\u00e7\u00e3o B\u00e1sica - Sinpro-Rio\" \/>\n<meta property=\"og:description\" content=\"No s\u00e1bado, dia 9 de maio, os professores da Educa\u00e7\u00e3o B\u00e1sica se reuniram em assembleia para debater os rumos das negocia\u00e7\u00f5es da Campanha Salarial de 2009. Ap\u00f3s os informes habituais, o primeiro-secret\u00e1rio do Sinpro-Rio, professor Marcelo Pereira, fez relatos das duas \u00faltimas parit\u00e1rias &#8211; entre o Sindicato e os patr\u00f5es &#8211; que apontaram para o [&hellip;]\" \/>\n<meta property=\"og:url\" content=\"https:\/\/www.sinpro-rio.org.br\/principal\/resultado-da-assembleia-da-educac-o-basica-2\/\" \/>\n<meta property=\"og:site_name\" content=\"Sinpro-Rio\" \/>\n<meta property=\"article:published_time\" content=\"2009-01-01T00:00:00+00:00\" \/>\n<meta property=\"article:modified_time\" content=\"2023-07-07T17:49:49+00:00\" \/>\n<meta name=\"author\" content=\"rafaelrjp\" \/>\n<meta name=\"twitter:card\" content=\"summary_large_image\" \/>\n<meta name=\"twitter:label1\" content=\"Escrito por\" \/>\n\t<meta name=\"twitter:data1\" content=\"rafaelrjp\" \/>\n\t<meta name=\"twitter:label2\" content=\"Est. tempo de leitura\" \/>\n\t<meta name=\"twitter:data2\" content=\"1 minuto\" \/>\n<script type=\"application\/ld+json\" class=\"yoast-schema-graph\">{\"@context\":\"https:\/\/schema.org\",\"@graph\":[{\"@type\":\"WebPage\",\"@id\":\"https:\/\/www.sinpro-rio.org.br\/principal\/resultado-da-assembleia-da-educac-o-basica-2\/\",\"url\":\"https:\/\/www.sinpro-rio.org.br\/principal\/resultado-da-assembleia-da-educac-o-basica-2\/\",\"name\":\"Resultado da Assembleia da Educa\u00e7\u00e3o B\u00e1sica - Sinpro-Rio\",\"isPartOf\":{\"@id\":\"https:\/\/www.sinpro-rio.org.br\/principal\/#website\"},\"datePublished\":\"2009-01-01T00:00:00+00:00\",\"dateModified\":\"2023-07-07T17:49:49+00:00\",\"author\":{\"@id\":\"https:\/\/www.sinpro-rio.org.br\/principal\/#\/schema\/person\/49feb585a2f57a31a6bd9f16f78e5be6\"},\"breadcrumb\":{\"@id\":\"https:\/\/www.sinpro-rio.org.br\/principal\/resultado-da-assembleia-da-educac-o-basica-2\/#breadcrumb\"},\"inLanguage\":\"pt-BR\",\"potentialAction\":[{\"@type\":\"ReadAction\",\"target\":[\"https:\/\/www.sinpro-rio.org.br\/principal\/resultado-da-assembleia-da-educac-o-basica-2\/\"]}]},{\"@type\":\"BreadcrumbList\",\"@id\":\"https:\/\/www.sinpro-rio.org.br\/principal\/resultado-da-assembleia-da-educac-o-basica-2\/#breadcrumb\",\"itemListElement\":[{\"@type\":\"ListItem\",\"position\":1,\"name\":\"In\u00edcio\",\"item\":\"https:\/\/www.sinpro-rio.org.br\/principal\/\"},{\"@type\":\"ListItem\",\"position\":2,\"name\":\"Resultado da Assembleia da Educa\u00e7\u00e3o B\u00e1sica\"}]},{\"@type\":\"WebSite\",\"@id\":\"https:\/\/www.sinpro-rio.org.br\/principal\/#website\",\"url\":\"https:\/\/www.sinpro-rio.org.br\/principal\/\",\"name\":\"Sinpro-Rio\",\"description\":\"Sindicato dos Professores do Munic\u00edpio do Rio de Janeiro e Regi\u00e3o\",\"potentialAction\":[{\"@type\":\"SearchAction\",\"target\":{\"@type\":\"EntryPoint\",\"urlTemplate\":\"https:\/\/www.sinpro-rio.org.br\/principal\/?s={search_term_string}\"},\"query-input\":{\"@type\":\"PropertyValueSpecification\",\"valueRequired\":true,\"valueName\":\"search_term_string\"}}],\"inLanguage\":\"pt-BR\"},{\"@type\":\"Person\",\"@id\":\"https:\/\/www.sinpro-rio.org.br\/principal\/#\/schema\/person\/49feb585a2f57a31a6bd9f16f78e5be6\",\"name\":\"rafaelrjp\",\"image\":{\"@type\":\"ImageObject\",\"inLanguage\":\"pt-BR\",\"@id\":\"https:\/\/www.sinpro-rio.org.br\/principal\/#\/schema\/person\/image\/\",\"url\":\"https:\/\/secure.gravatar.com\/avatar\/489371a0ba4655c340b519882c68cf68?s=96&d=mm&r=g\",\"contentUrl\":\"https:\/\/secure.gravatar.com\/avatar\/489371a0ba4655c340b519882c68cf68?s=96&d=mm&r=g\",\"caption\":\"rafaelrjp\"},\"url\":\"https:\/\/www.sinpro-rio.org.br\/principal\/author\/rafaelrjp\/\"}]}<\/script>\n<!-- \/ Yoast SEO plugin. -->","yoast_head_json":{"title":"Resultado da Assembleia da Educa\u00e7\u00e3o B\u00e1sica - Sinpro-Rio","robots":{"index":"index","follow":"follow","max-snippet":"max-snippet:-1","max-image-preview":"max-image-preview:large","max-video-preview":"max-video-preview:-1"},"canonical":"https:\/\/www.sinpro-rio.org.br\/principal\/resultado-da-assembleia-da-educac-o-basica-2\/","og_locale":"pt_BR","og_type":"article","og_title":"Resultado da Assembleia da Educa\u00e7\u00e3o B\u00e1sica - Sinpro-Rio","og_description":"No s\u00e1bado, dia 9 de maio, os professores da Educa\u00e7\u00e3o B\u00e1sica se reuniram em assembleia para debater os rumos das negocia\u00e7\u00f5es da Campanha Salarial de 2009. Ap\u00f3s os informes habituais, o primeiro-secret\u00e1rio do Sinpro-Rio, professor Marcelo Pereira, fez relatos das duas \u00faltimas parit\u00e1rias &#8211; entre o Sindicato e os patr\u00f5es &#8211; que apontaram para o [&hellip;]","og_url":"https:\/\/www.sinpro-rio.org.br\/principal\/resultado-da-assembleia-da-educac-o-basica-2\/","og_site_name":"Sinpro-Rio","article_published_time":"2009-01-01T00:00:00+00:00","article_modified_time":"2023-07-07T17:49:49+00:00","author":"rafaelrjp","twitter_card":"summary_large_image","twitter_misc":{"Escrito por":"rafaelrjp","Est. tempo de leitura":"1 minuto"},"schema":{"@context":"https:\/\/schema.org","@graph":[{"@type":"WebPage","@id":"https:\/\/www.sinpro-rio.org.br\/principal\/resultado-da-assembleia-da-educac-o-basica-2\/","url":"https:\/\/www.sinpro-rio.org.br\/principal\/resultado-da-assembleia-da-educac-o-basica-2\/","name":"Resultado da Assembleia da Educa\u00e7\u00e3o B\u00e1sica - Sinpro-Rio","isPartOf":{"@id":"https:\/\/www.sinpro-rio.org.br\/principal\/#website"},"datePublished":"2009-01-01T00:00:00+00:00","dateModified":"2023-07-07T17:49:49+00:00","author":{"@id":"https:\/\/www.sinpro-rio.org.br\/principal\/#\/schema\/person\/49feb585a2f57a31a6bd9f16f78e5be6"},"breadcrumb":{"@id":"https:\/\/www.sinpro-rio.org.br\/principal\/resultado-da-assembleia-da-educac-o-basica-2\/#breadcrumb"},"inLanguage":"pt-BR","potentialAction":[{"@type":"ReadAction","target":["https:\/\/www.sinpro-rio.org.br\/principal\/resultado-da-assembleia-da-educac-o-basica-2\/"]}]},{"@type":"BreadcrumbList","@id":"https:\/\/www.sinpro-rio.org.br\/principal\/resultado-da-assembleia-da-educac-o-basica-2\/#breadcrumb","itemListElement":[{"@type":"ListItem","position":1,"name":"In\u00edcio","item":"https:\/\/www.sinpro-rio.org.br\/principal\/"},{"@type":"ListItem","position":2,"name":"Resultado da Assembleia da Educa\u00e7\u00e3o B\u00e1sica"}]},{"@type":"WebSite","@id":"https:\/\/www.sinpro-rio.org.br\/principal\/#website","url":"https:\/\/www.sinpro-rio.org.br\/principal\/","name":"Sinpro-Rio","description":"Sindicato dos Professores do Munic\u00edpio do Rio de Janeiro e Regi\u00e3o","potentialAction":[{"@type":"SearchAction","target":{"@type":"EntryPoint","urlTemplate":"https:\/\/www.sinpro-rio.org.br\/principal\/?s={search_term_string}"},"query-input":{"@type":"PropertyValueSpecification","valueRequired":true,"valueName":"search_term_string"}}],"inLanguage":"pt-BR"},{"@type":"Person","@id":"https:\/\/www.sinpro-rio.org.br\/principal\/#\/schema\/person\/49feb585a2f57a31a6bd9f16f78e5be6","name":"rafaelrjp","image":{"@type":"ImageObject","inLanguage":"pt-BR","@id":"https:\/\/www.sinpro-rio.org.br\/principal\/#\/schema\/person\/image\/","url":"https:\/\/secure.gravatar.com\/avatar\/489371a0ba4655c340b519882c68cf68?s=96&d=mm&r=g","contentUrl":"https:\/\/secure.gravatar.com\/avatar\/489371a0ba4655c340b519882c68cf68?s=96&d=mm&r=g","caption":"rafaelrjp"},"url":"https:\/\/www.sinpro-rio.org.br\/principal\/author\/rafaelrjp\/"}]}},"_links":{"self":[{"href":"https:\/\/www.sinpro-rio.org.br\/principal\/wp-json\/wp\/v2\/posts\/20811","targetHints":{"allow":["GET"]}}],"collection":[{"href":"https:\/\/www.sinpro-rio.org.br\/principal\/wp-json\/wp\/v2\/posts"}],"about":[{"href":"https:\/\/www.sinpro-rio.org.br\/principal\/wp-json\/wp\/v2\/types\/post"}],"author":[{"embeddable":true,"href":"https:\/\/www.sinpro-rio.org.br\/principal\/wp-json\/wp\/v2\/users\/1"}],"replies":[{"embeddable":true,"href":"https:\/\/www.sinpro-rio.org.br\/principal\/wp-json\/wp\/v2\/comments?post=20811"}],"version-history":[{"count":1,"href":"https:\/\/www.sinpro-rio.org.br\/principal\/wp-json\/wp\/v2\/posts\/20811\/revisions"}],"predecessor-version":[{"id":36177,"href":"https:\/\/www.sinpro-rio.org.br\/principal\/wp-json\/wp\/v2\/posts\/20811\/revisions\/36177"}],"wp:attachment":[{"href":"https:\/\/www.sinpro-rio.org.br\/principal\/wp-json\/wp\/v2\/media?parent=20811"}],"wp:term":[{"taxonomy":"category","embeddable":true,"href":"https:\/\/www.sinpro-rio.org.br\/principal\/wp-json\/wp\/v2\/categories?post=20811"},{"taxonomy":"post_tag","embeddable":true,"href":"https:\/\/www.sinpro-rio.org.br\/principal\/wp-json\/wp\/v2\/tags?post=20811"}],"curies":[{"name":"wp","href":"https:\/\/api.w.org\/{rel}","templated":true}]}}