{"id":20804,"date":"2009-01-01T00:00:00","date_gmt":"2009-01-01T00:00:00","guid":{"rendered":""},"modified":"-0001-11-30T00:00:00","modified_gmt":"-0001-11-30T03:00:00","slug":"forum-permanente-de-educac-o-superior-se-reune-mais-uma-vez","status":"publish","type":"post","link":"https:\/\/www.sinpro-rio.org.br\/principal\/forum-permanente-de-educac-o-superior-se-reune-mais-uma-vez\/","title":{"rendered":"F\u00f3rum Permanente de Educa\u00e7\u00e3o Superior se re\u00fane mais uma vez"},"content":{"rendered":"<div class=\"alvo1\">\n<p>No dia 14 de maio, ocorreu a quinta edi\u00e7\u00e3o do F\u00f3rum Permanente de Educa\u00e7\u00e3o Superior, que pretende diagnosticar a situa\u00e7\u00e3o das universidades privadas do Rio de Janeiro. O tema foi a efetividade da Lei de Diretrizes B\u00e1sicas da Educa\u00e7\u00e3o (LDB). Compuseram a mesa a diretora do Sinpro-Rio, Magna Correa, o advogado do Sindicato, Marcio Cordeiro; e a consultora Aparecida Tiradentes, que apresentou todo o hist\u00f3rico de cria\u00e7\u00e3o da LDB, contando as manobras do Governo FHC para que sua aprova\u00e7\u00e3o passasse despercebida pela opini\u00e3o p\u00fablica.<\/p>\n<p>Segundo ela, ap\u00f3s v\u00e1rias vezes inexplicavelmente sair de pauta, a LDB foi aprovada de forma inesperada no dia 26 de dezembro de 1996.<\/p>\n<p>&#8211; Est\u00e1vamos todos envolvidos com Natal, achando que nada mais ocorreria no Congresso naquele ano e, de repente, veio a aprova\u00e7\u00e3o &#8211; contou.<\/p>\n<p>As reformas que a LDB sofreu at\u00e9 os dias de hoje tamb\u00e9m foram discutidas. Dois per\u00edodos distintos foram destacados: o primeiro, marcado pela desregulamenta\u00e7\u00e3o do setor privado, na gest\u00e3o do ministro Paulo Renato &#8211; atual secret\u00e1rio Estadual de Educa\u00e7\u00e3o de S\u00e3o Paulo e dono de uma consultoria especializada na \u00e1rea. E o segundo, em que a regulamenta\u00e7\u00e3o foi retomada, pela gest\u00e3o do atual ministro Fernando Haddad.<\/p>\n<p>&#8211; Coincidentemente, no per\u00edodo em que Paulo Renato foi ministro, as matr\u00edculas na rede privada tiveram sua maior expans\u00e3o. Hoje, s\u00e3o as da rede p\u00fablica que est\u00e3o crescendo &#8211; observou Aparecida Tiradentes.<\/p>\n<p>Antes que o F\u00f3rum fosse aberto para interven\u00e7\u00f5es, o 1\u00ba vice-presidente do Sinpro-Rio, Francilio Paes Leme, falou a respeito da situa\u00e7\u00e3o da Campanha Salarial 2009, que, de acordo com ele, este ano est\u00e1 mais delicada do que nos anteriores.<\/p>\n<p>&#8211; As institui\u00e7\u00f5es est\u00e3o levando para a mesa de negocia\u00e7\u00e3o com a categoria solu\u00e7\u00f5es para os problemas financeiros que v\u00eam enfrentando &#8211; explicou Francilio. \n<\/p>\n<p><strong>Restaurant Week no Rio, projeto com restaurantes a pre\u00e7os acess\u00edveis vai at\u00e9 23 de maio<\/strong><\/p>\n<p>O Restaurant Week surgiu h\u00e1 16 anos em Nova York, para ser parceiro do Fashion Week e aumentar o volume de vendas na \u00e9poca de f\u00e9rias em Julho. Come\u00e7ou com cerca de 90 restaurantes durante uma semana somente e foi sucesso total. O projeto do Restaurant Week Brasil iniciou pela cidade de S\u00e3o Paulo no segundo semestre de 2007, com a participa\u00e7\u00e3o de 45 restaurantes, arrecadando R$ 6.000. A segunda edi\u00e7\u00e3o, no primeiro semestre de 2008, reuniu 49 dos melhores restaurantes da cidade e arrecadou R$ 21.900 em doa\u00e7\u00f5es. No Rio de Janeiro, o projeto teve in\u00edcio na \u00faltima segunda-feira e vai at\u00e9 o dia 23 de maio. Com pre\u00e7os acess\u00edveis, restaurantes de diversos g\u00eaneros foram desafiados a criar card\u00e1pios diferentes com entrada, prato principal e sobremesa a um pre\u00e7o fixo: almo\u00e7o R$25 +R$1 e jantar R$39+R$1 (sendo o R$1 destinado a institui\u00e7\u00f5es beneficentes). Veja a rela\u00e7\u00e3o de restaurantes participantes www.restaurantweek.com.br \n<\/p>\n<\/div>\n","protected":false},"excerpt":{"rendered":"<p>No dia 14 de maio, ocorreu a quinta edi\u00e7\u00e3o do F\u00f3rum Permanente de Educa\u00e7\u00e3o Superior, que pretende diagnosticar a situa\u00e7\u00e3o das universidades privadas do Rio de Janeiro. O tema foi a efetividade da Lei de Diretrizes B\u00e1sicas da Educa\u00e7\u00e3o (LDB). Compuseram a mesa a diretora do Sinpro-Rio, Magna Correa, o advogado do Sindicato, Marcio Cordeiro; [&hellip;]<\/p>\n","protected":false},"author":1,"featured_media":0,"comment_status":"closed","ping_status":"open","sticky":false,"template":"","format":"standard","meta":{"footnotes":""},"categories":[1],"tags":[],"class_list":["post-20804","post","type-post","status-publish","format-standard","hentry","category-noticias"],"yoast_head":"<!-- This site is optimized with the Yoast SEO plugin v25.7 - https:\/\/yoast.com\/wordpress\/plugins\/seo\/ -->\n<title>F\u00f3rum Permanente de Educa\u00e7\u00e3o Superior se re\u00fane mais uma vez - Sinpro-Rio<\/title>\n<meta name=\"robots\" content=\"index, follow, max-snippet:-1, max-image-preview:large, max-video-preview:-1\" \/>\n<link rel=\"canonical\" href=\"https:\/\/www.sinpro-rio.org.br\/principal\/forum-permanente-de-educac-o-superior-se-reune-mais-uma-vez\/\" \/>\n<meta property=\"og:locale\" content=\"pt_BR\" \/>\n<meta property=\"og:type\" content=\"article\" \/>\n<meta property=\"og:title\" content=\"F\u00f3rum Permanente de Educa\u00e7\u00e3o Superior se re\u00fane mais uma vez - Sinpro-Rio\" \/>\n<meta property=\"og:description\" content=\"No dia 14 de maio, ocorreu a quinta edi\u00e7\u00e3o do F\u00f3rum Permanente de Educa\u00e7\u00e3o Superior, que pretende diagnosticar a situa\u00e7\u00e3o das universidades privadas do Rio de Janeiro. O tema foi a efetividade da Lei de Diretrizes B\u00e1sicas da Educa\u00e7\u00e3o (LDB). Compuseram a mesa a diretora do Sinpro-Rio, Magna Correa, o advogado do Sindicato, Marcio Cordeiro; [&hellip;]\" \/>\n<meta property=\"og:url\" content=\"https:\/\/www.sinpro-rio.org.br\/principal\/forum-permanente-de-educac-o-superior-se-reune-mais-uma-vez\/\" \/>\n<meta property=\"og:site_name\" content=\"Sinpro-Rio\" \/>\n<meta property=\"article:published_time\" content=\"2009-01-01T00:00:00+00:00\" \/>\n<meta name=\"author\" content=\"rafaelrjp\" \/>\n<meta name=\"twitter:card\" content=\"summary_large_image\" \/>\n<meta name=\"twitter:label1\" content=\"Escrito por\" \/>\n\t<meta name=\"twitter:data1\" content=\"rafaelrjp\" \/>\n\t<meta name=\"twitter:label2\" content=\"Est. tempo de leitura\" \/>\n\t<meta name=\"twitter:data2\" content=\"3 minutos\" \/>\n<script type=\"application\/ld+json\" class=\"yoast-schema-graph\">{\"@context\":\"https:\/\/schema.org\",\"@graph\":[{\"@type\":\"WebPage\",\"@id\":\"https:\/\/www.sinpro-rio.org.br\/principal\/forum-permanente-de-educac-o-superior-se-reune-mais-uma-vez\/\",\"url\":\"https:\/\/www.sinpro-rio.org.br\/principal\/forum-permanente-de-educac-o-superior-se-reune-mais-uma-vez\/\",\"name\":\"F\u00f3rum Permanente de Educa\u00e7\u00e3o Superior se re\u00fane mais uma vez - Sinpro-Rio\",\"isPartOf\":{\"@id\":\"https:\/\/www.sinpro-rio.org.br\/principal\/#website\"},\"datePublished\":\"2009-01-01T00:00:00+00:00\",\"author\":{\"@id\":\"https:\/\/www.sinpro-rio.org.br\/principal\/#\/schema\/person\/49feb585a2f57a31a6bd9f16f78e5be6\"},\"breadcrumb\":{\"@id\":\"https:\/\/www.sinpro-rio.org.br\/principal\/forum-permanente-de-educac-o-superior-se-reune-mais-uma-vez\/#breadcrumb\"},\"inLanguage\":\"pt-BR\",\"potentialAction\":[{\"@type\":\"ReadAction\",\"target\":[\"https:\/\/www.sinpro-rio.org.br\/principal\/forum-permanente-de-educac-o-superior-se-reune-mais-uma-vez\/\"]}]},{\"@type\":\"BreadcrumbList\",\"@id\":\"https:\/\/www.sinpro-rio.org.br\/principal\/forum-permanente-de-educac-o-superior-se-reune-mais-uma-vez\/#breadcrumb\",\"itemListElement\":[{\"@type\":\"ListItem\",\"position\":1,\"name\":\"In\u00edcio\",\"item\":\"https:\/\/www.sinpro-rio.org.br\/principal\/\"},{\"@type\":\"ListItem\",\"position\":2,\"name\":\"F\u00f3rum Permanente de Educa\u00e7\u00e3o Superior se re\u00fane mais uma vez\"}]},{\"@type\":\"WebSite\",\"@id\":\"https:\/\/www.sinpro-rio.org.br\/principal\/#website\",\"url\":\"https:\/\/www.sinpro-rio.org.br\/principal\/\",\"name\":\"Sinpro-Rio\",\"description\":\"Sindicato dos Professores do Munic\u00edpio do Rio de Janeiro e Regi\u00e3o\",\"potentialAction\":[{\"@type\":\"SearchAction\",\"target\":{\"@type\":\"EntryPoint\",\"urlTemplate\":\"https:\/\/www.sinpro-rio.org.br\/principal\/?s={search_term_string}\"},\"query-input\":{\"@type\":\"PropertyValueSpecification\",\"valueRequired\":true,\"valueName\":\"search_term_string\"}}],\"inLanguage\":\"pt-BR\"},{\"@type\":\"Person\",\"@id\":\"https:\/\/www.sinpro-rio.org.br\/principal\/#\/schema\/person\/49feb585a2f57a31a6bd9f16f78e5be6\",\"name\":\"rafaelrjp\",\"image\":{\"@type\":\"ImageObject\",\"inLanguage\":\"pt-BR\",\"@id\":\"https:\/\/www.sinpro-rio.org.br\/principal\/#\/schema\/person\/image\/\",\"url\":\"https:\/\/secure.gravatar.com\/avatar\/489371a0ba4655c340b519882c68cf68?s=96&d=mm&r=g\",\"contentUrl\":\"https:\/\/secure.gravatar.com\/avatar\/489371a0ba4655c340b519882c68cf68?s=96&d=mm&r=g\",\"caption\":\"rafaelrjp\"},\"url\":\"https:\/\/www.sinpro-rio.org.br\/principal\/author\/rafaelrjp\/\"}]}<\/script>\n<!-- \/ Yoast SEO plugin. -->","yoast_head_json":{"title":"F\u00f3rum Permanente de Educa\u00e7\u00e3o Superior se re\u00fane mais uma vez - Sinpro-Rio","robots":{"index":"index","follow":"follow","max-snippet":"max-snippet:-1","max-image-preview":"max-image-preview:large","max-video-preview":"max-video-preview:-1"},"canonical":"https:\/\/www.sinpro-rio.org.br\/principal\/forum-permanente-de-educac-o-superior-se-reune-mais-uma-vez\/","og_locale":"pt_BR","og_type":"article","og_title":"F\u00f3rum Permanente de Educa\u00e7\u00e3o Superior se re\u00fane mais uma vez - Sinpro-Rio","og_description":"No dia 14 de maio, ocorreu a quinta edi\u00e7\u00e3o do F\u00f3rum Permanente de Educa\u00e7\u00e3o Superior, que pretende diagnosticar a situa\u00e7\u00e3o das universidades privadas do Rio de Janeiro. O tema foi a efetividade da Lei de Diretrizes B\u00e1sicas da Educa\u00e7\u00e3o (LDB). Compuseram a mesa a diretora do Sinpro-Rio, Magna Correa, o advogado do Sindicato, Marcio Cordeiro; [&hellip;]","og_url":"https:\/\/www.sinpro-rio.org.br\/principal\/forum-permanente-de-educac-o-superior-se-reune-mais-uma-vez\/","og_site_name":"Sinpro-Rio","article_published_time":"2009-01-01T00:00:00+00:00","author":"rafaelrjp","twitter_card":"summary_large_image","twitter_misc":{"Escrito por":"rafaelrjp","Est. tempo de leitura":"3 minutos"},"schema":{"@context":"https:\/\/schema.org","@graph":[{"@type":"WebPage","@id":"https:\/\/www.sinpro-rio.org.br\/principal\/forum-permanente-de-educac-o-superior-se-reune-mais-uma-vez\/","url":"https:\/\/www.sinpro-rio.org.br\/principal\/forum-permanente-de-educac-o-superior-se-reune-mais-uma-vez\/","name":"F\u00f3rum Permanente de Educa\u00e7\u00e3o Superior se re\u00fane mais uma vez - Sinpro-Rio","isPartOf":{"@id":"https:\/\/www.sinpro-rio.org.br\/principal\/#website"},"datePublished":"2009-01-01T00:00:00+00:00","author":{"@id":"https:\/\/www.sinpro-rio.org.br\/principal\/#\/schema\/person\/49feb585a2f57a31a6bd9f16f78e5be6"},"breadcrumb":{"@id":"https:\/\/www.sinpro-rio.org.br\/principal\/forum-permanente-de-educac-o-superior-se-reune-mais-uma-vez\/#breadcrumb"},"inLanguage":"pt-BR","potentialAction":[{"@type":"ReadAction","target":["https:\/\/www.sinpro-rio.org.br\/principal\/forum-permanente-de-educac-o-superior-se-reune-mais-uma-vez\/"]}]},{"@type":"BreadcrumbList","@id":"https:\/\/www.sinpro-rio.org.br\/principal\/forum-permanente-de-educac-o-superior-se-reune-mais-uma-vez\/#breadcrumb","itemListElement":[{"@type":"ListItem","position":1,"name":"In\u00edcio","item":"https:\/\/www.sinpro-rio.org.br\/principal\/"},{"@type":"ListItem","position":2,"name":"F\u00f3rum Permanente de Educa\u00e7\u00e3o Superior se re\u00fane mais uma vez"}]},{"@type":"WebSite","@id":"https:\/\/www.sinpro-rio.org.br\/principal\/#website","url":"https:\/\/www.sinpro-rio.org.br\/principal\/","name":"Sinpro-Rio","description":"Sindicato dos Professores do Munic\u00edpio do Rio de Janeiro e Regi\u00e3o","potentialAction":[{"@type":"SearchAction","target":{"@type":"EntryPoint","urlTemplate":"https:\/\/www.sinpro-rio.org.br\/principal\/?s={search_term_string}"},"query-input":{"@type":"PropertyValueSpecification","valueRequired":true,"valueName":"search_term_string"}}],"inLanguage":"pt-BR"},{"@type":"Person","@id":"https:\/\/www.sinpro-rio.org.br\/principal\/#\/schema\/person\/49feb585a2f57a31a6bd9f16f78e5be6","name":"rafaelrjp","image":{"@type":"ImageObject","inLanguage":"pt-BR","@id":"https:\/\/www.sinpro-rio.org.br\/principal\/#\/schema\/person\/image\/","url":"https:\/\/secure.gravatar.com\/avatar\/489371a0ba4655c340b519882c68cf68?s=96&d=mm&r=g","contentUrl":"https:\/\/secure.gravatar.com\/avatar\/489371a0ba4655c340b519882c68cf68?s=96&d=mm&r=g","caption":"rafaelrjp"},"url":"https:\/\/www.sinpro-rio.org.br\/principal\/author\/rafaelrjp\/"}]}},"_links":{"self":[{"href":"https:\/\/www.sinpro-rio.org.br\/principal\/wp-json\/wp\/v2\/posts\/20804","targetHints":{"allow":["GET"]}}],"collection":[{"href":"https:\/\/www.sinpro-rio.org.br\/principal\/wp-json\/wp\/v2\/posts"}],"about":[{"href":"https:\/\/www.sinpro-rio.org.br\/principal\/wp-json\/wp\/v2\/types\/post"}],"author":[{"embeddable":true,"href":"https:\/\/www.sinpro-rio.org.br\/principal\/wp-json\/wp\/v2\/users\/1"}],"replies":[{"embeddable":true,"href":"https:\/\/www.sinpro-rio.org.br\/principal\/wp-json\/wp\/v2\/comments?post=20804"}],"version-history":[{"count":0,"href":"https:\/\/www.sinpro-rio.org.br\/principal\/wp-json\/wp\/v2\/posts\/20804\/revisions"}],"wp:attachment":[{"href":"https:\/\/www.sinpro-rio.org.br\/principal\/wp-json\/wp\/v2\/media?parent=20804"}],"wp:term":[{"taxonomy":"category","embeddable":true,"href":"https:\/\/www.sinpro-rio.org.br\/principal\/wp-json\/wp\/v2\/categories?post=20804"},{"taxonomy":"post_tag","embeddable":true,"href":"https:\/\/www.sinpro-rio.org.br\/principal\/wp-json\/wp\/v2\/tags?post=20804"}],"curies":[{"name":"wp","href":"https:\/\/api.w.org\/{rel}","templated":true}]}}