{"id":20800,"date":"2009-01-01T00:00:00","date_gmt":"2009-01-01T00:00:00","guid":{"rendered":""},"modified":"-0001-11-30T00:00:00","modified_gmt":"-0001-11-30T03:00:00","slug":"dia-21-ato-em-defesa-da-petrobras","status":"publish","type":"post","link":"https:\/\/www.sinpro-rio.org.br\/principal\/dia-21-ato-em-defesa-da-petrobras\/","title":{"rendered":"Dia 21, ato em defesa da Petrobr\u00e1s"},"content":{"rendered":"<div class=\"alvo1\">\n<p>Na pr\u00f3xima quinta-feira, dia 21, sindicatos e entidades dos movimentos sociais como CUT, UNE, MST e OAB\/RJ realizar\u00e3o um ato p\u00fablico em defesa da Petrobr\u00e1s. A manifesta\u00e7\u00e3o, que ir\u00e1 sair da Pra\u00e7a da Candel\u00e1ria, no centro do Rio de Janeiro, em dire\u00e7\u00e3o ao pr\u00e9dio da Petrobr\u00e1s, na Avenida Chile, est\u00e1 marcada para \u00e0s 9h. Os Manisfestantes far\u00e3o um abra\u00e7o simb\u00f3lico na sede da estatal, ao final da marcha.<\/p>\n<p>O intuito da passeata \u00e9 pressionar pela aprova\u00e7\u00e3o de uma nova legisla\u00e7\u00e3o que garanta o controle estatal e social sobre as reservas brasileiras de petr\u00f3leo e g\u00e1s. Al\u00e9m disso, a CPI da Petrobras, proposta pelo PSDB, tamb\u00e9m ser\u00e1 um dos alvos do protesto. A CPI \u00e9 vista como uma retalha\u00e7\u00e3o tucana \u00e0s discuss\u00f5es sobre poss\u00edveis mudan\u00e7as na Lei do Petr\u00f3leo, aprovada durante o governo FHC. \n<\/p>\n<\/div>\n","protected":false},"excerpt":{"rendered":"<p>Na pr\u00f3xima quinta-feira, dia 21, sindicatos e entidades dos movimentos sociais como CUT, UNE, MST e OAB\/RJ realizar\u00e3o um ato p\u00fablico em defesa da Petrobr\u00e1s. A manifesta\u00e7\u00e3o, que ir\u00e1 sair da Pra\u00e7a da Candel\u00e1ria, no centro do Rio de Janeiro, em dire\u00e7\u00e3o ao pr\u00e9dio da Petrobr\u00e1s, na Avenida Chile, est\u00e1 marcada para \u00e0s 9h. Os [&hellip;]<\/p>\n","protected":false},"author":1,"featured_media":0,"comment_status":"closed","ping_status":"open","sticky":false,"template":"","format":"standard","meta":{"footnotes":""},"categories":[1],"tags":[],"class_list":["post-20800","post","type-post","status-publish","format-standard","hentry","category-noticias"],"yoast_head":"<!-- This site is optimized with the Yoast SEO plugin v25.7 - https:\/\/yoast.com\/wordpress\/plugins\/seo\/ -->\n<title>Dia 21, ato em defesa da Petrobr\u00e1s - Sinpro-Rio<\/title>\n<meta name=\"robots\" content=\"index, follow, max-snippet:-1, max-image-preview:large, max-video-preview:-1\" \/>\n<link rel=\"canonical\" href=\"https:\/\/www.sinpro-rio.org.br\/principal\/dia-21-ato-em-defesa-da-petrobras\/\" \/>\n<meta property=\"og:locale\" content=\"pt_BR\" \/>\n<meta property=\"og:type\" content=\"article\" \/>\n<meta property=\"og:title\" content=\"Dia 21, ato em defesa da Petrobr\u00e1s - Sinpro-Rio\" \/>\n<meta property=\"og:description\" content=\"Na pr\u00f3xima quinta-feira, dia 21, sindicatos e entidades dos movimentos sociais como CUT, UNE, MST e OAB\/RJ realizar\u00e3o um ato p\u00fablico em defesa da Petrobr\u00e1s. A manifesta\u00e7\u00e3o, que ir\u00e1 sair da Pra\u00e7a da Candel\u00e1ria, no centro do Rio de Janeiro, em dire\u00e7\u00e3o ao pr\u00e9dio da Petrobr\u00e1s, na Avenida Chile, est\u00e1 marcada para \u00e0s 9h. Os [&hellip;]\" \/>\n<meta property=\"og:url\" content=\"https:\/\/www.sinpro-rio.org.br\/principal\/dia-21-ato-em-defesa-da-petrobras\/\" \/>\n<meta property=\"og:site_name\" content=\"Sinpro-Rio\" \/>\n<meta property=\"article:published_time\" content=\"2009-01-01T00:00:00+00:00\" \/>\n<meta name=\"author\" content=\"rafaelrjp\" \/>\n<meta name=\"twitter:card\" content=\"summary_large_image\" \/>\n<meta name=\"twitter:label1\" content=\"Escrito por\" \/>\n\t<meta name=\"twitter:data1\" content=\"rafaelrjp\" \/>\n\t<meta name=\"twitter:label2\" content=\"Est. tempo de leitura\" \/>\n\t<meta name=\"twitter:data2\" content=\"1 minuto\" \/>\n<script type=\"application\/ld+json\" class=\"yoast-schema-graph\">{\"@context\":\"https:\/\/schema.org\",\"@graph\":[{\"@type\":\"WebPage\",\"@id\":\"https:\/\/www.sinpro-rio.org.br\/principal\/dia-21-ato-em-defesa-da-petrobras\/\",\"url\":\"https:\/\/www.sinpro-rio.org.br\/principal\/dia-21-ato-em-defesa-da-petrobras\/\",\"name\":\"Dia 21, ato em defesa da Petrobr\u00e1s - Sinpro-Rio\",\"isPartOf\":{\"@id\":\"https:\/\/www.sinpro-rio.org.br\/principal\/#website\"},\"datePublished\":\"2009-01-01T00:00:00+00:00\",\"author\":{\"@id\":\"https:\/\/www.sinpro-rio.org.br\/principal\/#\/schema\/person\/49feb585a2f57a31a6bd9f16f78e5be6\"},\"breadcrumb\":{\"@id\":\"https:\/\/www.sinpro-rio.org.br\/principal\/dia-21-ato-em-defesa-da-petrobras\/#breadcrumb\"},\"inLanguage\":\"pt-BR\",\"potentialAction\":[{\"@type\":\"ReadAction\",\"target\":[\"https:\/\/www.sinpro-rio.org.br\/principal\/dia-21-ato-em-defesa-da-petrobras\/\"]}]},{\"@type\":\"BreadcrumbList\",\"@id\":\"https:\/\/www.sinpro-rio.org.br\/principal\/dia-21-ato-em-defesa-da-petrobras\/#breadcrumb\",\"itemListElement\":[{\"@type\":\"ListItem\",\"position\":1,\"name\":\"In\u00edcio\",\"item\":\"https:\/\/www.sinpro-rio.org.br\/principal\/\"},{\"@type\":\"ListItem\",\"position\":2,\"name\":\"Dia 21, ato em defesa da Petrobr\u00e1s\"}]},{\"@type\":\"WebSite\",\"@id\":\"https:\/\/www.sinpro-rio.org.br\/principal\/#website\",\"url\":\"https:\/\/www.sinpro-rio.org.br\/principal\/\",\"name\":\"Sinpro-Rio\",\"description\":\"Sindicato dos Professores do Munic\u00edpio do Rio de Janeiro e Regi\u00e3o\",\"potentialAction\":[{\"@type\":\"SearchAction\",\"target\":{\"@type\":\"EntryPoint\",\"urlTemplate\":\"https:\/\/www.sinpro-rio.org.br\/principal\/?s={search_term_string}\"},\"query-input\":{\"@type\":\"PropertyValueSpecification\",\"valueRequired\":true,\"valueName\":\"search_term_string\"}}],\"inLanguage\":\"pt-BR\"},{\"@type\":\"Person\",\"@id\":\"https:\/\/www.sinpro-rio.org.br\/principal\/#\/schema\/person\/49feb585a2f57a31a6bd9f16f78e5be6\",\"name\":\"rafaelrjp\",\"image\":{\"@type\":\"ImageObject\",\"inLanguage\":\"pt-BR\",\"@id\":\"https:\/\/www.sinpro-rio.org.br\/principal\/#\/schema\/person\/image\/\",\"url\":\"https:\/\/secure.gravatar.com\/avatar\/489371a0ba4655c340b519882c68cf68?s=96&d=mm&r=g\",\"contentUrl\":\"https:\/\/secure.gravatar.com\/avatar\/489371a0ba4655c340b519882c68cf68?s=96&d=mm&r=g\",\"caption\":\"rafaelrjp\"},\"url\":\"https:\/\/www.sinpro-rio.org.br\/principal\/author\/rafaelrjp\/\"}]}<\/script>\n<!-- \/ Yoast SEO plugin. -->","yoast_head_json":{"title":"Dia 21, ato em defesa da Petrobr\u00e1s - Sinpro-Rio","robots":{"index":"index","follow":"follow","max-snippet":"max-snippet:-1","max-image-preview":"max-image-preview:large","max-video-preview":"max-video-preview:-1"},"canonical":"https:\/\/www.sinpro-rio.org.br\/principal\/dia-21-ato-em-defesa-da-petrobras\/","og_locale":"pt_BR","og_type":"article","og_title":"Dia 21, ato em defesa da Petrobr\u00e1s - Sinpro-Rio","og_description":"Na pr\u00f3xima quinta-feira, dia 21, sindicatos e entidades dos movimentos sociais como CUT, UNE, MST e OAB\/RJ realizar\u00e3o um ato p\u00fablico em defesa da Petrobr\u00e1s. A manifesta\u00e7\u00e3o, que ir\u00e1 sair da Pra\u00e7a da Candel\u00e1ria, no centro do Rio de Janeiro, em dire\u00e7\u00e3o ao pr\u00e9dio da Petrobr\u00e1s, na Avenida Chile, est\u00e1 marcada para \u00e0s 9h. Os [&hellip;]","og_url":"https:\/\/www.sinpro-rio.org.br\/principal\/dia-21-ato-em-defesa-da-petrobras\/","og_site_name":"Sinpro-Rio","article_published_time":"2009-01-01T00:00:00+00:00","author":"rafaelrjp","twitter_card":"summary_large_image","twitter_misc":{"Escrito por":"rafaelrjp","Est. tempo de leitura":"1 minuto"},"schema":{"@context":"https:\/\/schema.org","@graph":[{"@type":"WebPage","@id":"https:\/\/www.sinpro-rio.org.br\/principal\/dia-21-ato-em-defesa-da-petrobras\/","url":"https:\/\/www.sinpro-rio.org.br\/principal\/dia-21-ato-em-defesa-da-petrobras\/","name":"Dia 21, ato em defesa da Petrobr\u00e1s - Sinpro-Rio","isPartOf":{"@id":"https:\/\/www.sinpro-rio.org.br\/principal\/#website"},"datePublished":"2009-01-01T00:00:00+00:00","author":{"@id":"https:\/\/www.sinpro-rio.org.br\/principal\/#\/schema\/person\/49feb585a2f57a31a6bd9f16f78e5be6"},"breadcrumb":{"@id":"https:\/\/www.sinpro-rio.org.br\/principal\/dia-21-ato-em-defesa-da-petrobras\/#breadcrumb"},"inLanguage":"pt-BR","potentialAction":[{"@type":"ReadAction","target":["https:\/\/www.sinpro-rio.org.br\/principal\/dia-21-ato-em-defesa-da-petrobras\/"]}]},{"@type":"BreadcrumbList","@id":"https:\/\/www.sinpro-rio.org.br\/principal\/dia-21-ato-em-defesa-da-petrobras\/#breadcrumb","itemListElement":[{"@type":"ListItem","position":1,"name":"In\u00edcio","item":"https:\/\/www.sinpro-rio.org.br\/principal\/"},{"@type":"ListItem","position":2,"name":"Dia 21, ato em defesa da Petrobr\u00e1s"}]},{"@type":"WebSite","@id":"https:\/\/www.sinpro-rio.org.br\/principal\/#website","url":"https:\/\/www.sinpro-rio.org.br\/principal\/","name":"Sinpro-Rio","description":"Sindicato dos Professores do Munic\u00edpio do Rio de Janeiro e Regi\u00e3o","potentialAction":[{"@type":"SearchAction","target":{"@type":"EntryPoint","urlTemplate":"https:\/\/www.sinpro-rio.org.br\/principal\/?s={search_term_string}"},"query-input":{"@type":"PropertyValueSpecification","valueRequired":true,"valueName":"search_term_string"}}],"inLanguage":"pt-BR"},{"@type":"Person","@id":"https:\/\/www.sinpro-rio.org.br\/principal\/#\/schema\/person\/49feb585a2f57a31a6bd9f16f78e5be6","name":"rafaelrjp","image":{"@type":"ImageObject","inLanguage":"pt-BR","@id":"https:\/\/www.sinpro-rio.org.br\/principal\/#\/schema\/person\/image\/","url":"https:\/\/secure.gravatar.com\/avatar\/489371a0ba4655c340b519882c68cf68?s=96&d=mm&r=g","contentUrl":"https:\/\/secure.gravatar.com\/avatar\/489371a0ba4655c340b519882c68cf68?s=96&d=mm&r=g","caption":"rafaelrjp"},"url":"https:\/\/www.sinpro-rio.org.br\/principal\/author\/rafaelrjp\/"}]}},"_links":{"self":[{"href":"https:\/\/www.sinpro-rio.org.br\/principal\/wp-json\/wp\/v2\/posts\/20800","targetHints":{"allow":["GET"]}}],"collection":[{"href":"https:\/\/www.sinpro-rio.org.br\/principal\/wp-json\/wp\/v2\/posts"}],"about":[{"href":"https:\/\/www.sinpro-rio.org.br\/principal\/wp-json\/wp\/v2\/types\/post"}],"author":[{"embeddable":true,"href":"https:\/\/www.sinpro-rio.org.br\/principal\/wp-json\/wp\/v2\/users\/1"}],"replies":[{"embeddable":true,"href":"https:\/\/www.sinpro-rio.org.br\/principal\/wp-json\/wp\/v2\/comments?post=20800"}],"version-history":[{"count":0,"href":"https:\/\/www.sinpro-rio.org.br\/principal\/wp-json\/wp\/v2\/posts\/20800\/revisions"}],"wp:attachment":[{"href":"https:\/\/www.sinpro-rio.org.br\/principal\/wp-json\/wp\/v2\/media?parent=20800"}],"wp:term":[{"taxonomy":"category","embeddable":true,"href":"https:\/\/www.sinpro-rio.org.br\/principal\/wp-json\/wp\/v2\/categories?post=20800"},{"taxonomy":"post_tag","embeddable":true,"href":"https:\/\/www.sinpro-rio.org.br\/principal\/wp-json\/wp\/v2\/tags?post=20800"}],"curies":[{"name":"wp","href":"https:\/\/api.w.org\/{rel}","templated":true}]}}