{"id":20787,"date":"2009-01-01T00:00:00","date_gmt":"2009-01-01T00:00:00","guid":{"rendered":""},"modified":"-0001-11-30T00:00:00","modified_gmt":"-0001-11-30T03:00:00","slug":"sinpro-rio-realiza-a-segunda-edic-o-do-forum-america","status":"publish","type":"post","link":"https:\/\/www.sinpro-rio.org.br\/principal\/sinpro-rio-realiza-a-segunda-edic-o-do-forum-america\/","title":{"rendered":"Sinpro-Rio realiza a segunda edi\u00e7\u00e3o do F\u00f3rum Am\u00e9rica"},"content":{"rendered":"<div class=\"alvo1\">\n<p>No dia 1\u00b0 de junho, foi realizada a segunda edi\u00e7\u00e3o do F\u00f3rum Am\u00e9rica, com o tema Cuba, na sede do Sinpro-Rio. O objetivo foi debater os fen\u00f4menos pol\u00edticos, econ\u00f4micos e sociais ocorridos nos \u00faltimos anos em nosso continente.<\/p>\n<p>Os palestrantes convidados foram Daniel Aar\u00e3o Reis (doutor em Hist\u00f3ria Social\/USP e professor de Hist\u00f3ria Contempor\u00e2nea\/UFF) e Theot\u00f4nio dos Santos (doutor em Economia por Not\u00f3rio Saber e professor da UFF, coordenador da C\u00e1tedra da Unesco e membro do corpo editorial do Monitor Mercantil), que abriu o f\u00f3rum fazendo um grande relato sobre a invas\u00e3o a Cuba, liderada pelos Estados Unidos. O professor tamb\u00e9m analisou o embargo econ\u00f4mico imposto ao pa\u00eds e como a terra de Fidel pode comportar num continente, sendo marginalizada. Durante toda sua fala, Theot\u00f4nio questionou porque Cuba &#8211; que sofreu tanto com o terrorismo americano &#8211; tem que pedir desculpa para voltar a fazer parte do grupo.<\/p>\n<p>&#8211; Todo esse contexto \u00e9 colonial. Os Estados Unidos quiseram que Cuba fosse sua col\u00f4nia desde quando a ilha se tornou independente &#8211; afirmou o professor.<\/p>\n<p>Theot\u00f4nio finalizou a palestra explicando que a vis\u00e3o do senso comum sobre a Revolu\u00e7\u00e3o Cubana \u00e9 bem diferente de como ela realmente aconteceu.<\/p>\n<p>&#8211; A Revolu\u00e7\u00e3o Cubana \u00e9 uma coisa muito diferente do que \u00e9 apresentada. Podemos discordar, mas at\u00e9 para discordar \u00e9 preciso conhecer os processos reais &#8211; concluiu o economista.<\/p>\n<p>O historiador Daniel Aar\u00e3o, o outro palestrante da noite, tamb\u00e9m pegou o gancho da Revolu\u00e7\u00e3o e fez uma grande an\u00e1lise sobre os seus pontos de vista.<\/p>\n<p>Para ele, a primeira quest\u00e3o da Revolu\u00e7\u00e3o Cubana a se pensar \u00e9 no contexto hist\u00f3rico-nacionalista, que vem agitando a Am\u00e9rica Latina desde as d\u00e9cadas de 30 e 40.<\/p>\n<p>&#8211; Essa onda nacionalista foi um marco &#8211; afirmou.<\/p>\n<p>Segundo Daniel, o outro contexto hist\u00f3rico que deve ser pensado \u00e9 o da pr\u00f3pria sociedade cubana, que teve um papel significativo na Revolu\u00e7\u00e3o.<\/p>\n<p>&#8211; A Revolu\u00e7\u00e3o Cubana n\u00e3o \u00e9 do Fidel, ela n\u00e3o \u00e9 uma obra dele. Sem querer diminuir sua lideran\u00e7a, ela pertence a hist\u00f3ria da sociedade cubana e da Am\u00e9rica Latina &#8211; concluiu, contestando autoria da revolu\u00e7\u00e3o.<\/p>\n<p>Durante todo o semin\u00e1rio, tamb\u00e9m foi questionado porque o Estados Unidos n\u00e3o s\u00e3o responsabilizados pela pr\u00e1tica da tortura, mesmo depois de terem admitido que essa era uma pol\u00edtica de Estado. Outro ponto muito debatido foi o que aconteceu de positivo ap\u00f3s Cuba ter banido os norte-americanos de seu territ\u00f3rio. Para os professores convidados, o resultado foi a conquista da independ\u00eancia, as reformas sociais e o restabelecimento da ordem, j\u00e1 que na m\u00e3o dos Estados Unidos, o pa\u00eds era considerando um prost\u00edbulo.<\/p>\n<p>Ap\u00f3s as exposi\u00e7\u00f5es dos palestrantes, houve v\u00e1rias interven\u00e7\u00f5es produtivas. Alguns professores criticaram os argumento de que Fidel n\u00e3o \u00e9 a revolu\u00e7\u00e3o e outros louvaram as afirma\u00e7\u00f5es contra as torturas praticadas ao longo da hist\u00f3ria pelos norte-americanos. O debate levou a discuss\u00e3o para o conceito de democracia e foi destacada a import\u00e2ncia de Cuba para a independ\u00eancia de pa\u00eds africanos, como a Angola e Guin\u00e9-Bissau.<\/p>\n<p>Ao final, o professor Daniel Aar\u00e3o agradeceu e disse que o debate do socialismo n\u00e3o se esgotar\u00e1 aqui. Para ele, seria interessante que o Sinpro-Rio ampliasse esse espa\u00e7o de discuss\u00e3o.<\/p>\n<p>O pr\u00f3ximo encontro do F\u00f3rum Am\u00e9rica, outra vez com o tema Cuba e com os mesmos palestrantes, ser\u00e1 no dia 5 de junho, \u00e0s 18h30, na Subsede de Campo Grande.<\/p>\n<p>Para ver fotos clique aqui. \n<\/p>\n<\/div>\n","protected":false},"excerpt":{"rendered":"<p>No dia 1\u00b0 de junho, foi realizada a segunda edi\u00e7\u00e3o do F\u00f3rum Am\u00e9rica, com o tema Cuba, na sede do Sinpro-Rio. O objetivo foi debater os fen\u00f4menos pol\u00edticos, econ\u00f4micos e sociais ocorridos nos \u00faltimos anos em nosso continente. Os palestrantes convidados foram Daniel Aar\u00e3o Reis (doutor em Hist\u00f3ria Social\/USP e professor de Hist\u00f3ria Contempor\u00e2nea\/UFF) e [&hellip;]<\/p>\n","protected":false},"author":1,"featured_media":0,"comment_status":"closed","ping_status":"open","sticky":false,"template":"","format":"standard","meta":{"footnotes":""},"categories":[1],"tags":[],"class_list":["post-20787","post","type-post","status-publish","format-standard","hentry","category-noticias"],"yoast_head":"<!-- This site is optimized with the Yoast SEO plugin v25.7 - https:\/\/yoast.com\/wordpress\/plugins\/seo\/ -->\n<title>Sinpro-Rio realiza a segunda edi\u00e7\u00e3o do F\u00f3rum Am\u00e9rica - Sinpro-Rio<\/title>\n<meta name=\"robots\" content=\"index, follow, max-snippet:-1, max-image-preview:large, max-video-preview:-1\" \/>\n<link rel=\"canonical\" href=\"https:\/\/www.sinpro-rio.org.br\/principal\/sinpro-rio-realiza-a-segunda-edic-o-do-forum-america\/\" \/>\n<meta property=\"og:locale\" content=\"pt_BR\" \/>\n<meta property=\"og:type\" content=\"article\" \/>\n<meta property=\"og:title\" content=\"Sinpro-Rio realiza a segunda edi\u00e7\u00e3o do F\u00f3rum Am\u00e9rica - Sinpro-Rio\" \/>\n<meta property=\"og:description\" content=\"No dia 1\u00b0 de junho, foi realizada a segunda edi\u00e7\u00e3o do F\u00f3rum Am\u00e9rica, com o tema Cuba, na sede do Sinpro-Rio. O objetivo foi debater os fen\u00f4menos pol\u00edticos, econ\u00f4micos e sociais ocorridos nos \u00faltimos anos em nosso continente. Os palestrantes convidados foram Daniel Aar\u00e3o Reis (doutor em Hist\u00f3ria Social\/USP e professor de Hist\u00f3ria Contempor\u00e2nea\/UFF) e [&hellip;]\" \/>\n<meta property=\"og:url\" content=\"https:\/\/www.sinpro-rio.org.br\/principal\/sinpro-rio-realiza-a-segunda-edic-o-do-forum-america\/\" \/>\n<meta property=\"og:site_name\" content=\"Sinpro-Rio\" \/>\n<meta property=\"article:published_time\" content=\"2009-01-01T00:00:00+00:00\" \/>\n<meta name=\"author\" content=\"rafaelrjp\" \/>\n<meta name=\"twitter:card\" content=\"summary_large_image\" \/>\n<meta name=\"twitter:label1\" content=\"Escrito por\" \/>\n\t<meta name=\"twitter:data1\" content=\"rafaelrjp\" \/>\n\t<meta name=\"twitter:label2\" content=\"Est. tempo de leitura\" \/>\n\t<meta name=\"twitter:data2\" content=\"3 minutos\" \/>\n<script type=\"application\/ld+json\" class=\"yoast-schema-graph\">{\"@context\":\"https:\/\/schema.org\",\"@graph\":[{\"@type\":\"WebPage\",\"@id\":\"https:\/\/www.sinpro-rio.org.br\/principal\/sinpro-rio-realiza-a-segunda-edic-o-do-forum-america\/\",\"url\":\"https:\/\/www.sinpro-rio.org.br\/principal\/sinpro-rio-realiza-a-segunda-edic-o-do-forum-america\/\",\"name\":\"Sinpro-Rio realiza a segunda edi\u00e7\u00e3o do F\u00f3rum Am\u00e9rica - Sinpro-Rio\",\"isPartOf\":{\"@id\":\"https:\/\/www.sinpro-rio.org.br\/principal\/#website\"},\"datePublished\":\"2009-01-01T00:00:00+00:00\",\"author\":{\"@id\":\"https:\/\/www.sinpro-rio.org.br\/principal\/#\/schema\/person\/49feb585a2f57a31a6bd9f16f78e5be6\"},\"breadcrumb\":{\"@id\":\"https:\/\/www.sinpro-rio.org.br\/principal\/sinpro-rio-realiza-a-segunda-edic-o-do-forum-america\/#breadcrumb\"},\"inLanguage\":\"pt-BR\",\"potentialAction\":[{\"@type\":\"ReadAction\",\"target\":[\"https:\/\/www.sinpro-rio.org.br\/principal\/sinpro-rio-realiza-a-segunda-edic-o-do-forum-america\/\"]}]},{\"@type\":\"BreadcrumbList\",\"@id\":\"https:\/\/www.sinpro-rio.org.br\/principal\/sinpro-rio-realiza-a-segunda-edic-o-do-forum-america\/#breadcrumb\",\"itemListElement\":[{\"@type\":\"ListItem\",\"position\":1,\"name\":\"In\u00edcio\",\"item\":\"https:\/\/www.sinpro-rio.org.br\/principal\/\"},{\"@type\":\"ListItem\",\"position\":2,\"name\":\"Sinpro-Rio realiza a segunda edi\u00e7\u00e3o do F\u00f3rum Am\u00e9rica\"}]},{\"@type\":\"WebSite\",\"@id\":\"https:\/\/www.sinpro-rio.org.br\/principal\/#website\",\"url\":\"https:\/\/www.sinpro-rio.org.br\/principal\/\",\"name\":\"Sinpro-Rio\",\"description\":\"Sindicato dos Professores do Munic\u00edpio do Rio de Janeiro e Regi\u00e3o\",\"potentialAction\":[{\"@type\":\"SearchAction\",\"target\":{\"@type\":\"EntryPoint\",\"urlTemplate\":\"https:\/\/www.sinpro-rio.org.br\/principal\/?s={search_term_string}\"},\"query-input\":{\"@type\":\"PropertyValueSpecification\",\"valueRequired\":true,\"valueName\":\"search_term_string\"}}],\"inLanguage\":\"pt-BR\"},{\"@type\":\"Person\",\"@id\":\"https:\/\/www.sinpro-rio.org.br\/principal\/#\/schema\/person\/49feb585a2f57a31a6bd9f16f78e5be6\",\"name\":\"rafaelrjp\",\"image\":{\"@type\":\"ImageObject\",\"inLanguage\":\"pt-BR\",\"@id\":\"https:\/\/www.sinpro-rio.org.br\/principal\/#\/schema\/person\/image\/\",\"url\":\"https:\/\/secure.gravatar.com\/avatar\/489371a0ba4655c340b519882c68cf68?s=96&d=mm&r=g\",\"contentUrl\":\"https:\/\/secure.gravatar.com\/avatar\/489371a0ba4655c340b519882c68cf68?s=96&d=mm&r=g\",\"caption\":\"rafaelrjp\"},\"url\":\"https:\/\/www.sinpro-rio.org.br\/principal\/author\/rafaelrjp\/\"}]}<\/script>\n<!-- \/ Yoast SEO plugin. -->","yoast_head_json":{"title":"Sinpro-Rio realiza a segunda edi\u00e7\u00e3o do F\u00f3rum Am\u00e9rica - Sinpro-Rio","robots":{"index":"index","follow":"follow","max-snippet":"max-snippet:-1","max-image-preview":"max-image-preview:large","max-video-preview":"max-video-preview:-1"},"canonical":"https:\/\/www.sinpro-rio.org.br\/principal\/sinpro-rio-realiza-a-segunda-edic-o-do-forum-america\/","og_locale":"pt_BR","og_type":"article","og_title":"Sinpro-Rio realiza a segunda edi\u00e7\u00e3o do F\u00f3rum Am\u00e9rica - Sinpro-Rio","og_description":"No dia 1\u00b0 de junho, foi realizada a segunda edi\u00e7\u00e3o do F\u00f3rum Am\u00e9rica, com o tema Cuba, na sede do Sinpro-Rio. O objetivo foi debater os fen\u00f4menos pol\u00edticos, econ\u00f4micos e sociais ocorridos nos \u00faltimos anos em nosso continente. Os palestrantes convidados foram Daniel Aar\u00e3o Reis (doutor em Hist\u00f3ria Social\/USP e professor de Hist\u00f3ria Contempor\u00e2nea\/UFF) e [&hellip;]","og_url":"https:\/\/www.sinpro-rio.org.br\/principal\/sinpro-rio-realiza-a-segunda-edic-o-do-forum-america\/","og_site_name":"Sinpro-Rio","article_published_time":"2009-01-01T00:00:00+00:00","author":"rafaelrjp","twitter_card":"summary_large_image","twitter_misc":{"Escrito por":"rafaelrjp","Est. tempo de leitura":"3 minutos"},"schema":{"@context":"https:\/\/schema.org","@graph":[{"@type":"WebPage","@id":"https:\/\/www.sinpro-rio.org.br\/principal\/sinpro-rio-realiza-a-segunda-edic-o-do-forum-america\/","url":"https:\/\/www.sinpro-rio.org.br\/principal\/sinpro-rio-realiza-a-segunda-edic-o-do-forum-america\/","name":"Sinpro-Rio realiza a segunda edi\u00e7\u00e3o do F\u00f3rum Am\u00e9rica - Sinpro-Rio","isPartOf":{"@id":"https:\/\/www.sinpro-rio.org.br\/principal\/#website"},"datePublished":"2009-01-01T00:00:00+00:00","author":{"@id":"https:\/\/www.sinpro-rio.org.br\/principal\/#\/schema\/person\/49feb585a2f57a31a6bd9f16f78e5be6"},"breadcrumb":{"@id":"https:\/\/www.sinpro-rio.org.br\/principal\/sinpro-rio-realiza-a-segunda-edic-o-do-forum-america\/#breadcrumb"},"inLanguage":"pt-BR","potentialAction":[{"@type":"ReadAction","target":["https:\/\/www.sinpro-rio.org.br\/principal\/sinpro-rio-realiza-a-segunda-edic-o-do-forum-america\/"]}]},{"@type":"BreadcrumbList","@id":"https:\/\/www.sinpro-rio.org.br\/principal\/sinpro-rio-realiza-a-segunda-edic-o-do-forum-america\/#breadcrumb","itemListElement":[{"@type":"ListItem","position":1,"name":"In\u00edcio","item":"https:\/\/www.sinpro-rio.org.br\/principal\/"},{"@type":"ListItem","position":2,"name":"Sinpro-Rio realiza a segunda edi\u00e7\u00e3o do F\u00f3rum Am\u00e9rica"}]},{"@type":"WebSite","@id":"https:\/\/www.sinpro-rio.org.br\/principal\/#website","url":"https:\/\/www.sinpro-rio.org.br\/principal\/","name":"Sinpro-Rio","description":"Sindicato dos Professores do Munic\u00edpio do Rio de Janeiro e Regi\u00e3o","potentialAction":[{"@type":"SearchAction","target":{"@type":"EntryPoint","urlTemplate":"https:\/\/www.sinpro-rio.org.br\/principal\/?s={search_term_string}"},"query-input":{"@type":"PropertyValueSpecification","valueRequired":true,"valueName":"search_term_string"}}],"inLanguage":"pt-BR"},{"@type":"Person","@id":"https:\/\/www.sinpro-rio.org.br\/principal\/#\/schema\/person\/49feb585a2f57a31a6bd9f16f78e5be6","name":"rafaelrjp","image":{"@type":"ImageObject","inLanguage":"pt-BR","@id":"https:\/\/www.sinpro-rio.org.br\/principal\/#\/schema\/person\/image\/","url":"https:\/\/secure.gravatar.com\/avatar\/489371a0ba4655c340b519882c68cf68?s=96&d=mm&r=g","contentUrl":"https:\/\/secure.gravatar.com\/avatar\/489371a0ba4655c340b519882c68cf68?s=96&d=mm&r=g","caption":"rafaelrjp"},"url":"https:\/\/www.sinpro-rio.org.br\/principal\/author\/rafaelrjp\/"}]}},"_links":{"self":[{"href":"https:\/\/www.sinpro-rio.org.br\/principal\/wp-json\/wp\/v2\/posts\/20787","targetHints":{"allow":["GET"]}}],"collection":[{"href":"https:\/\/www.sinpro-rio.org.br\/principal\/wp-json\/wp\/v2\/posts"}],"about":[{"href":"https:\/\/www.sinpro-rio.org.br\/principal\/wp-json\/wp\/v2\/types\/post"}],"author":[{"embeddable":true,"href":"https:\/\/www.sinpro-rio.org.br\/principal\/wp-json\/wp\/v2\/users\/1"}],"replies":[{"embeddable":true,"href":"https:\/\/www.sinpro-rio.org.br\/principal\/wp-json\/wp\/v2\/comments?post=20787"}],"version-history":[{"count":0,"href":"https:\/\/www.sinpro-rio.org.br\/principal\/wp-json\/wp\/v2\/posts\/20787\/revisions"}],"wp:attachment":[{"href":"https:\/\/www.sinpro-rio.org.br\/principal\/wp-json\/wp\/v2\/media?parent=20787"}],"wp:term":[{"taxonomy":"category","embeddable":true,"href":"https:\/\/www.sinpro-rio.org.br\/principal\/wp-json\/wp\/v2\/categories?post=20787"},{"taxonomy":"post_tag","embeddable":true,"href":"https:\/\/www.sinpro-rio.org.br\/principal\/wp-json\/wp\/v2\/tags?post=20787"}],"curies":[{"name":"wp","href":"https:\/\/api.w.org\/{rel}","templated":true}]}}