{"id":20776,"date":"2009-01-01T00:00:00","date_gmt":"2009-01-01T00:00:00","guid":{"rendered":""},"modified":"-0001-11-30T00:00:00","modified_gmt":"-0001-11-30T03:00:00","slug":"ac-es-afirmativas-no-ingresso-aos-cursos-de-graduac-o-em-2010","status":"publish","type":"post","link":"https:\/\/www.sinpro-rio.org.br\/principal\/ac-es-afirmativas-no-ingresso-aos-cursos-de-graduac-o-em-2010\/","title":{"rendered":"A\u00e7\u00f5es Afirmativas no Ingresso aos Cursos de Gradua\u00e7\u00e3o em 2010"},"content":{"rendered":"<div class=\"alvo1\">\n<p>Em 2010 o processo de sele\u00e7\u00e3o aos cursos de gradua\u00e7\u00e3o em 26 Institui\u00e7\u00f5es Federais de Ensino Superior (IFES) do pa\u00eds ser\u00e1 realizado por um Sistema de Sele\u00e7\u00e3o Unificada organizado pelo MEC. Este processo seletivo de acesso ao Ensino Superior Federal ter\u00e1 como base a nota no ENEM 2009.<\/p>\n<p>No Rio de Janeiro participam deste processo a UFRRJ, a UNIRIO, o CEFET e o IFET Nil\u00f3polis. Ap\u00f3s a divulga\u00e7\u00e3o dos resultados finais do ENEM 2009, a partir da segunda quinzena de janeiro de 2010, o candidato a uma vaga em cursos de uma das 26 IFES dever\u00e1 se inscrever pela Internet. O Sistema de Sele\u00e7\u00e3o Unificada permite ao candidato a escolha de at\u00e9 cinco op\u00e7\u00f5es de curso\/universidade. A UFRRJ convida os professores da rede p\u00fablica a se candidatar \u00e0s suas licenciaturas plenas em 2010 e estudantes concluintes do ensino m\u00e9dio a se candidatar a um dos 42 cursos de gradua\u00e7\u00e3o da UFRRJ.<\/p>\n<p>O Enem 2009 \u00e9 a porta de entrada para o ensino superior p\u00fablico e gratuito em 26 Universidades Federais do pa\u00eds. As inscri\u00e7\u00f5es para o Enem 2009 dever\u00e3o ser realizadas at\u00e9 o dia 17 de julho. Inscri\u00e7\u00f5es no Enem pelo sitio: www.mec.gov.br\/enem<\/p>\n<p>\n<\/p>\n<\/div>\n","protected":false},"excerpt":{"rendered":"<p>Em 2010 o processo de sele\u00e7\u00e3o aos cursos de gradua\u00e7\u00e3o em 26 Institui\u00e7\u00f5es Federais de Ensino Superior (IFES) do pa\u00eds ser\u00e1 realizado por um Sistema de Sele\u00e7\u00e3o Unificada organizado pelo MEC. Este processo seletivo de acesso ao Ensino Superior Federal ter\u00e1 como base a nota no ENEM 2009. No Rio de Janeiro participam deste processo [&hellip;]<\/p>\n","protected":false},"author":1,"featured_media":0,"comment_status":"closed","ping_status":"open","sticky":false,"template":"","format":"standard","meta":{"footnotes":""},"categories":[1],"tags":[],"class_list":["post-20776","post","type-post","status-publish","format-standard","hentry","category-noticias"],"yoast_head":"<!-- This site is optimized with the Yoast SEO plugin v25.7 - https:\/\/yoast.com\/wordpress\/plugins\/seo\/ -->\n<title>A\u00e7\u00f5es Afirmativas no Ingresso aos Cursos de Gradua\u00e7\u00e3o em 2010 - Sinpro-Rio<\/title>\n<meta name=\"robots\" content=\"index, follow, max-snippet:-1, max-image-preview:large, max-video-preview:-1\" \/>\n<link rel=\"canonical\" href=\"https:\/\/www.sinpro-rio.org.br\/principal\/ac-es-afirmativas-no-ingresso-aos-cursos-de-graduac-o-em-2010\/\" \/>\n<meta property=\"og:locale\" content=\"pt_BR\" \/>\n<meta property=\"og:type\" content=\"article\" \/>\n<meta property=\"og:title\" content=\"A\u00e7\u00f5es Afirmativas no Ingresso aos Cursos de Gradua\u00e7\u00e3o em 2010 - Sinpro-Rio\" \/>\n<meta property=\"og:description\" content=\"Em 2010 o processo de sele\u00e7\u00e3o aos cursos de gradua\u00e7\u00e3o em 26 Institui\u00e7\u00f5es Federais de Ensino Superior (IFES) do pa\u00eds ser\u00e1 realizado por um Sistema de Sele\u00e7\u00e3o Unificada organizado pelo MEC. Este processo seletivo de acesso ao Ensino Superior Federal ter\u00e1 como base a nota no ENEM 2009. No Rio de Janeiro participam deste processo [&hellip;]\" \/>\n<meta property=\"og:url\" content=\"https:\/\/www.sinpro-rio.org.br\/principal\/ac-es-afirmativas-no-ingresso-aos-cursos-de-graduac-o-em-2010\/\" \/>\n<meta property=\"og:site_name\" content=\"Sinpro-Rio\" \/>\n<meta property=\"article:published_time\" content=\"2009-01-01T00:00:00+00:00\" \/>\n<meta name=\"author\" content=\"rafaelrjp\" \/>\n<meta name=\"twitter:card\" content=\"summary_large_image\" \/>\n<meta name=\"twitter:label1\" content=\"Escrito por\" \/>\n\t<meta name=\"twitter:data1\" content=\"rafaelrjp\" \/>\n\t<meta name=\"twitter:label2\" content=\"Est. tempo de leitura\" \/>\n\t<meta name=\"twitter:data2\" content=\"1 minuto\" \/>\n<script type=\"application\/ld+json\" class=\"yoast-schema-graph\">{\"@context\":\"https:\/\/schema.org\",\"@graph\":[{\"@type\":\"WebPage\",\"@id\":\"https:\/\/www.sinpro-rio.org.br\/principal\/ac-es-afirmativas-no-ingresso-aos-cursos-de-graduac-o-em-2010\/\",\"url\":\"https:\/\/www.sinpro-rio.org.br\/principal\/ac-es-afirmativas-no-ingresso-aos-cursos-de-graduac-o-em-2010\/\",\"name\":\"A\u00e7\u00f5es Afirmativas no Ingresso aos Cursos de Gradua\u00e7\u00e3o em 2010 - Sinpro-Rio\",\"isPartOf\":{\"@id\":\"https:\/\/www.sinpro-rio.org.br\/principal\/#website\"},\"datePublished\":\"2009-01-01T00:00:00+00:00\",\"author\":{\"@id\":\"https:\/\/www.sinpro-rio.org.br\/principal\/#\/schema\/person\/49feb585a2f57a31a6bd9f16f78e5be6\"},\"breadcrumb\":{\"@id\":\"https:\/\/www.sinpro-rio.org.br\/principal\/ac-es-afirmativas-no-ingresso-aos-cursos-de-graduac-o-em-2010\/#breadcrumb\"},\"inLanguage\":\"pt-BR\",\"potentialAction\":[{\"@type\":\"ReadAction\",\"target\":[\"https:\/\/www.sinpro-rio.org.br\/principal\/ac-es-afirmativas-no-ingresso-aos-cursos-de-graduac-o-em-2010\/\"]}]},{\"@type\":\"BreadcrumbList\",\"@id\":\"https:\/\/www.sinpro-rio.org.br\/principal\/ac-es-afirmativas-no-ingresso-aos-cursos-de-graduac-o-em-2010\/#breadcrumb\",\"itemListElement\":[{\"@type\":\"ListItem\",\"position\":1,\"name\":\"In\u00edcio\",\"item\":\"https:\/\/www.sinpro-rio.org.br\/principal\/\"},{\"@type\":\"ListItem\",\"position\":2,\"name\":\"A\u00e7\u00f5es Afirmativas no Ingresso aos Cursos de Gradua\u00e7\u00e3o em 2010\"}]},{\"@type\":\"WebSite\",\"@id\":\"https:\/\/www.sinpro-rio.org.br\/principal\/#website\",\"url\":\"https:\/\/www.sinpro-rio.org.br\/principal\/\",\"name\":\"Sinpro-Rio\",\"description\":\"Sindicato dos Professores do Munic\u00edpio do Rio de Janeiro e Regi\u00e3o\",\"potentialAction\":[{\"@type\":\"SearchAction\",\"target\":{\"@type\":\"EntryPoint\",\"urlTemplate\":\"https:\/\/www.sinpro-rio.org.br\/principal\/?s={search_term_string}\"},\"query-input\":{\"@type\":\"PropertyValueSpecification\",\"valueRequired\":true,\"valueName\":\"search_term_string\"}}],\"inLanguage\":\"pt-BR\"},{\"@type\":\"Person\",\"@id\":\"https:\/\/www.sinpro-rio.org.br\/principal\/#\/schema\/person\/49feb585a2f57a31a6bd9f16f78e5be6\",\"name\":\"rafaelrjp\",\"image\":{\"@type\":\"ImageObject\",\"inLanguage\":\"pt-BR\",\"@id\":\"https:\/\/www.sinpro-rio.org.br\/principal\/#\/schema\/person\/image\/\",\"url\":\"https:\/\/secure.gravatar.com\/avatar\/489371a0ba4655c340b519882c68cf68?s=96&d=mm&r=g\",\"contentUrl\":\"https:\/\/secure.gravatar.com\/avatar\/489371a0ba4655c340b519882c68cf68?s=96&d=mm&r=g\",\"caption\":\"rafaelrjp\"},\"url\":\"https:\/\/www.sinpro-rio.org.br\/principal\/author\/rafaelrjp\/\"}]}<\/script>\n<!-- \/ Yoast SEO plugin. -->","yoast_head_json":{"title":"A\u00e7\u00f5es Afirmativas no Ingresso aos Cursos de Gradua\u00e7\u00e3o em 2010 - Sinpro-Rio","robots":{"index":"index","follow":"follow","max-snippet":"max-snippet:-1","max-image-preview":"max-image-preview:large","max-video-preview":"max-video-preview:-1"},"canonical":"https:\/\/www.sinpro-rio.org.br\/principal\/ac-es-afirmativas-no-ingresso-aos-cursos-de-graduac-o-em-2010\/","og_locale":"pt_BR","og_type":"article","og_title":"A\u00e7\u00f5es Afirmativas no Ingresso aos Cursos de Gradua\u00e7\u00e3o em 2010 - Sinpro-Rio","og_description":"Em 2010 o processo de sele\u00e7\u00e3o aos cursos de gradua\u00e7\u00e3o em 26 Institui\u00e7\u00f5es Federais de Ensino Superior (IFES) do pa\u00eds ser\u00e1 realizado por um Sistema de Sele\u00e7\u00e3o Unificada organizado pelo MEC. Este processo seletivo de acesso ao Ensino Superior Federal ter\u00e1 como base a nota no ENEM 2009. No Rio de Janeiro participam deste processo [&hellip;]","og_url":"https:\/\/www.sinpro-rio.org.br\/principal\/ac-es-afirmativas-no-ingresso-aos-cursos-de-graduac-o-em-2010\/","og_site_name":"Sinpro-Rio","article_published_time":"2009-01-01T00:00:00+00:00","author":"rafaelrjp","twitter_card":"summary_large_image","twitter_misc":{"Escrito por":"rafaelrjp","Est. tempo de leitura":"1 minuto"},"schema":{"@context":"https:\/\/schema.org","@graph":[{"@type":"WebPage","@id":"https:\/\/www.sinpro-rio.org.br\/principal\/ac-es-afirmativas-no-ingresso-aos-cursos-de-graduac-o-em-2010\/","url":"https:\/\/www.sinpro-rio.org.br\/principal\/ac-es-afirmativas-no-ingresso-aos-cursos-de-graduac-o-em-2010\/","name":"A\u00e7\u00f5es Afirmativas no Ingresso aos Cursos de Gradua\u00e7\u00e3o em 2010 - Sinpro-Rio","isPartOf":{"@id":"https:\/\/www.sinpro-rio.org.br\/principal\/#website"},"datePublished":"2009-01-01T00:00:00+00:00","author":{"@id":"https:\/\/www.sinpro-rio.org.br\/principal\/#\/schema\/person\/49feb585a2f57a31a6bd9f16f78e5be6"},"breadcrumb":{"@id":"https:\/\/www.sinpro-rio.org.br\/principal\/ac-es-afirmativas-no-ingresso-aos-cursos-de-graduac-o-em-2010\/#breadcrumb"},"inLanguage":"pt-BR","potentialAction":[{"@type":"ReadAction","target":["https:\/\/www.sinpro-rio.org.br\/principal\/ac-es-afirmativas-no-ingresso-aos-cursos-de-graduac-o-em-2010\/"]}]},{"@type":"BreadcrumbList","@id":"https:\/\/www.sinpro-rio.org.br\/principal\/ac-es-afirmativas-no-ingresso-aos-cursos-de-graduac-o-em-2010\/#breadcrumb","itemListElement":[{"@type":"ListItem","position":1,"name":"In\u00edcio","item":"https:\/\/www.sinpro-rio.org.br\/principal\/"},{"@type":"ListItem","position":2,"name":"A\u00e7\u00f5es Afirmativas no Ingresso aos Cursos de Gradua\u00e7\u00e3o em 2010"}]},{"@type":"WebSite","@id":"https:\/\/www.sinpro-rio.org.br\/principal\/#website","url":"https:\/\/www.sinpro-rio.org.br\/principal\/","name":"Sinpro-Rio","description":"Sindicato dos Professores do Munic\u00edpio do Rio de Janeiro e Regi\u00e3o","potentialAction":[{"@type":"SearchAction","target":{"@type":"EntryPoint","urlTemplate":"https:\/\/www.sinpro-rio.org.br\/principal\/?s={search_term_string}"},"query-input":{"@type":"PropertyValueSpecification","valueRequired":true,"valueName":"search_term_string"}}],"inLanguage":"pt-BR"},{"@type":"Person","@id":"https:\/\/www.sinpro-rio.org.br\/principal\/#\/schema\/person\/49feb585a2f57a31a6bd9f16f78e5be6","name":"rafaelrjp","image":{"@type":"ImageObject","inLanguage":"pt-BR","@id":"https:\/\/www.sinpro-rio.org.br\/principal\/#\/schema\/person\/image\/","url":"https:\/\/secure.gravatar.com\/avatar\/489371a0ba4655c340b519882c68cf68?s=96&d=mm&r=g","contentUrl":"https:\/\/secure.gravatar.com\/avatar\/489371a0ba4655c340b519882c68cf68?s=96&d=mm&r=g","caption":"rafaelrjp"},"url":"https:\/\/www.sinpro-rio.org.br\/principal\/author\/rafaelrjp\/"}]}},"_links":{"self":[{"href":"https:\/\/www.sinpro-rio.org.br\/principal\/wp-json\/wp\/v2\/posts\/20776","targetHints":{"allow":["GET"]}}],"collection":[{"href":"https:\/\/www.sinpro-rio.org.br\/principal\/wp-json\/wp\/v2\/posts"}],"about":[{"href":"https:\/\/www.sinpro-rio.org.br\/principal\/wp-json\/wp\/v2\/types\/post"}],"author":[{"embeddable":true,"href":"https:\/\/www.sinpro-rio.org.br\/principal\/wp-json\/wp\/v2\/users\/1"}],"replies":[{"embeddable":true,"href":"https:\/\/www.sinpro-rio.org.br\/principal\/wp-json\/wp\/v2\/comments?post=20776"}],"version-history":[{"count":0,"href":"https:\/\/www.sinpro-rio.org.br\/principal\/wp-json\/wp\/v2\/posts\/20776\/revisions"}],"wp:attachment":[{"href":"https:\/\/www.sinpro-rio.org.br\/principal\/wp-json\/wp\/v2\/media?parent=20776"}],"wp:term":[{"taxonomy":"category","embeddable":true,"href":"https:\/\/www.sinpro-rio.org.br\/principal\/wp-json\/wp\/v2\/categories?post=20776"},{"taxonomy":"post_tag","embeddable":true,"href":"https:\/\/www.sinpro-rio.org.br\/principal\/wp-json\/wp\/v2\/tags?post=20776"}],"curies":[{"name":"wp","href":"https:\/\/api.w.org\/{rel}","templated":true}]}}