{"id":20768,"date":"2009-01-01T00:00:00","date_gmt":"2009-01-01T00:00:00","guid":{"rendered":""},"modified":"-0001-11-30T00:00:00","modified_gmt":"-0001-11-30T03:00:00","slug":"assembleia-ira-eleger-delegados-do-sinpro-rio-para-o-vii-conatee","status":"publish","type":"post","link":"https:\/\/www.sinpro-rio.org.br\/principal\/assembleia-ira-eleger-delegados-do-sinpro-rio-para-o-vii-conatee\/","title":{"rendered":"Assembleia ir\u00e1 eleger delegados do Sinpro-Rio para o VII CONATEE"},"content":{"rendered":"<div class=\"alvo1\">\n<p>No dia 06 de julho, \u00e0s 18h, ser\u00e1 realizada a Assembleia Geral Extraordin\u00e1ria, no audit\u00f3rio da Sede do Sindicato, para deliberar sobre a elei\u00e7\u00e3o dos delegados do Sinpro-Rio para o VII CONATEE (Congresso Nacional da Confedera\u00e7\u00e3o Nacional dos Trabalhadores em Estabelecimentos de Ensino), que ser\u00e1 realizado nos dias 28, 29, 30 de agosto de 2009, em S\u00e3o Paulo. \u00c9 importante lembrar que s\u00f3 poder\u00e3o votar e serem votados os associados do Sinpro-Rio em dia com suas mensalidades. \n<\/p>\n<\/div>\n","protected":false},"excerpt":{"rendered":"<p>No dia 06 de julho, \u00e0s 18h, ser\u00e1 realizada a Assembleia Geral Extraordin\u00e1ria, no audit\u00f3rio da Sede do Sindicato, para deliberar sobre a elei\u00e7\u00e3o dos delegados do Sinpro-Rio para o VII CONATEE (Congresso Nacional da Confedera\u00e7\u00e3o Nacional dos Trabalhadores em Estabelecimentos de Ensino), que ser\u00e1 realizado nos dias 28, 29, 30 de agosto de 2009, [&hellip;]<\/p>\n","protected":false},"author":1,"featured_media":0,"comment_status":"closed","ping_status":"open","sticky":false,"template":"","format":"standard","meta":{"footnotes":""},"categories":[1],"tags":[],"class_list":["post-20768","post","type-post","status-publish","format-standard","hentry","category-noticias"],"yoast_head":"<!-- This site is optimized with the Yoast SEO plugin v25.7 - https:\/\/yoast.com\/wordpress\/plugins\/seo\/ -->\n<title>Assembleia ir\u00e1 eleger delegados do Sinpro-Rio para o VII CONATEE - Sinpro-Rio<\/title>\n<meta name=\"robots\" content=\"index, follow, max-snippet:-1, max-image-preview:large, max-video-preview:-1\" \/>\n<link rel=\"canonical\" href=\"https:\/\/www.sinpro-rio.org.br\/principal\/assembleia-ira-eleger-delegados-do-sinpro-rio-para-o-vii-conatee\/\" \/>\n<meta property=\"og:locale\" content=\"pt_BR\" \/>\n<meta property=\"og:type\" content=\"article\" \/>\n<meta property=\"og:title\" content=\"Assembleia ir\u00e1 eleger delegados do Sinpro-Rio para o VII CONATEE - Sinpro-Rio\" \/>\n<meta property=\"og:description\" content=\"No dia 06 de julho, \u00e0s 18h, ser\u00e1 realizada a Assembleia Geral Extraordin\u00e1ria, no audit\u00f3rio da Sede do Sindicato, para deliberar sobre a elei\u00e7\u00e3o dos delegados do Sinpro-Rio para o VII CONATEE (Congresso Nacional da Confedera\u00e7\u00e3o Nacional dos Trabalhadores em Estabelecimentos de Ensino), que ser\u00e1 realizado nos dias 28, 29, 30 de agosto de 2009, [&hellip;]\" \/>\n<meta property=\"og:url\" content=\"https:\/\/www.sinpro-rio.org.br\/principal\/assembleia-ira-eleger-delegados-do-sinpro-rio-para-o-vii-conatee\/\" \/>\n<meta property=\"og:site_name\" content=\"Sinpro-Rio\" \/>\n<meta property=\"article:published_time\" content=\"2009-01-01T00:00:00+00:00\" \/>\n<meta name=\"author\" content=\"rafaelrjp\" \/>\n<meta name=\"twitter:card\" content=\"summary_large_image\" \/>\n<meta name=\"twitter:label1\" content=\"Escrito por\" \/>\n\t<meta name=\"twitter:data1\" content=\"rafaelrjp\" \/>\n<script type=\"application\/ld+json\" class=\"yoast-schema-graph\">{\"@context\":\"https:\/\/schema.org\",\"@graph\":[{\"@type\":\"WebPage\",\"@id\":\"https:\/\/www.sinpro-rio.org.br\/principal\/assembleia-ira-eleger-delegados-do-sinpro-rio-para-o-vii-conatee\/\",\"url\":\"https:\/\/www.sinpro-rio.org.br\/principal\/assembleia-ira-eleger-delegados-do-sinpro-rio-para-o-vii-conatee\/\",\"name\":\"Assembleia ir\u00e1 eleger delegados do Sinpro-Rio para o VII CONATEE - Sinpro-Rio\",\"isPartOf\":{\"@id\":\"https:\/\/www.sinpro-rio.org.br\/principal\/#website\"},\"datePublished\":\"2009-01-01T00:00:00+00:00\",\"author\":{\"@id\":\"https:\/\/www.sinpro-rio.org.br\/principal\/#\/schema\/person\/49feb585a2f57a31a6bd9f16f78e5be6\"},\"breadcrumb\":{\"@id\":\"https:\/\/www.sinpro-rio.org.br\/principal\/assembleia-ira-eleger-delegados-do-sinpro-rio-para-o-vii-conatee\/#breadcrumb\"},\"inLanguage\":\"pt-BR\",\"potentialAction\":[{\"@type\":\"ReadAction\",\"target\":[\"https:\/\/www.sinpro-rio.org.br\/principal\/assembleia-ira-eleger-delegados-do-sinpro-rio-para-o-vii-conatee\/\"]}]},{\"@type\":\"BreadcrumbList\",\"@id\":\"https:\/\/www.sinpro-rio.org.br\/principal\/assembleia-ira-eleger-delegados-do-sinpro-rio-para-o-vii-conatee\/#breadcrumb\",\"itemListElement\":[{\"@type\":\"ListItem\",\"position\":1,\"name\":\"In\u00edcio\",\"item\":\"https:\/\/www.sinpro-rio.org.br\/principal\/\"},{\"@type\":\"ListItem\",\"position\":2,\"name\":\"Assembleia ir\u00e1 eleger delegados do Sinpro-Rio para o VII CONATEE\"}]},{\"@type\":\"WebSite\",\"@id\":\"https:\/\/www.sinpro-rio.org.br\/principal\/#website\",\"url\":\"https:\/\/www.sinpro-rio.org.br\/principal\/\",\"name\":\"Sinpro-Rio\",\"description\":\"Sindicato dos Professores do Munic\u00edpio do Rio de Janeiro e Regi\u00e3o\",\"potentialAction\":[{\"@type\":\"SearchAction\",\"target\":{\"@type\":\"EntryPoint\",\"urlTemplate\":\"https:\/\/www.sinpro-rio.org.br\/principal\/?s={search_term_string}\"},\"query-input\":{\"@type\":\"PropertyValueSpecification\",\"valueRequired\":true,\"valueName\":\"search_term_string\"}}],\"inLanguage\":\"pt-BR\"},{\"@type\":\"Person\",\"@id\":\"https:\/\/www.sinpro-rio.org.br\/principal\/#\/schema\/person\/49feb585a2f57a31a6bd9f16f78e5be6\",\"name\":\"rafaelrjp\",\"image\":{\"@type\":\"ImageObject\",\"inLanguage\":\"pt-BR\",\"@id\":\"https:\/\/www.sinpro-rio.org.br\/principal\/#\/schema\/person\/image\/\",\"url\":\"https:\/\/secure.gravatar.com\/avatar\/489371a0ba4655c340b519882c68cf68?s=96&d=mm&r=g\",\"contentUrl\":\"https:\/\/secure.gravatar.com\/avatar\/489371a0ba4655c340b519882c68cf68?s=96&d=mm&r=g\",\"caption\":\"rafaelrjp\"},\"url\":\"https:\/\/www.sinpro-rio.org.br\/principal\/author\/rafaelrjp\/\"}]}<\/script>\n<!-- \/ Yoast SEO plugin. -->","yoast_head_json":{"title":"Assembleia ir\u00e1 eleger delegados do Sinpro-Rio para o VII CONATEE - Sinpro-Rio","robots":{"index":"index","follow":"follow","max-snippet":"max-snippet:-1","max-image-preview":"max-image-preview:large","max-video-preview":"max-video-preview:-1"},"canonical":"https:\/\/www.sinpro-rio.org.br\/principal\/assembleia-ira-eleger-delegados-do-sinpro-rio-para-o-vii-conatee\/","og_locale":"pt_BR","og_type":"article","og_title":"Assembleia ir\u00e1 eleger delegados do Sinpro-Rio para o VII CONATEE - Sinpro-Rio","og_description":"No dia 06 de julho, \u00e0s 18h, ser\u00e1 realizada a Assembleia Geral Extraordin\u00e1ria, no audit\u00f3rio da Sede do Sindicato, para deliberar sobre a elei\u00e7\u00e3o dos delegados do Sinpro-Rio para o VII CONATEE (Congresso Nacional da Confedera\u00e7\u00e3o Nacional dos Trabalhadores em Estabelecimentos de Ensino), que ser\u00e1 realizado nos dias 28, 29, 30 de agosto de 2009, [&hellip;]","og_url":"https:\/\/www.sinpro-rio.org.br\/principal\/assembleia-ira-eleger-delegados-do-sinpro-rio-para-o-vii-conatee\/","og_site_name":"Sinpro-Rio","article_published_time":"2009-01-01T00:00:00+00:00","author":"rafaelrjp","twitter_card":"summary_large_image","twitter_misc":{"Escrito por":"rafaelrjp"},"schema":{"@context":"https:\/\/schema.org","@graph":[{"@type":"WebPage","@id":"https:\/\/www.sinpro-rio.org.br\/principal\/assembleia-ira-eleger-delegados-do-sinpro-rio-para-o-vii-conatee\/","url":"https:\/\/www.sinpro-rio.org.br\/principal\/assembleia-ira-eleger-delegados-do-sinpro-rio-para-o-vii-conatee\/","name":"Assembleia ir\u00e1 eleger delegados do Sinpro-Rio para o VII CONATEE - Sinpro-Rio","isPartOf":{"@id":"https:\/\/www.sinpro-rio.org.br\/principal\/#website"},"datePublished":"2009-01-01T00:00:00+00:00","author":{"@id":"https:\/\/www.sinpro-rio.org.br\/principal\/#\/schema\/person\/49feb585a2f57a31a6bd9f16f78e5be6"},"breadcrumb":{"@id":"https:\/\/www.sinpro-rio.org.br\/principal\/assembleia-ira-eleger-delegados-do-sinpro-rio-para-o-vii-conatee\/#breadcrumb"},"inLanguage":"pt-BR","potentialAction":[{"@type":"ReadAction","target":["https:\/\/www.sinpro-rio.org.br\/principal\/assembleia-ira-eleger-delegados-do-sinpro-rio-para-o-vii-conatee\/"]}]},{"@type":"BreadcrumbList","@id":"https:\/\/www.sinpro-rio.org.br\/principal\/assembleia-ira-eleger-delegados-do-sinpro-rio-para-o-vii-conatee\/#breadcrumb","itemListElement":[{"@type":"ListItem","position":1,"name":"In\u00edcio","item":"https:\/\/www.sinpro-rio.org.br\/principal\/"},{"@type":"ListItem","position":2,"name":"Assembleia ir\u00e1 eleger delegados do Sinpro-Rio para o VII CONATEE"}]},{"@type":"WebSite","@id":"https:\/\/www.sinpro-rio.org.br\/principal\/#website","url":"https:\/\/www.sinpro-rio.org.br\/principal\/","name":"Sinpro-Rio","description":"Sindicato dos Professores do Munic\u00edpio do Rio de Janeiro e Regi\u00e3o","potentialAction":[{"@type":"SearchAction","target":{"@type":"EntryPoint","urlTemplate":"https:\/\/www.sinpro-rio.org.br\/principal\/?s={search_term_string}"},"query-input":{"@type":"PropertyValueSpecification","valueRequired":true,"valueName":"search_term_string"}}],"inLanguage":"pt-BR"},{"@type":"Person","@id":"https:\/\/www.sinpro-rio.org.br\/principal\/#\/schema\/person\/49feb585a2f57a31a6bd9f16f78e5be6","name":"rafaelrjp","image":{"@type":"ImageObject","inLanguage":"pt-BR","@id":"https:\/\/www.sinpro-rio.org.br\/principal\/#\/schema\/person\/image\/","url":"https:\/\/secure.gravatar.com\/avatar\/489371a0ba4655c340b519882c68cf68?s=96&d=mm&r=g","contentUrl":"https:\/\/secure.gravatar.com\/avatar\/489371a0ba4655c340b519882c68cf68?s=96&d=mm&r=g","caption":"rafaelrjp"},"url":"https:\/\/www.sinpro-rio.org.br\/principal\/author\/rafaelrjp\/"}]}},"_links":{"self":[{"href":"https:\/\/www.sinpro-rio.org.br\/principal\/wp-json\/wp\/v2\/posts\/20768","targetHints":{"allow":["GET"]}}],"collection":[{"href":"https:\/\/www.sinpro-rio.org.br\/principal\/wp-json\/wp\/v2\/posts"}],"about":[{"href":"https:\/\/www.sinpro-rio.org.br\/principal\/wp-json\/wp\/v2\/types\/post"}],"author":[{"embeddable":true,"href":"https:\/\/www.sinpro-rio.org.br\/principal\/wp-json\/wp\/v2\/users\/1"}],"replies":[{"embeddable":true,"href":"https:\/\/www.sinpro-rio.org.br\/principal\/wp-json\/wp\/v2\/comments?post=20768"}],"version-history":[{"count":0,"href":"https:\/\/www.sinpro-rio.org.br\/principal\/wp-json\/wp\/v2\/posts\/20768\/revisions"}],"wp:attachment":[{"href":"https:\/\/www.sinpro-rio.org.br\/principal\/wp-json\/wp\/v2\/media?parent=20768"}],"wp:term":[{"taxonomy":"category","embeddable":true,"href":"https:\/\/www.sinpro-rio.org.br\/principal\/wp-json\/wp\/v2\/categories?post=20768"},{"taxonomy":"post_tag","embeddable":true,"href":"https:\/\/www.sinpro-rio.org.br\/principal\/wp-json\/wp\/v2\/tags?post=20768"}],"curies":[{"name":"wp","href":"https:\/\/api.w.org\/{rel}","templated":true}]}}