{"id":20763,"date":"2009-01-01T00:00:00","date_gmt":"2009-01-01T00:00:00","guid":{"rendered":""},"modified":"2023-07-07T14:40:25","modified_gmt":"2023-07-07T17:40:25","slug":"manifesto-da-chapa-mais-oab-em-defesa-da-qualidade-do-ensino-juridico-2","status":"publish","type":"post","link":"https:\/\/www.sinpro-rio.org.br\/principal\/manifesto-da-chapa-mais-oab-em-defesa-da-qualidade-do-ensino-juridico-2\/","title":{"rendered":"Manifesto da Chapa Mais OAB em Defesa da Qualidade do Ensino Jur\u00eddico"},"content":{"rendered":"<div class=\"alvo1\">\n<p>O movimento sindical dos professores do Ensino Superior no Estado do Rio de Janeiro, atrav\u00e9s da Federa\u00e7\u00e3o dos Trabalhadores em Estabelecimento de Ensino do Estado do Rio de Janeiro, (Feteerj), teve a satisfa\u00e7\u00e3o de receber, no dia 3 de julho, a representante do n\u00facleo dos professores da Chapa Mais OAB, a diretora do Sinpro-Rio e professora de Direito Constitucional, Magna Corr\u00eaa de Lima Duarte. Professora da Est\u00e1cio e UniverCidade, Magna est\u00e1 concorrendo pela chapa e fez longa e minuciosa exposi\u00e7\u00e3o sobre as propostas da Mais OAB, com \u00eanfase para as quest\u00f5es cr\u00edticas que envolvem o Ensino Jur\u00eddico e que n\u00e3o se dissociam da crise no ensino superior.<\/p>\n<p>Tratando-se de projetos afinados com os que s\u00e3o defendidos pelos sindicatos de Professores e pela Feteerj , divulgamos para todos os professores de Direito que atuam na nossa base, o Manifesto da Chapa Mais OAB em Defesa da Qualidade do Ensino Jur\u00eddico.<\/p>\n<p>Fazem parte do n\u00facleo as professoras Daniela Muniz Bezerra de Melo (da Candido Mendes) e Victoria Sulocki (PUC-Rio). S\u00e3o candidatos \u00e0 Presid\u00eancia pela Chapa Mais OAB, o Dr. Lauro Schuch e \u00e0 Vice-presid\u00eancia, a Dra. Rita Cortez, assessora jur\u00eddica do Sinpro-Rio.<\/p>\n<p>Veja aqui o manifesto aqui \n<\/p>\n<\/div>\n","protected":false},"excerpt":{"rendered":"<p>O movimento sindical dos professores do Ensino Superior no Estado do Rio de Janeiro, atrav\u00e9s da Federa\u00e7\u00e3o dos Trabalhadores em Estabelecimento de Ensino do Estado do Rio de Janeiro, (Feteerj), teve a satisfa\u00e7\u00e3o de receber, no dia 3 de julho, a representante do n\u00facleo dos professores da Chapa Mais OAB, a diretora do Sinpro-Rio e [&hellip;]<\/p>\n","protected":false},"author":1,"featured_media":0,"comment_status":"closed","ping_status":"open","sticky":false,"template":"","format":"standard","meta":{"footnotes":""},"categories":[1],"tags":[495],"class_list":["post-20763","post","type-post","status-publish","format-standard","hentry","category-noticias","tag-estacio"],"yoast_head":"<!-- This site is optimized with the Yoast SEO plugin v25.7 - https:\/\/yoast.com\/wordpress\/plugins\/seo\/ -->\n<title>Manifesto da Chapa Mais OAB em Defesa da Qualidade do Ensino Jur\u00eddico - Sinpro-Rio<\/title>\n<meta name=\"robots\" content=\"index, follow, max-snippet:-1, max-image-preview:large, max-video-preview:-1\" \/>\n<link rel=\"canonical\" href=\"https:\/\/www.sinpro-rio.org.br\/principal\/manifesto-da-chapa-mais-oab-em-defesa-da-qualidade-do-ensino-juridico-2\/\" \/>\n<meta property=\"og:locale\" content=\"pt_BR\" \/>\n<meta property=\"og:type\" content=\"article\" \/>\n<meta property=\"og:title\" content=\"Manifesto da Chapa Mais OAB em Defesa da Qualidade do Ensino Jur\u00eddico - Sinpro-Rio\" \/>\n<meta property=\"og:description\" content=\"O movimento sindical dos professores do Ensino Superior no Estado do Rio de Janeiro, atrav\u00e9s da Federa\u00e7\u00e3o dos Trabalhadores em Estabelecimento de Ensino do Estado do Rio de Janeiro, (Feteerj), teve a satisfa\u00e7\u00e3o de receber, no dia 3 de julho, a representante do n\u00facleo dos professores da Chapa Mais OAB, a diretora do Sinpro-Rio e [&hellip;]\" \/>\n<meta property=\"og:url\" content=\"https:\/\/www.sinpro-rio.org.br\/principal\/manifesto-da-chapa-mais-oab-em-defesa-da-qualidade-do-ensino-juridico-2\/\" \/>\n<meta property=\"og:site_name\" content=\"Sinpro-Rio\" \/>\n<meta property=\"article:published_time\" content=\"2009-01-01T00:00:00+00:00\" \/>\n<meta property=\"article:modified_time\" content=\"2023-07-07T17:40:25+00:00\" \/>\n<meta name=\"author\" content=\"rafaelrjp\" \/>\n<meta name=\"twitter:card\" content=\"summary_large_image\" \/>\n<meta name=\"twitter:label1\" content=\"Escrito por\" \/>\n\t<meta name=\"twitter:data1\" content=\"rafaelrjp\" \/>\n\t<meta name=\"twitter:label2\" content=\"Est. tempo de leitura\" \/>\n\t<meta name=\"twitter:data2\" content=\"1 minuto\" \/>\n<script type=\"application\/ld+json\" class=\"yoast-schema-graph\">{\"@context\":\"https:\/\/schema.org\",\"@graph\":[{\"@type\":\"WebPage\",\"@id\":\"https:\/\/www.sinpro-rio.org.br\/principal\/manifesto-da-chapa-mais-oab-em-defesa-da-qualidade-do-ensino-juridico-2\/\",\"url\":\"https:\/\/www.sinpro-rio.org.br\/principal\/manifesto-da-chapa-mais-oab-em-defesa-da-qualidade-do-ensino-juridico-2\/\",\"name\":\"Manifesto da Chapa Mais OAB em Defesa da Qualidade do Ensino Jur\u00eddico - Sinpro-Rio\",\"isPartOf\":{\"@id\":\"https:\/\/www.sinpro-rio.org.br\/principal\/#website\"},\"datePublished\":\"2009-01-01T00:00:00+00:00\",\"dateModified\":\"2023-07-07T17:40:25+00:00\",\"author\":{\"@id\":\"https:\/\/www.sinpro-rio.org.br\/principal\/#\/schema\/person\/49feb585a2f57a31a6bd9f16f78e5be6\"},\"breadcrumb\":{\"@id\":\"https:\/\/www.sinpro-rio.org.br\/principal\/manifesto-da-chapa-mais-oab-em-defesa-da-qualidade-do-ensino-juridico-2\/#breadcrumb\"},\"inLanguage\":\"pt-BR\",\"potentialAction\":[{\"@type\":\"ReadAction\",\"target\":[\"https:\/\/www.sinpro-rio.org.br\/principal\/manifesto-da-chapa-mais-oab-em-defesa-da-qualidade-do-ensino-juridico-2\/\"]}]},{\"@type\":\"BreadcrumbList\",\"@id\":\"https:\/\/www.sinpro-rio.org.br\/principal\/manifesto-da-chapa-mais-oab-em-defesa-da-qualidade-do-ensino-juridico-2\/#breadcrumb\",\"itemListElement\":[{\"@type\":\"ListItem\",\"position\":1,\"name\":\"In\u00edcio\",\"item\":\"https:\/\/www.sinpro-rio.org.br\/principal\/\"},{\"@type\":\"ListItem\",\"position\":2,\"name\":\"Manifesto da Chapa Mais OAB em Defesa da Qualidade do Ensino Jur\u00eddico\"}]},{\"@type\":\"WebSite\",\"@id\":\"https:\/\/www.sinpro-rio.org.br\/principal\/#website\",\"url\":\"https:\/\/www.sinpro-rio.org.br\/principal\/\",\"name\":\"Sinpro-Rio\",\"description\":\"Sindicato dos Professores do Munic\u00edpio do Rio de Janeiro e Regi\u00e3o\",\"potentialAction\":[{\"@type\":\"SearchAction\",\"target\":{\"@type\":\"EntryPoint\",\"urlTemplate\":\"https:\/\/www.sinpro-rio.org.br\/principal\/?s={search_term_string}\"},\"query-input\":{\"@type\":\"PropertyValueSpecification\",\"valueRequired\":true,\"valueName\":\"search_term_string\"}}],\"inLanguage\":\"pt-BR\"},{\"@type\":\"Person\",\"@id\":\"https:\/\/www.sinpro-rio.org.br\/principal\/#\/schema\/person\/49feb585a2f57a31a6bd9f16f78e5be6\",\"name\":\"rafaelrjp\",\"image\":{\"@type\":\"ImageObject\",\"inLanguage\":\"pt-BR\",\"@id\":\"https:\/\/www.sinpro-rio.org.br\/principal\/#\/schema\/person\/image\/\",\"url\":\"https:\/\/secure.gravatar.com\/avatar\/489371a0ba4655c340b519882c68cf68?s=96&d=mm&r=g\",\"contentUrl\":\"https:\/\/secure.gravatar.com\/avatar\/489371a0ba4655c340b519882c68cf68?s=96&d=mm&r=g\",\"caption\":\"rafaelrjp\"},\"url\":\"https:\/\/www.sinpro-rio.org.br\/principal\/author\/rafaelrjp\/\"}]}<\/script>\n<!-- \/ Yoast SEO plugin. -->","yoast_head_json":{"title":"Manifesto da Chapa Mais OAB em Defesa da Qualidade do Ensino Jur\u00eddico - Sinpro-Rio","robots":{"index":"index","follow":"follow","max-snippet":"max-snippet:-1","max-image-preview":"max-image-preview:large","max-video-preview":"max-video-preview:-1"},"canonical":"https:\/\/www.sinpro-rio.org.br\/principal\/manifesto-da-chapa-mais-oab-em-defesa-da-qualidade-do-ensino-juridico-2\/","og_locale":"pt_BR","og_type":"article","og_title":"Manifesto da Chapa Mais OAB em Defesa da Qualidade do Ensino Jur\u00eddico - Sinpro-Rio","og_description":"O movimento sindical dos professores do Ensino Superior no Estado do Rio de Janeiro, atrav\u00e9s da Federa\u00e7\u00e3o dos Trabalhadores em Estabelecimento de Ensino do Estado do Rio de Janeiro, (Feteerj), teve a satisfa\u00e7\u00e3o de receber, no dia 3 de julho, a representante do n\u00facleo dos professores da Chapa Mais OAB, a diretora do Sinpro-Rio e [&hellip;]","og_url":"https:\/\/www.sinpro-rio.org.br\/principal\/manifesto-da-chapa-mais-oab-em-defesa-da-qualidade-do-ensino-juridico-2\/","og_site_name":"Sinpro-Rio","article_published_time":"2009-01-01T00:00:00+00:00","article_modified_time":"2023-07-07T17:40:25+00:00","author":"rafaelrjp","twitter_card":"summary_large_image","twitter_misc":{"Escrito por":"rafaelrjp","Est. tempo de leitura":"1 minuto"},"schema":{"@context":"https:\/\/schema.org","@graph":[{"@type":"WebPage","@id":"https:\/\/www.sinpro-rio.org.br\/principal\/manifesto-da-chapa-mais-oab-em-defesa-da-qualidade-do-ensino-juridico-2\/","url":"https:\/\/www.sinpro-rio.org.br\/principal\/manifesto-da-chapa-mais-oab-em-defesa-da-qualidade-do-ensino-juridico-2\/","name":"Manifesto da Chapa Mais OAB em Defesa da Qualidade do Ensino Jur\u00eddico - Sinpro-Rio","isPartOf":{"@id":"https:\/\/www.sinpro-rio.org.br\/principal\/#website"},"datePublished":"2009-01-01T00:00:00+00:00","dateModified":"2023-07-07T17:40:25+00:00","author":{"@id":"https:\/\/www.sinpro-rio.org.br\/principal\/#\/schema\/person\/49feb585a2f57a31a6bd9f16f78e5be6"},"breadcrumb":{"@id":"https:\/\/www.sinpro-rio.org.br\/principal\/manifesto-da-chapa-mais-oab-em-defesa-da-qualidade-do-ensino-juridico-2\/#breadcrumb"},"inLanguage":"pt-BR","potentialAction":[{"@type":"ReadAction","target":["https:\/\/www.sinpro-rio.org.br\/principal\/manifesto-da-chapa-mais-oab-em-defesa-da-qualidade-do-ensino-juridico-2\/"]}]},{"@type":"BreadcrumbList","@id":"https:\/\/www.sinpro-rio.org.br\/principal\/manifesto-da-chapa-mais-oab-em-defesa-da-qualidade-do-ensino-juridico-2\/#breadcrumb","itemListElement":[{"@type":"ListItem","position":1,"name":"In\u00edcio","item":"https:\/\/www.sinpro-rio.org.br\/principal\/"},{"@type":"ListItem","position":2,"name":"Manifesto da Chapa Mais OAB em Defesa da Qualidade do Ensino Jur\u00eddico"}]},{"@type":"WebSite","@id":"https:\/\/www.sinpro-rio.org.br\/principal\/#website","url":"https:\/\/www.sinpro-rio.org.br\/principal\/","name":"Sinpro-Rio","description":"Sindicato dos Professores do Munic\u00edpio do Rio de Janeiro e Regi\u00e3o","potentialAction":[{"@type":"SearchAction","target":{"@type":"EntryPoint","urlTemplate":"https:\/\/www.sinpro-rio.org.br\/principal\/?s={search_term_string}"},"query-input":{"@type":"PropertyValueSpecification","valueRequired":true,"valueName":"search_term_string"}}],"inLanguage":"pt-BR"},{"@type":"Person","@id":"https:\/\/www.sinpro-rio.org.br\/principal\/#\/schema\/person\/49feb585a2f57a31a6bd9f16f78e5be6","name":"rafaelrjp","image":{"@type":"ImageObject","inLanguage":"pt-BR","@id":"https:\/\/www.sinpro-rio.org.br\/principal\/#\/schema\/person\/image\/","url":"https:\/\/secure.gravatar.com\/avatar\/489371a0ba4655c340b519882c68cf68?s=96&d=mm&r=g","contentUrl":"https:\/\/secure.gravatar.com\/avatar\/489371a0ba4655c340b519882c68cf68?s=96&d=mm&r=g","caption":"rafaelrjp"},"url":"https:\/\/www.sinpro-rio.org.br\/principal\/author\/rafaelrjp\/"}]}},"_links":{"self":[{"href":"https:\/\/www.sinpro-rio.org.br\/principal\/wp-json\/wp\/v2\/posts\/20763","targetHints":{"allow":["GET"]}}],"collection":[{"href":"https:\/\/www.sinpro-rio.org.br\/principal\/wp-json\/wp\/v2\/posts"}],"about":[{"href":"https:\/\/www.sinpro-rio.org.br\/principal\/wp-json\/wp\/v2\/types\/post"}],"author":[{"embeddable":true,"href":"https:\/\/www.sinpro-rio.org.br\/principal\/wp-json\/wp\/v2\/users\/1"}],"replies":[{"embeddable":true,"href":"https:\/\/www.sinpro-rio.org.br\/principal\/wp-json\/wp\/v2\/comments?post=20763"}],"version-history":[{"count":1,"href":"https:\/\/www.sinpro-rio.org.br\/principal\/wp-json\/wp\/v2\/posts\/20763\/revisions"}],"predecessor-version":[{"id":36108,"href":"https:\/\/www.sinpro-rio.org.br\/principal\/wp-json\/wp\/v2\/posts\/20763\/revisions\/36108"}],"wp:attachment":[{"href":"https:\/\/www.sinpro-rio.org.br\/principal\/wp-json\/wp\/v2\/media?parent=20763"}],"wp:term":[{"taxonomy":"category","embeddable":true,"href":"https:\/\/www.sinpro-rio.org.br\/principal\/wp-json\/wp\/v2\/categories?post=20763"},{"taxonomy":"post_tag","embeddable":true,"href":"https:\/\/www.sinpro-rio.org.br\/principal\/wp-json\/wp\/v2\/tags?post=20763"}],"curies":[{"name":"wp","href":"https:\/\/api.w.org\/{rel}","templated":true}]}}